{"id":15173,"date":"2018-12-21T16:10:54","date_gmt":"2018-12-21T15:10:54","guid":{"rendered":"http:\/\/www.ades-grenoble.org\/wordpress\/?p=15173"},"modified":"2018-12-21T16:44:22","modified_gmt":"2018-12-21T15:44:22","slug":"des-nouvelles-sur-le-renouvellement-urbain-avancees-du-projet-anru","status":"publish","type":"post","link":"https:\/\/www.ades-grenoble.org\/wordpress\/2018\/12\/21\/des-nouvelles-sur-le-renouvellement-urbain-avancees-du-projet-anru\/","title":{"rendered":"Des nouvelles sur le renouvellement urbain : avanc\u00e9es du projet ANRU"},"content":{"rendered":"<p style=\"text-align: justify;\"><img loading=\"lazy\" decoding=\"async\" class=\"size-medium wp-image-9887 alignleft\" src=\"http:\/\/www.ades-grenoble.org\/wordpress\/wp-content\/uploads\/2015\/03\/50Arlequin-300x200.jpg\" alt=\"\" width=\"300\" height=\"200\" srcset=\"https:\/\/www.ades-grenoble.org\/wordpress\/wp-content\/uploads\/2015\/03\/50Arlequin-300x200.jpg 300w, https:\/\/www.ades-grenoble.org\/wordpress\/wp-content\/uploads\/2015\/03\/50Arlequin-150x100.jpg 150w, https:\/\/www.ades-grenoble.org\/wordpress\/wp-content\/uploads\/2015\/03\/50Arlequin.jpg 350w\" sizes=\"auto, (max-width: 300px) 100vw, 300px\" \/>Le Conseil municipal du 17 d\u00e9cembre a d\u00e9battu des orientations du projet de renouvellement urbain des Villeneuves (Grenoble et Echirolles) port\u00e9 par la m\u00e9tropole (et d\u00e9j\u00e0 amplement d\u00e9battu dans la ville) et a approuv\u00e9 la signature de la charte nationale \u00ab\u00a0Ecoquartier\u00a0\u00bb. La phase de signature avec l\u2019ANRU aura lieu avant la fin du 1<sup>er<\/sup> trimestre 2019 et permettra de fixer le montant de l\u2019enveloppe financi\u00e8re pour l\u2019ensemble des travaux qui vont se d\u00e9rouler durant les ann\u00e9es \u00e0 venir. Il est essentiel de bien r\u00e9ussir la premi\u00e8re phase afin d\u2019aborder la clause de revoyure en 2022 qui d\u00e9pendra beaucoup de la qualit\u00e9 des actions men\u00e9es auparavant, notamment pour bien d\u00e9montrer que ce ne sont pas les d\u00e9molitions qui priment mais bien tout l\u2019accompagnement social et la qualit\u00e9 de vie qui permettront de changer positivement ces quartiers.<\/p>\n<p style=\"text-align: justify;\">La d\u00e9lib\u00e9ration pr\u00e9sente les orientations du projet mais ne valide pas de montant d\u00e9finitif. Cela sera fait \u00e0 l\u2019occasion de la convention qui devrait \u00eatre soumise au conseil municipal du 4 f\u00e9vrier 2019.<\/p>\n<p style=\"text-align: justify;\">Voici de larges extraits de l\u2019intervention de Maryvonne Boileau conseill\u00e8re municipale d\u00e9l\u00e9gu\u00e9e \u00e0 la politique de la ville\u00a0:<\/p>\n<p style=\"text-align: justify;\"><!--more--><em>\u00ab\u00a0Pour rappel : cette r\u00e9novation a commenc\u00e9 avec l\u2019ANRU 1 qui envisageait davantage de d\u00e9molitions, mais les temps ont chang\u00e9 et nous avons choisi des transformations avec un minimum de d\u00e9molitions de logements. Le plan de sauvegarde des copropri\u00e9t\u00e9s est une premi\u00e8re \u00e9tape accept\u00e9e et financ\u00e9e par l\u2019ANRU et le maintien du 10 Arlequin sont une preuve tangible de cette volont\u00e9\u2026<\/em><\/p>\n<p style=\"text-align: justify;\"><em>Les atouts des Villeneuves sont importants\u00a0: situ\u00e9es au centre du p\u00e9rim\u00e8tre m\u00e9tropolitain, des commerces, des services, des entreprises, des transports en commun, une clinique, des centres de sant\u00e9\u2026 Deux coll\u00e8ges, des \u00e9coles, des \u00e9quipements sportifs\u2026<\/em><\/p>\n<p style=\"text-align: justify;\"><em>De nombreux logements dont 50 % de logements priv\u00e9s et 50% % de logements sociaux et sp\u00e9cifiques, centres d\u2019h\u00e9bergement, de personnes handicap\u00e9es et d\u2019\u00e9tudiants. Mais \u00e9galement un grand parc, le 3<sup>\u00e8me<\/sup> parc de la ville de Grenoble.<\/em><\/p>\n<p style=\"text-align: justify;\"><em>Un engagement financier fort de la Ville et de la m\u00e9tropole pour Villeneuve et Village Olympique. L\u2019engagement financier de Ville de Grenoble, aux c\u00f4t\u00e9s des autres partenaires, est tr\u00e8s important puisque sur la dur\u00e9e de la convention, ce sont environ 26M\u20ac.<\/em><\/p>\n<p style=\"text-align: justify;\"><em>Pourquoi de possibles changements de montants entre la d\u00e9lib\u00e9ration et la future convention\u00a0?<\/em><\/p>\n<p style=\"text-align: justify;\"><em>Les montants pr\u00e9sent\u00e9s dans la d\u00e9lib\u00e9ration sont ceux qui ont \u00e9t\u00e9 pr\u00e9sent\u00e9s et arbitr\u00e9s \u00e0 l\u2019occasion du comit\u00e9 d\u2019engagement de juillet 2017. Le travail technique et des changements notamment de Fiches Analytiques et Techniques (FAT) de l\u2019ANRU peuvent amener \u00e0 des modifications \u00e0 la marge des montants financiers.<\/em><\/p>\n<p style=\"text-align: justify;\"><em>Pourquoi une clause de revoyure\u00a0?<\/em><\/p>\n<p style=\"text-align: justify;\"><em>Le nombre et le co\u00fbt des r\u00e9habilitations de logement dans le projet est exceptionnel par rapport \u00e0 d\u2019autres projets. Les partenaires financiers si\u00e9geant au Comit\u00e9 d\u2019Engagement de l\u2019ANRU n\u2019ont pas souhait\u00e9 s\u2019engager d\u00e8s \u00e0 pr\u00e9sent sur la r\u00e9habilitation de l\u2019ensemble de la galerie de l\u2019Arlequin comme pr\u00e9sent\u00e9 initialement \u00e0 l\u2019occasion de la Revue Technique Partenariale de mars 2017. Ils ne sont pas convaincus du changement d\u2019image et de dynamique qui serait g\u00e9n\u00e9r\u00e9 par ces r\u00e9habilitations. Plut\u00f4t que d\u2019arriver \u00e0 une situation de blocage, nuisible \u00e0 l\u2019ensemble du projet m\u00e9tropolitain (Mistral, Echirolles, Saint Martin d\u2019H\u00e8res), il a \u00e9t\u00e9 propos\u00e9 d\u2019avancer sur les r\u00e9habilitations du Nord et du Sud de l\u2019Arlequin et de faire un point d\u2019\u00e9tape \u2013 clause de revoyure vers 2022\u2026<\/em><\/p>\n<p><em>Le coll\u00e8ge Lucie Aubrac\u00a0: hors de la convention ANRU mais en coh\u00e9rence avec le projet urbain, la relocalisation du coll\u00e8ge est actuellement travaill\u00e9e avec les services et \u00e9lus du D\u00e9partement. Suite \u00e0 une consultation des habitants de Villeneuve r\u00e9alis\u00e9e par le D\u00e9partement fin 2017, le souhait du D\u00e9partement s\u2019est port\u00e9 sur une relocalisation dans le parc Jean Verlhac, en proximit\u00e9 de l\u2019avenue de la Bruy\u00e8re.<\/em><\/p>\n<p><em>L\u2019ex-piscine IRIS\u00a0: le devenir de la piscine IRIS \u00e9tait initialement int\u00e9gr\u00e9e \u00e0 \u00ab\u00a0Gren\u2019de Projets\u00a0\u00bb. Les projets d\u00e9pos\u00e9s dans ce cadre ne rassemblaient pas les conditions pour \u00eatre laur\u00e9ats de l\u2019appel \u00e0 projet (viabilit\u00e9 \u00e9conomique notamment). La dynamique du collectif IRIS se construit avec ses forces et ses faiblesses. N\u00e9anmoins, la Ville se donne ainsi toutes les possibilit\u00e9s pour accompagner un projet issu du territoire dans le lieu.<\/em><\/p>\n<p style=\"text-align: justify;\"><em>En r\u00e9sumant les avis de nombreux habitant-es rencontr\u00e9-es depuis 2014 et avant\u00a0: il ressort que les habitant-es actuels, restent attach\u00e9s \u00e0 ce territoire, pour son histoire, mais aussi et surtout pour l\u2019environnement qui est un atout pour un avenir dans une ville qui subit comme d\u2019autres mais parfois un peu plus, le r\u00e9chauffement climatique en raison de sa situation dans une cuvette, mais la plupart demandent que leur vie puisse s\u2019am\u00e9liorer dans cette partie de la ville, avec plus de s\u00e9curit\u00e9, les parents souhaitent que leurs enfants aient plus de chances d\u2019un avenir meilleur, par une am\u00e9lioration des enfants \u00e0 des \u00e9tudes qui leur permettront d\u2019avoir un m\u00e9tier choisi et non subi, enfin que les facilit\u00e9s d\u2019acc\u00e8s \u00e0 des soins de sant\u00e9 soient pr\u00e9serv\u00e9s. Les habitant-es ont pleinement conscience de la qualit\u00e9 de leur environnement gr\u00e2ce \u00e0 des logements bien situ\u00e9s qui se doivent d\u2019\u00eatre r\u00e9nov\u00e9s pour diminuer le montant des charges, et gr\u00e2ce \u00e0 un parc de 14 ha.<\/em><\/p>\n<p style=\"text-align: justify;\"><em>Nous devons r\u00e9ussir ce projet audacieux, qui est l\u2019un des plus importants en France qui va se d\u00e9rouler sur deux communes. Il va se r\u00e9aliser en m\u00eame temps que la construction de la Centralit\u00e9 Sud, c\u2019est donc bien l\u2019avenir de la M\u00e9tropole qui commence \u00e0 s\u2019\u00e9crire ici comme dans tous les autres p\u00f4les de centralit\u00e9 de notre collectivit\u00e9 en devenir. Les habitant-es tant d\u2019Echirolles que de Grenoble, sont \u00e0 la fois en attente et acteurs, comme par exemple les copropri\u00e9taires lesquels votent progressivement lors de leurs AG de copropri\u00e9t\u00e9s, les travaux qui sont essentiels \u00e0 l\u2019am\u00e9lioration de ces constructions qui ont bient\u00f4t 50 ans, notamment pour l\u2019am\u00e9lioration du confort d\u2019hiver et d\u2019\u00e9t\u00e9. <\/em><\/p>\n<p style=\"text-align: justify;\"><em>Mais nous devons surtout r\u00e9ussir ce projet, parce que les habitant-es nous demandent d\u2019am\u00e9liorer leur qualit\u00e9 de vie dans leur quartier d\u2019habitation ou de travail, et qu\u2019ils comptent sur la puissance publique pour la r\u00e9alisation. Toutefois, nombreux sont ceux qui nous disent combien ils savent aussi que c\u2019est par un engagement individuel et collectif de tous, puissance publique, associations et habitant-es que nous pourrons continuer \u00e0 \u00e9crire de nouvelles pages de bien vivre dans les Villeneuves et au Village Olympique.\u00a0\u00bb <\/em><\/p>\n","protected":false},"excerpt":{"rendered":"<p>Le Conseil municipal du 17 d\u00e9cembre a d\u00e9battu des orientations du projet de renouvellement urbain des Villeneuves (Grenoble et Echirolles) port\u00e9 par la m\u00e9tropole (et d\u00e9j\u00e0 amplement d\u00e9battu dans la ville) et a approuv\u00e9 la signature de la charte nationale \u00ab\u00a0Ecoquartier\u00a0\u00bb. La phase de signature avec l\u2019ANRU aura lieu avant la fin du 1er trimestre [&hellip;]<\/p>\n","protected":false},"author":1,"featured_media":0,"comment_status":"closed","ping_status":"open","sticky":false,"template":"","format":"standard","meta":{"twitterCardType":"","cardImageID":0,"cardImage":"","cardTitle":"","cardDesc":"","cardImageAlt":"","cardPlayer":"","cardPlayerWidth":0,"cardPlayerHeight":0,"cardPlayerStream":"","cardPlayerCodec":"","footnotes":""},"categories":[62,11],"tags":[33,65,82],"class_list":["post-15173","post","type-post","status-publish","format-standard","hentry","category-le-rouge-le-vert-hebdo","category-politique-locale","tag-social","tag-urbanisme","tag-villeneuve"],"_links":{"self":[{"href":"https:\/\/www.ades-grenoble.org\/wordpress\/wp-json\/wp\/v2\/posts\/15173","targetHints":{"allow":["GET"]}}],"collection":[{"href":"https:\/\/www.ades-grenoble.org\/wordpress\/wp-json\/wp\/v2\/posts"}],"about":[{"href":"https:\/\/www.ades-grenoble.org\/wordpress\/wp-json\/wp\/v2\/types\/post"}],"author":[{"embeddable":true,"href":"https:\/\/www.ades-grenoble.org\/wordpress\/wp-json\/wp\/v2\/users\/1"}],"replies":[{"embeddable":true,"href":"https:\/\/www.ades-grenoble.org\/wordpress\/wp-json\/wp\/v2\/comments?post=15173"}],"version-history":[{"count":1,"href":"https:\/\/www.ades-grenoble.org\/wordpress\/wp-json\/wp\/v2\/posts\/15173\/revisions"}],"predecessor-version":[{"id":15174,"href":"https:\/\/www.ades-grenoble.org\/wordpress\/wp-json\/wp\/v2\/posts\/15173\/revisions\/15174"}],"wp:attachment":[{"href":"https:\/\/www.ades-grenoble.org\/wordpress\/wp-json\/wp\/v2\/media?parent=15173"}],"wp:term":[{"taxonomy":"category","embeddable":true,"href":"https:\/\/www.ades-grenoble.org\/wordpress\/wp-json\/wp\/v2\/categories?post=15173"},{"taxonomy":"post_tag","embeddable":true,"href":"https:\/\/www.ades-grenoble.org\/wordpress\/wp-json\/wp\/v2\/tags?post=15173"}],"curies":[{"name":"wp","href":"https:\/\/api.w.org\/{rel}","templated":true}]}}