{"id":15175,"date":"2018-12-21T16:17:47","date_gmt":"2018-12-21T15:17:47","guid":{"rendered":"http:\/\/www.ades-grenoble.org\/wordpress\/?p=15175"},"modified":"2018-12-21T16:44:51","modified_gmt":"2018-12-21T15:44:51","slug":"projet-neyrpic-un-optimisme-exagere-du-maire-de-saint-martin-dheres","status":"publish","type":"post","link":"https:\/\/www.ades-grenoble.org\/wordpress\/2018\/12\/21\/projet-neyrpic-un-optimisme-exagere-du-maire-de-saint-martin-dheres\/","title":{"rendered":"Projet Neyrpic : un optimisme exag\u00e9r\u00e9 du maire de Saint-Martin d\u2019H\u00e8res"},"content":{"rendered":"<p style=\"text-align: justify;\"><img loading=\"lazy\" decoding=\"async\" class=\"size-medium wp-image-13589 alignleft\" src=\"http:\/\/www.ades-grenoble.org\/wordpress\/wp-content\/uploads\/2017\/11\/Neyrpic2-300x168.jpg\" alt=\"\" width=\"300\" height=\"168\" srcset=\"https:\/\/www.ades-grenoble.org\/wordpress\/wp-content\/uploads\/2017\/11\/Neyrpic2-300x168.jpg 300w, https:\/\/www.ades-grenoble.org\/wordpress\/wp-content\/uploads\/2017\/11\/Neyrpic2-150x84.jpg 150w, https:\/\/www.ades-grenoble.org\/wordpress\/wp-content\/uploads\/2017\/11\/Neyrpic2.jpg 400w\" sizes=\"auto, (max-width: 300px) 100vw, 300px\" \/>Lors du Conseil municipal de Saint Martin d\u2019H\u00e8res du 18 d\u00e9cembre, le maire a fait une annonce int\u00e9ressante. Au Conseil d\u2019Etat le rapporteur public aurait indiqu\u00e9 qu\u2019il consid\u00e9rait le permis de construire du premier projet comme valable, repoussant le dernier recours pouvant bloquer cet ancien projet. Il y a donc une forte probabilit\u00e9 que le premier permis de construire du projet Neyrpic soit purg\u00e9 tr\u00e8s prochainement de tout recours. Le promoteur APSYS aura donc un droit \u00e0 construire qui lui permettrait de lancer imm\u00e9diatement le premier projet puisqu\u2019il n\u2019y a pas de construction pr\u00e9vue sur la parcelle appartenant \u00e0 la m\u00e9tropole qui doit \u00eatre vendue \u00e0 Territoire 38 puis \u00e0 APSYS pour r\u00e9aliser le deuxi\u00e8me projet. Cette vente \u00e9tant attaqu\u00e9e au tribunal administratif de Grenoble et donc non purg\u00e9e de tout recours.<\/p>\n<p style=\"text-align: justify;\">Le maire n\u2019est plus favorable au premier projet et c\u2019est pourquoi il a lanc\u00e9 avec APSYS le deuxi\u00e8me, mais sans n\u00e9gocier l\u2019abandon du premier, ce qui est une grossi\u00e8re erreur.<\/p>\n<p><!--more--><\/p>\n<p style=\"text-align: justify;\">L\u2019attitude de maire a \u00e9t\u00e9 bien curieuse, puisqu\u2019il s\u2019adressait aux requ\u00e9rants contre le deuxi\u00e8me projet pour essayer de leur faire porter la responsabilit\u00e9 de ce qu\u2019il allait se passer maintenant\u00a0: soit laisser faire le 1<sup>er<\/sup> projet en continuant les recours soit les retirer.<\/p>\n<p style=\"text-align: justify;\">Il ne faudrait pas qu\u2019il oublie que c\u2019est lui qui a donn\u00e9 un droit \u00e0 construire \u00e0 APSYS pour le premier projet et que donc le promoteur pourra, sans qu\u2019il puisse s\u2019y opposer r\u00e9aliser cet ancien projet que personne ne veut plus.<\/p>\n<p style=\"text-align: justify;\">En fait il est tellement peu s\u00fbr de la l\u00e9galit\u00e9 du permis de construire du projet actuel qu\u2019il essaye de faire porter l\u2019\u00e9chec probable de ce nouveau projet aux citoyens qui n\u2019exercent que leur droit de contester la l\u00e9galit\u00e9 d\u2019un permis de construire.<\/p>\n<p style=\"text-align: justify;\">Le maire annonce que les travaux pourraient d\u00e9buter en juin 2019 si tout se passe bien.<\/p>\n<p style=\"text-align: justify;\">S\u2019il pense au projet actuel, il est d\u00e9cid\u00e9ment d\u2019un grand optimiste car il va falloir que la justice se prononce sur les quatre obstacles mis en travers de la l\u00e9galit\u00e9 du permis de construire\u00a0: l\u2019autorisation commerciale attaqu\u00e9e par des commer\u00e7ants, l\u2019autorisation de la construction attaqu\u00e9e par des habitants impact\u00e9s par l\u2019augmentation de la pollution atmosph\u00e9rique, le protocole d\u2019accord attaqu\u00e9 par des \u00e9lus qui met en cause la libert\u00e9 de commerce et enfin le d\u00e9classement de la portion de la rue Galil\u00e9e appartenant \u00e0 la m\u00e9tropole attaqu\u00e9 par des contribuables-propri\u00e9taires.<\/p>\n<p style=\"text-align: justify;\">La course d\u2019obstacle est compliqu\u00e9e et le maire va \u00eatre mis dans une situation tr\u00e8s d\u00e9licate\u00a0: il n\u2019aura plus de capacit\u00e9 de n\u00e9gociation face \u00e0 un promoteur qui aura un permis qui ne plait \u00e0 personne, mais tout \u00e0 fait valable.<\/p>\n","protected":false},"excerpt":{"rendered":"<p>Lors du Conseil municipal de Saint Martin d\u2019H\u00e8res du 18 d\u00e9cembre, le maire a fait une annonce int\u00e9ressante. Au Conseil d\u2019Etat le rapporteur public aurait indiqu\u00e9 qu\u2019il consid\u00e9rait le permis de construire du premier projet comme valable, repoussant le dernier recours pouvant bloquer cet ancien projet. Il y a donc une forte probabilit\u00e9 que le [&hellip;]<\/p>\n","protected":false},"author":1,"featured_media":0,"comment_status":"closed","ping_status":"open","sticky":false,"template":"","format":"standard","meta":{"twitterCardType":"","cardImageID":0,"cardImage":"","cardTitle":"","cardDesc":"","cardImageAlt":"","cardPlayer":"","cardPlayerWidth":0,"cardPlayerHeight":0,"cardPlayerStream":"","cardPlayerCodec":"","footnotes":""},"categories":[62,11],"tags":[202,52],"class_list":["post-15175","post","type-post","status-publish","format-standard","hentry","category-le-rouge-le-vert-hebdo","category-politique-locale","tag-commerce","tag-justice-administrative"],"_links":{"self":[{"href":"https:\/\/www.ades-grenoble.org\/wordpress\/wp-json\/wp\/v2\/posts\/15175","targetHints":{"allow":["GET"]}}],"collection":[{"href":"https:\/\/www.ades-grenoble.org\/wordpress\/wp-json\/wp\/v2\/posts"}],"about":[{"href":"https:\/\/www.ades-grenoble.org\/wordpress\/wp-json\/wp\/v2\/types\/post"}],"author":[{"embeddable":true,"href":"https:\/\/www.ades-grenoble.org\/wordpress\/wp-json\/wp\/v2\/users\/1"}],"replies":[{"embeddable":true,"href":"https:\/\/www.ades-grenoble.org\/wordpress\/wp-json\/wp\/v2\/comments?post=15175"}],"version-history":[{"count":2,"href":"https:\/\/www.ades-grenoble.org\/wordpress\/wp-json\/wp\/v2\/posts\/15175\/revisions"}],"predecessor-version":[{"id":15177,"href":"https:\/\/www.ades-grenoble.org\/wordpress\/wp-json\/wp\/v2\/posts\/15175\/revisions\/15177"}],"wp:attachment":[{"href":"https:\/\/www.ades-grenoble.org\/wordpress\/wp-json\/wp\/v2\/media?parent=15175"}],"wp:term":[{"taxonomy":"category","embeddable":true,"href":"https:\/\/www.ades-grenoble.org\/wordpress\/wp-json\/wp\/v2\/categories?post=15175"},{"taxonomy":"post_tag","embeddable":true,"href":"https:\/\/www.ades-grenoble.org\/wordpress\/wp-json\/wp\/v2\/tags?post=15175"}],"curies":[{"name":"wp","href":"https:\/\/api.w.org\/{rel}","templated":true}]}}