{"id":15187,"date":"2019-01-11T11:50:24","date_gmt":"2019-01-11T10:50:24","guid":{"rendered":"http:\/\/www.ades-grenoble.org\/wordpress\/?p=15187"},"modified":"2019-01-10T13:54:17","modified_gmt":"2019-01-10T12:54:17","slug":"pollution-lumineuse-la-reglementation-enfin-a-jour","status":"publish","type":"post","link":"https:\/\/www.ades-grenoble.org\/wordpress\/2019\/01\/11\/pollution-lumineuse-la-reglementation-enfin-a-jour\/","title":{"rendered":"Pollution lumineuse : la r\u00e9glementation enfin \u00e0 jour"},"content":{"rendered":"<p style=\"text-align: justify;\"><img loading=\"lazy\" decoding=\"async\" class=\"size-medium wp-image-9189 alignleft\" src=\"http:\/\/www.ades-grenoble.org\/wordpress\/wp-content\/uploads\/2014\/10\/GrenobleNuit-300x199.jpg\" alt=\"\" width=\"300\" height=\"199\" srcset=\"https:\/\/www.ades-grenoble.org\/wordpress\/wp-content\/uploads\/2014\/10\/GrenobleNuit-300x199.jpg 300w, https:\/\/www.ades-grenoble.org\/wordpress\/wp-content\/uploads\/2014\/10\/GrenobleNuit-150x99.jpg 150w, https:\/\/www.ades-grenoble.org\/wordpress\/wp-content\/uploads\/2014\/10\/GrenobleNuit.jpg 350w\" sizes=\"auto, (max-width: 300px) 100vw, 300px\" \/>Suite \u00e0 la forte pression du Conseil d\u2019Etat le gouvernement a d\u00fb agir sur la pollution lumineuse. Apr\u00e8s huit ans d\u2019inaction, <a href=\"https:\/\/www.legifrance.gouv.fr\/affichTexte.do?cidTexte=JORFTEXT000037864346&amp;dateTexte=&amp;categorieLien=id\" target=\"_blank\" rel=\"noopener\">l\u2019arr\u00eat\u00e9 du 27 d\u00e9cembre 2018\u00a0relatif \u00e0 la pr\u00e9vention, \u00e0 la r\u00e9duction et \u00e0 la limitation des nuisances lumineuses<\/a>,<em>\u00ab\u00a0fixe les prescriptions techniques concernant la conception et le fonctionnement des installations d&rsquo;\u00e9clairage ext\u00e9rieur destin\u00e9 \u00e0 favoriser la s\u00e9curit\u00e9 des d\u00e9placements sur l&rsquo;espace public et priv\u00e9, l&rsquo;\u00e9clairage de mise en lumi\u00e8re du patrimoine tel que d\u00e9fini \u00e0 l&rsquo;<\/em><em><a href=\"https:\/\/www.legifrance.gouv.fr\/affichCodeArticle.do?cidTexte=LEGITEXT000006074236&amp;idArticle=LEGIARTI000006845447&amp;dateTexte=29990101&amp;categorieLien=cid\">article L. 1 du code du patrimoine<\/a>, du cadre b\u00e2ti ainsi que les parcs et jardins, l&rsquo;\u00e9clairage des \u00e9quipements sportifs de plein air ou d\u00e9couvrables, l&rsquo;\u00e9clairage des b\u00e2timents non r\u00e9sidentiels, recouvrant \u00e0 la fois l&rsquo;\u00e9clairage int\u00e9rieur \u00e9mis vers l&rsquo;ext\u00e9rieur de ces b\u00e2timents et l&rsquo;\u00e9clairage des fa\u00e7ades de b\u00e2timents (cette derni\u00e8re cat\u00e9gorie ne concerne pas les r\u00e9verb\u00e8res d&rsquo;\u00e9clairage public des collectivit\u00e9s appos\u00e9s en fa\u00e7ades qui sont destin\u00e9s \u00e0 \u00e9clairer la voirie), l&rsquo;\u00e9clairage des parcs de stationnement non couverts ou semi-couverts, l&rsquo;\u00e9clairage \u00e9v\u00e9nementiel, l&rsquo;\u00e9clairage des chantiers en ext\u00e9rieur. Ces prescriptions peuvent varier en fonction de l&rsquo;implantation de ces installations : en agglom\u00e9ration, hors agglom\u00e9ration ou dans les espaces naturels figurant en\u00a0<a href=\"https:\/\/www.legifrance.gouv.fr\/affichCodeArticle.do?cidTexte=LEGITEXT000006074220&amp;idArticle=LEGIARTI000024360140&amp;dateTexte=29990101&amp;categorieLien=cid\">annexe \u00e0 l&rsquo;article R. 583-4 du code de l&rsquo;environnement<\/a>\u00a0ainsi que dans les sites d&rsquo;observation astronomique mentionn\u00e9s au m\u00eame article.\u00a0\u00bb<\/em><\/p>\n<p style=\"text-align: justify;\"><!--more--><\/p>\n<p style=\"text-align: justify;\">Devant l\u2019inaction des pouvoirs publics depuis des ann\u00e9es sur la pollution lumineuse, France Nature Environnement, l&rsquo;Association nationale pour la protection du ciel et de l&rsquo;environnement nocturne et la F\u00e9d\u00e9ration Rh\u00f4ne-Alpes de protection de la nature, section Is\u00e8re, avaient demand\u00e9 au Conseil d\u2019Etat d\u2019annuler le refus d\u2019agir du gouvernement. Le conseil d\u2019Etat les a suivi le 28 mars 2018 donnant 9 mois au gouvernement pour prendre des arr\u00eat\u00e9s, sinon il y aurait 500 euros d\u2019astreinte par jour de retard. (Conseil d\u2019\u00c9tat n\u00b0 408974 du 28 mars 2018).<\/p>\n<p style=\"text-align: justify;\">L\u2019arr\u00eat\u00e9 pr\u00e9cise notamment que <em>\u00ab\u00a0les installations d&rsquo;\u00e9clairage ne doivent pas \u00e9mettre de lumi\u00e8re intrusive excessive dans les logements quelle que soit la source de cette lumi\u00e8re\u00a0\u00bb.<\/em><\/p>\n<p style=\"text-align: justify;\">Le texte pr\u00e9cise la temporalit\u00e9 d\u2019allumage et d\u2019extinction de fa\u00e7on \u00e0 cibler les dur\u00e9es d\u2019\u00e9clairement superflues. Les lumi\u00e8res \u00e9clairant le patrimoine et les parcs et jardins accessibles au public devront, par exemple, \u00eatre \u00e9teintes au plus tard \u00e0 1 h du matin ou 1 h apr\u00e8s leur fermeture.<\/p>\n<p style=\"text-align: justify;\">Un autre arr\u00eat\u00e9 du 27 d\u00e9cembre 2018 fixe la liste et le p\u00e9rim\u00e8tre des sites d&rsquo;observation astronomique exceptionnels qui doivent \u00eatre prot\u00e9g\u00e9s de mani\u00e8re sp\u00e9cifique dans un rayon de 10 km.<\/p>\n","protected":false},"excerpt":{"rendered":"<p>Suite \u00e0 la forte pression du Conseil d\u2019Etat le gouvernement a d\u00fb agir sur la pollution lumineuse. Apr\u00e8s huit ans d\u2019inaction, l\u2019arr\u00eat\u00e9 du 27 d\u00e9cembre 2018\u00a0relatif \u00e0 la pr\u00e9vention, \u00e0 la r\u00e9duction et \u00e0 la limitation des nuisances lumineuses,\u00ab\u00a0fixe les prescriptions techniques concernant la conception et le fonctionnement des installations d&rsquo;\u00e9clairage ext\u00e9rieur destin\u00e9 \u00e0 favoriser [&hellip;]<\/p>\n","protected":false},"author":1,"featured_media":0,"comment_status":"closed","ping_status":"open","sticky":false,"template":"","format":"standard","meta":{"twitterCardType":"","cardImageID":0,"cardImage":"","cardTitle":"","cardDesc":"","cardImageAlt":"","cardPlayer":"","cardPlayerWidth":0,"cardPlayerHeight":0,"cardPlayerStream":"","cardPlayerCodec":"","footnotes":""},"categories":[62,11],"tags":[227,196,152],"class_list":["post-15187","post","type-post","status-publish","format-standard","hentry","category-le-rouge-le-vert-hebdo","category-politique-locale","tag-eclairage-public","tag-etat","tag-pollution-2"],"_links":{"self":[{"href":"https:\/\/www.ades-grenoble.org\/wordpress\/wp-json\/wp\/v2\/posts\/15187","targetHints":{"allow":["GET"]}}],"collection":[{"href":"https:\/\/www.ades-grenoble.org\/wordpress\/wp-json\/wp\/v2\/posts"}],"about":[{"href":"https:\/\/www.ades-grenoble.org\/wordpress\/wp-json\/wp\/v2\/types\/post"}],"author":[{"embeddable":true,"href":"https:\/\/www.ades-grenoble.org\/wordpress\/wp-json\/wp\/v2\/users\/1"}],"replies":[{"embeddable":true,"href":"https:\/\/www.ades-grenoble.org\/wordpress\/wp-json\/wp\/v2\/comments?post=15187"}],"version-history":[{"count":1,"href":"https:\/\/www.ades-grenoble.org\/wordpress\/wp-json\/wp\/v2\/posts\/15187\/revisions"}],"predecessor-version":[{"id":15188,"href":"https:\/\/www.ades-grenoble.org\/wordpress\/wp-json\/wp\/v2\/posts\/15187\/revisions\/15188"}],"wp:attachment":[{"href":"https:\/\/www.ades-grenoble.org\/wordpress\/wp-json\/wp\/v2\/media?parent=15187"}],"wp:term":[{"taxonomy":"category","embeddable":true,"href":"https:\/\/www.ades-grenoble.org\/wordpress\/wp-json\/wp\/v2\/categories?post=15187"},{"taxonomy":"post_tag","embeddable":true,"href":"https:\/\/www.ades-grenoble.org\/wordpress\/wp-json\/wp\/v2\/tags?post=15187"}],"curies":[{"name":"wp","href":"https:\/\/api.w.org\/{rel}","templated":true}]}}