{"id":15197,"date":"2019-01-11T12:13:48","date_gmt":"2019-01-11T11:13:48","guid":{"rendered":"http:\/\/www.ades-grenoble.org\/wordpress\/?p=15197"},"modified":"2019-01-10T13:55:18","modified_gmt":"2019-01-10T12:55:18","slug":"quand-le-droit-et-la-politique-se-melangent","status":"publish","type":"post","link":"https:\/\/www.ades-grenoble.org\/wordpress\/2019\/01\/11\/quand-le-droit-et-la-politique-se-melangent\/","title":{"rendered":"Quand le droit et la politique se m\u00e9langent\u2026"},"content":{"rendered":"<p style=\"text-align: justify;\"><img loading=\"lazy\" decoding=\"async\" class=\"size-full wp-image-10652 alignleft\" src=\"http:\/\/www.ades-grenoble.org\/wordpress\/wp-content\/uploads\/2015\/09\/DefenseServicePublic.jpg\" alt=\"\" width=\"400\" height=\"164\" srcset=\"https:\/\/www.ades-grenoble.org\/wordpress\/wp-content\/uploads\/2015\/09\/DefenseServicePublic.jpg 400w, https:\/\/www.ades-grenoble.org\/wordpress\/wp-content\/uploads\/2015\/09\/DefenseServicePublic-150x62.jpg 150w, https:\/\/www.ades-grenoble.org\/wordpress\/wp-content\/uploads\/2015\/09\/DefenseServicePublic-300x123.jpg 300w\" sizes=\"auto, (max-width: 400px) 100vw, 400px\" \/>Le 25 novembre 2015, le maire de Grenoble organise \u00ab\u00a0<em>une journ\u00e9e sans service public<\/em>\u00a0\u00bb, avec une r\u00e9union des agents municipaux pour les informer de la situation financi\u00e8re dramatique dans laquelle se trouvait la Ville suite aux d\u00e9cisions gouvernementale qui diminuait violemment les dotations de l\u2019Etat aux collectivit\u00e9s et pour sensibiliser la population sur l\u2019atteinte grave aux services publics qui en d\u00e9coulait.<\/p>\n<p style=\"text-align: justify;\">Une conseill\u00e8re municipale d\u2019opposition du groupe PS et assimil\u00e9s qui soutenait la politique gouvernementale a attaqu\u00e9 la d\u00e9cision du maire en justice pour faire annuler cette action annonc\u00e9e dans un communiqu\u00e9 du maire le 10 novembre 2015.<\/p>\n<p style=\"text-align: justify;\">Le tribunal administratif de Grenoble a rejet\u00e9 cette demande au motif qu\u2019une conseill\u00e8re municipale n\u2019avait par int\u00e9r\u00eat \u00e0 agir sur cette d\u00e9cision du maire qui n\u2019avait pas empi\u00e9t\u00e9 sur la comp\u00e9tence du Conseil municipal.<\/p>\n<p style=\"text-align: justify;\">En effet, d\u2019apr\u00e8s la loi et la jurisprudence, le maire a des pouvoirs propres ind\u00e9pendants de ceux du conseil municipal\u00a0<em>: \u00ab\u00a0Le maire est seul charg\u00e9 de l\u2019administration\u00a0\u00bb<\/em> (article L 2122-18 du CGCT) et le Conseil municipal ne peut limiter l\u2019exercice de cette comp\u00e9tence. Donc il \u00e9tait de la seule comp\u00e9tence du maire d\u2019organiser cette r\u00e9union du personnel et donc parall\u00e8lement de fermer certains services pour permettre la tenue de la r\u00e9union.<\/p>\n<p><!--more--><\/p>\n<p style=\"text-align: justify;\">La conseill\u00e8re municipale a fait appel de ce jugement et la Cour Administrative d\u2019Appel de Lyon lui a donn\u00e9 raison le 20 d\u00e9cembre 2018, estimant qu\u2019elle avait int\u00e9r\u00eat \u00e0 agir contre <em>\u00ab\u00a0la d\u00e9cision du maire <\/em><em>de fermer les services publics communaux et le centre communal d&rsquo;action sociale, qui affecte directement la gestion des affaires de la commune\u2026\u00a0\u00bb<\/em><\/p>\n<p style=\"text-align: justify;\">Il est reproch\u00e9 au maire d\u2019avoir fait de la politique s\u2019associant \u00e0 une mobilisation nationale contre la politique gouvernementale\u00a0: \u00ab\u00a0<em>Il r\u00e9sulte des termes m\u00eames du communiqu\u00e9 du maire de Grenoble du 10 novembre 2015 que la d\u00e9cision de fermer au public les services municipaux le 25 novembre 2015, r\u00e9pond \u00e0 un appel lanc\u00e9 par l\u2019association des maires de France contre la baisse des dotations aux collectivit\u00e9s pour \u00ab interpeller et faire prendre conscience aux usagers de ses cons\u00e9quences sur les services publics \u00bb.<\/em><\/p>\n<p style=\"text-align: justify;\"><em>En d\u00e9cidant de fermer au public l&rsquo;acc\u00e8s aux services municipaux et au <\/em><em>centre communal d&rsquo;action sociale <\/em><em>pour les motifs qui viennent d&rsquo;\u00eatre rappel\u00e9s, le maire de Grenoble,<\/em> <em>m\u00eame s\u2019il entendait ainsi sensibiliser les usagers \u00e0 la situation financi\u00e8re de la ville, a pris part \u00e0<\/em> <em>un mouvement national, de nature politique, contre la baisse des dotations de l\u2019Etat d\u00e9cid\u00e9e par<\/em> <em>le gouvernement. Un tel motif, \u00e9tranger \u00e0 l\u2019int\u00e9r\u00eat de la commune ou au bon fonctionnement des<\/em> <em>services municipaux, est de nature \u00e0 entacher cette d\u00e9cision d&rsquo;ill\u00e9galit\u00e9.\u00a0\u00bb<\/em><\/p>\n<p style=\"text-align: justify;\">En cons\u00e9quence la CAA annule la d\u00e9cision du maire du 10 novembre organisant cette journ\u00e9e sans service public.<\/p>\n<p style=\"text-align: justify;\">Cette annulation ne change rien \u00e0 ce qui s\u2019est pass\u00e9 et le maire a eu raison de protester contre cette politique gouvernementale dangereuse et d\u2019en informer les Grenoblois-es par cette action sortant de l\u2019ordinaire.<\/p>\n<p style=\"text-align: justify;\">Parfois le droit et la politique ne font pas bon m\u00e9nage\u2026<\/p>\n","protected":false},"excerpt":{"rendered":"<p>Le 25 novembre 2015, le maire de Grenoble organise \u00ab\u00a0une journ\u00e9e sans service public\u00a0\u00bb, avec une r\u00e9union des agents municipaux pour les informer de la situation financi\u00e8re dramatique dans laquelle se trouvait la Ville suite aux d\u00e9cisions gouvernementale qui diminuait violemment les dotations de l\u2019Etat aux collectivit\u00e9s et pour sensibiliser la population sur l\u2019atteinte grave [&hellip;]<\/p>\n","protected":false},"author":1,"featured_media":0,"comment_status":"closed","ping_status":"open","sticky":false,"template":"","format":"standard","meta":{"twitterCardType":"","cardImageID":0,"cardImage":"","cardTitle":"","cardDesc":"","cardImageAlt":"","cardPlayer":"","cardPlayerWidth":0,"cardPlayerHeight":0,"cardPlayerStream":"","cardPlayerCodec":"","footnotes":""},"categories":[62,11],"tags":[215,52,44],"class_list":["post-15197","post","type-post","status-publish","format-standard","hentry","category-le-rouge-le-vert-hebdo","category-politique-locale","tag-grenoble","tag-justice-administrative","tag-services-publics"],"_links":{"self":[{"href":"https:\/\/www.ades-grenoble.org\/wordpress\/wp-json\/wp\/v2\/posts\/15197","targetHints":{"allow":["GET"]}}],"collection":[{"href":"https:\/\/www.ades-grenoble.org\/wordpress\/wp-json\/wp\/v2\/posts"}],"about":[{"href":"https:\/\/www.ades-grenoble.org\/wordpress\/wp-json\/wp\/v2\/types\/post"}],"author":[{"embeddable":true,"href":"https:\/\/www.ades-grenoble.org\/wordpress\/wp-json\/wp\/v2\/users\/1"}],"replies":[{"embeddable":true,"href":"https:\/\/www.ades-grenoble.org\/wordpress\/wp-json\/wp\/v2\/comments?post=15197"}],"version-history":[{"count":1,"href":"https:\/\/www.ades-grenoble.org\/wordpress\/wp-json\/wp\/v2\/posts\/15197\/revisions"}],"predecessor-version":[{"id":15198,"href":"https:\/\/www.ades-grenoble.org\/wordpress\/wp-json\/wp\/v2\/posts\/15197\/revisions\/15198"}],"wp:attachment":[{"href":"https:\/\/www.ades-grenoble.org\/wordpress\/wp-json\/wp\/v2\/media?parent=15197"}],"wp:term":[{"taxonomy":"category","embeddable":true,"href":"https:\/\/www.ades-grenoble.org\/wordpress\/wp-json\/wp\/v2\/categories?post=15197"},{"taxonomy":"post_tag","embeddable":true,"href":"https:\/\/www.ades-grenoble.org\/wordpress\/wp-json\/wp\/v2\/tags?post=15197"}],"curies":[{"name":"wp","href":"https:\/\/api.w.org\/{rel}","templated":true}]}}