{"id":152,"date":"2008-09-11T13:00:25","date_gmt":"2008-09-11T11:00:25","guid":{"rendered":"http:\/\/www.ades-grenoble.org\/wordpress\/?p=152"},"modified":"2010-04-05T18:01:37","modified_gmt":"2010-04-05T16:01:37","slug":"pour-obtenir-l%e2%80%99abandon-du-fichier-edvige","status":"publish","type":"post","link":"https:\/\/www.ades-grenoble.org\/wordpress\/2008\/09\/11\/pour-obtenir-l%e2%80%99abandon-du-fichier-edvige\/","title":{"rendered":"Pour obtenir l\u2019abandon du fichier EDVIGE"},"content":{"rendered":"<h2 style=\"text-align: center;\"><a href=\"http:\/\/nonaedvige.ras.eu.org\/\" target=\"_blank\"><img loading=\"lazy\" decoding=\"async\" class=\"alignleft size-thumbnail wp-image-153\" style=\"border: 0pt none; margin: 5px; float: left;\" title=\"nonaedvige2\" src=\"http:\/\/www.ades-grenoble.org\/wordpress\/wp-content\/uploads\/2008\/07\/nonaedvige2-150x150.png\" alt=\"\" width=\"150\" height=\"150\" srcset=\"https:\/\/www.ades-grenoble.org\/wordpress\/wp-content\/uploads\/2008\/07\/nonaedvige2-150x150.png 150w, https:\/\/www.ades-grenoble.org\/wordpress\/wp-content\/uploads\/2008\/07\/nonaedvige2-300x300.png 300w, https:\/\/www.ades-grenoble.org\/wordpress\/wp-content\/uploads\/2008\/07\/nonaedvige2.png 400w\" sizes=\"auto, (max-width: 150px) 100vw, 150px\" \/><\/a><a href=\"http:\/\/nonaedvige.ras.eu.org\/\" target=\"_blank\"><img loading=\"lazy\" decoding=\"async\" class=\"alignright size-thumbnail wp-image-154\" style=\"border: 0pt none; margin: 5px; float: right;\" title=\"edvige-jesigne\" src=\"http:\/\/www.ades-grenoble.org\/wordpress\/wp-content\/uploads\/2008\/07\/edvige-jesigne-150x150.png\" alt=\"\" width=\"150\" height=\"150\" srcset=\"https:\/\/www.ades-grenoble.org\/wordpress\/wp-content\/uploads\/2008\/07\/edvige-jesigne-150x150.png 150w, https:\/\/www.ades-grenoble.org\/wordpress\/wp-content\/uploads\/2008\/07\/edvige-jesigne-300x300.png 300w, https:\/\/www.ades-grenoble.org\/wordpress\/wp-content\/uploads\/2008\/07\/edvige-jesigne.png 352w\" sizes=\"auto, (max-width: 150px) 100vw, 150px\" \/><\/a><a href=\"http:\/\/nonaedvige.ras.eu.org\/\" target=\"_blank\">http:\/\/nonaedvige.ras.eu.org\/<\/a><\/h2>\n<p>Vous avez aim\u00e9 la <a href=\"http:\/\/www.ades-grenoble.org\/wordpress\/?p=120\" target=\"_self\">Base \u00e9l\u00e8ves<\/a> et les <a href=\"http:\/\/www.ades-grenoble.org\/wordpress\/?p=40\" target=\"_self\">pr\u00e9l\u00e8vements d&rsquo;ADN abusifs<\/a> ? Vous allez adorer Edvige !!!<\/p>\n<h2 style=\"text-align: center;\"><a href=\"http:\/\/www.ades-grenoble.org\/wordpress\/wp-content\/uploads\/2008\/09\/appelnonaedvige.pdf\">T\u00e9l\u00e9chargez et faites signer la p\u00e9tition papier !<\/a><\/h2>\n<p>Sans d\u00e9bat public pr\u00e9alable, le gouvernement, par un d\u00e9cret publi\u00e9 au Journal officiel du 1er juillet 2008, a consid\u00e9rablement accru les capacit\u00e9s de fichage de nos concitoyens. Ce fichage sera assur\u00e9, \u00e0 l\u2019avenir, par la Direction centrale de la s\u00e9curit\u00e9 publique (fusion des Renseignements G\u00e9n\u00e9raux et de la DST).<\/p>\n<p class=\"spip\">A cette fin, un nouveau fichier policier sera mis en place sous le nom d\u2019EDVIGE (Exploitation documentaire et valorisation de l\u2019information g\u00e9n\u00e9rale). Il recensera, de mani\u00e8re syst\u00e9matique et g\u00e9n\u00e9ralis\u00e9e, toute personne \u00ab <em class=\"spip\">ayant sollicit\u00e9, exerc\u00e9 ou exer\u00e7ant un mandat politique, syndical ou \u00e9conomique ou qui joue un r\u00f4le institutionnel, \u00e9conomique, social ou religieux significatif<\/em> \u00bb. Sans exception, toutes les personnes engag\u00e9es dans la vie de la cit\u00e9 sont donc vis\u00e9es.<\/p>\n<p class=\"spip\"><!--more-->En outre, ce fichage vise \u00e0 permettre la collecte de renseignements identitaires sur les \u00ab suspects \u00bb (personne mais \u00e9galement groupe) simplement consid\u00e9r\u00e9s, par la police, comme susceptibles, \u00e0 l\u2019avenir et de mani\u00e8re totalement hypoth\u00e9tique, de porter atteinte \u00e0 \u00ab <em class=\"spip\">l\u2019ordre public<\/em> \u00bb.<\/p>\n<p class=\"spip\">Il permettra de compiler toutes les notes de renseignements telles que : \u00e9tat civil, photographie mais aussi fr\u00e9quentations, comportement, d\u00e9placements, appartenance ethnique, vie sexuelle, opinions politiques, philosophiques, religieuses, appartenances syndicales et associatives \u2026<\/p>\n<p class=\"spip\">La police sera autoris\u00e9e \u00e0 consulter ce fichier en cas d\u2019enqu\u00eates administratives pour l\u2019acc\u00e8s \u00e0 certains emplois.<\/p>\n<p class=\"spip\">Les mineurs ne seront pas \u00e9pargn\u00e9s puisque fait sans pr\u00e9c\u00e9dent dans notre R\u00e9publique et particuli\u00e8rement choquant, leur fichage sera autoris\u00e9 d\u00e8s l\u2019\u00e2ge de 13 ans et cela sans qu\u2019aucune infraction n\u2019ait \u00e9t\u00e9 commise et sur la seule base de leur dangerosit\u00e9 pr\u00e9sum\u00e9e.<\/p>\n<p class=\"spip\">Cette initiative gouvernementale, porteuse \u00e0 l\u2019\u00e9vidence de nombreuses d\u00e9rives, s\u2019inscrit r\u00e9solument dans le cadre de la mise en place d\u2019une politique s\u00e9curitaire ouvertement revendiqu\u00e9e.<\/p>\n<p class=\"spip\">Le gouvernement est pass\u00e9 outre aux r\u00e9serves \u00e9mises par la Commission nationale Informatique et Libert\u00e9s concernant ce fichier qui, d\u00e8s sa parution, a suscit\u00e9 les plus vives r\u00e9probations de multiples organisations associatives, syndicales et politiques.<\/p>\n<p class=\"spip\"><strong class=\"spip\">C\u2019est pourquoi les organisations et les personnes signataires de cet appel :<\/strong><\/p>\n<p class=\"spip\"><strong class=\"spip\"><img loading=\"lazy\" decoding=\"async\" src=\"http:\/\/nonaedvige.ras.eu.org\/dist\/puce.gif\" alt=\"-\" width=\"8\" height=\"11\" \/> exigent le retrait du d\u00e9cret autorisant la mise en place du fichier EDVIGE qui institue un niveau de surveillance des citoyens totalement disproportionn\u00e9 et incompatible avec une conception digne de ce nom de l\u2019\u00e9tat de droit,<\/strong><\/p>\n<p class=\"spip\"><strong class=\"spip\"><img loading=\"lazy\" decoding=\"async\" src=\"http:\/\/nonaedvige.ras.eu.org\/dist\/puce.gif\" alt=\"-\" width=\"8\" height=\"11\" \/> sollicitent le soutien et la signature de tous nos concitoyens et de toutes les organisations attach\u00e9es aux libert\u00e9s publiques, au respect de la vie priv\u00e9e et des droits de l\u2019enfant,<\/strong><\/p>\n<p class=\"spip\"><strong class=\"spip\"><img loading=\"lazy\" decoding=\"async\" src=\"http:\/\/nonaedvige.ras.eu.org\/dist\/puce.gif\" alt=\"-\" width=\"8\" height=\"11\" \/> s\u2019engagent \u00e0 se constituer, d\u00e8s le mois de septembre 2008, sous forme de Collectif afin de prendre toute initiative utile visant \u00e0 obtenir des pouvoirs publics qu\u2019ils renoncent \u00e0 la mise en place du fichier EDVIGE.<\/strong><\/p>\n","protected":false},"excerpt":{"rendered":"<p>http:\/\/nonaedvige.ras.eu.org\/ Vous avez aim\u00e9 la Base \u00e9l\u00e8ves et les pr\u00e9l\u00e8vements d&rsquo;ADN abusifs ? Vous allez adorer Edvige !!! T\u00e9l\u00e9chargez et faites signer la p\u00e9tition papier ! Sans d\u00e9bat public pr\u00e9alable, le gouvernement, par un d\u00e9cret publi\u00e9 au Journal officiel du 1er juillet 2008, a consid\u00e9rablement accru les capacit\u00e9s de fichage de nos concitoyens. Ce fichage [&hellip;]<\/p>\n","protected":false},"author":1,"featured_media":0,"comment_status":"open","ping_status":"open","sticky":false,"template":"","format":"standard","meta":{"twitterCardType":"","cardImageID":0,"cardImage":"","cardTitle":"","cardDesc":"","cardImageAlt":"","cardPlayer":"","cardPlayerWidth":0,"cardPlayerHeight":0,"cardPlayerStream":"","cardPlayerCodec":"","footnotes":""},"categories":[],"tags":[36,57,12],"class_list":["post-152","post","type-post","status-publish","format-standard","hentry","tag-edvige","tag-fichage","tag-mobilisations"],"_links":{"self":[{"href":"https:\/\/www.ades-grenoble.org\/wordpress\/wp-json\/wp\/v2\/posts\/152","targetHints":{"allow":["GET"]}}],"collection":[{"href":"https:\/\/www.ades-grenoble.org\/wordpress\/wp-json\/wp\/v2\/posts"}],"about":[{"href":"https:\/\/www.ades-grenoble.org\/wordpress\/wp-json\/wp\/v2\/types\/post"}],"author":[{"embeddable":true,"href":"https:\/\/www.ades-grenoble.org\/wordpress\/wp-json\/wp\/v2\/users\/1"}],"replies":[{"embeddable":true,"href":"https:\/\/www.ades-grenoble.org\/wordpress\/wp-json\/wp\/v2\/comments?post=152"}],"version-history":[{"count":5,"href":"https:\/\/www.ades-grenoble.org\/wordpress\/wp-json\/wp\/v2\/posts\/152\/revisions"}],"predecessor-version":[{"id":1418,"href":"https:\/\/www.ades-grenoble.org\/wordpress\/wp-json\/wp\/v2\/posts\/152\/revisions\/1418"}],"wp:attachment":[{"href":"https:\/\/www.ades-grenoble.org\/wordpress\/wp-json\/wp\/v2\/media?parent=152"}],"wp:term":[{"taxonomy":"category","embeddable":true,"href":"https:\/\/www.ades-grenoble.org\/wordpress\/wp-json\/wp\/v2\/categories?post=152"},{"taxonomy":"post_tag","embeddable":true,"href":"https:\/\/www.ades-grenoble.org\/wordpress\/wp-json\/wp\/v2\/tags?post=152"}],"curies":[{"name":"wp","href":"https:\/\/api.w.org\/{rel}","templated":true}]}}