{"id":15212,"date":"2019-01-11T13:52:39","date_gmt":"2019-01-11T12:52:39","guid":{"rendered":"http:\/\/www.ades-grenoble.org\/wordpress\/?p=15212"},"modified":"2019-01-10T13:56:54","modified_gmt":"2019-01-10T12:56:54","slug":"des-voeux-pour-2019","status":"publish","type":"post","link":"https:\/\/www.ades-grenoble.org\/wordpress\/2019\/01\/11\/des-voeux-pour-2019\/","title":{"rendered":"Des v\u0153ux pour 2019"},"content":{"rendered":"<p style=\"text-align: justify;\"><img loading=\"lazy\" decoding=\"async\" class=\"size-full wp-image-12416 alignleft\" src=\"http:\/\/www.ades-grenoble.org\/wordpress\/wp-content\/uploads\/2016\/12\/voeux.jpg\" alt=\"\" width=\"610\" height=\"276\" srcset=\"https:\/\/www.ades-grenoble.org\/wordpress\/wp-content\/uploads\/2016\/12\/voeux.jpg 610w, https:\/\/www.ades-grenoble.org\/wordpress\/wp-content\/uploads\/2016\/12\/voeux-150x68.jpg 150w, https:\/\/www.ades-grenoble.org\/wordpress\/wp-content\/uploads\/2016\/12\/voeux-300x136.jpg 300w, https:\/\/www.ades-grenoble.org\/wordpress\/wp-content\/uploads\/2016\/12\/voeux-600x271.jpg 600w\" sizes=\"auto, (max-width: 610px) 100vw, 610px\" \/>Le Rouge et le Vert ainsi que l\u2019ADES, pr\u00e9sentent aux lecteurs leurs meilleurs v\u0153ux pour cette ann\u00e9e 2019 qui promet d\u2019\u00eatre tr\u00e8s particuli\u00e8re.<\/p>\n<p style=\"text-align: justify;\">Face \u00e0 une politique gouvernementale qui ne sait plus quoi faire, il faut esp\u00e9rer que les \u00e9nergies citoyennes arrivent \u00e0 trouver des d\u00e9bouch\u00e9s positifs pour notre soci\u00e9t\u00e9 d\u00e9mocratique, r\u00e9publicaine et la\u00efque. La reconstruction de la coh\u00e9sion sociale ne pourra se faire que par des politiques de justice sociale, en remettant en cause la fiscalit\u00e9 tr\u00e8s injuste qu\u2019elle soit nationale ou locale et en modernisant les services publics notamment de proximit\u00e9 qui sont \u00e0 l\u2019abandon, notamment notre syst\u00e8me hospitalier qui est au bord de l\u2019explosion.<\/p>\n<p style=\"text-align: justify;\">Il y a aussi l\u2019urgence \u00e9cologique puisque les d\u00e9g\u00e2ts du changement climatique vont s\u2019amplifier inexorablement si la transition \u00e9nerg\u00e9tique vers une soci\u00e9t\u00e9 d\u00e9carbon\u00e9e, n\u2019est pas tr\u00e8s rapidement mise en \u0153uvre au niveau mondial. Les communes et la m\u00e9tropole ont de grandes responsabilit\u00e9s \u00e0 ce sujet et les efforts d\u00e9velopp\u00e9s depuis quelques ann\u00e9es doivent \u00eatre amplifi\u00e9s et la mobilisation des habitants sollicit\u00e9e pour acc\u00e9l\u00e9rer. De m\u00eame il faut militer pour que des tarifications sociales puissent \u00eatre mises en route dans l\u2019ensemble des services publics notamment locaux, pouvant aller jusqu\u2019\u00e0 la gratuit\u00e9 pour l\u2019usager\u00a0; ceci exige d\u2019importantes \u00e9volutions l\u00e9gislatives, mais le gouvernement actuel ne s\u2019y int\u00e9resse pas.<\/p>\n<p style=\"text-align: justify;\">2019 va voir se d\u00e9rouler les \u00e9lections europ\u00e9ennes en mai, ce sera l\u2019occasion d\u2019un grand d\u00e9bat sur l\u2019avenir de l\u2019Europe, puis \u00e0 partir de septembre s\u2019ouvrira la campagne des \u00e9lections municipales de mars 2020 qui fixeront les politiques publiques au niveau communal et m\u00e9tropolitain. Nous militerons pour une accentuation d\u2019une politique solidaire, \u00e9cologique et d\u00e9mocratique qui a, depuis 2014, acc\u00e9l\u00e9r\u00e9 les changements n\u00e9cessaires pour l\u2019am\u00e9lioration des services publics et l\u2019adaptation au changement climatique dans une situation tr\u00e8s difficile due \u00e0 des politiques gouvernementales successives tr\u00e8s n\u00e9gatives.<\/p>\n","protected":false},"excerpt":{"rendered":"<p>Le Rouge et le Vert ainsi que l\u2019ADES, pr\u00e9sentent aux lecteurs leurs meilleurs v\u0153ux pour cette ann\u00e9e 2019 qui promet d\u2019\u00eatre tr\u00e8s particuli\u00e8re. Face \u00e0 une politique gouvernementale qui ne sait plus quoi faire, il faut esp\u00e9rer que les \u00e9nergies citoyennes arrivent \u00e0 trouver des d\u00e9bouch\u00e9s positifs pour notre soci\u00e9t\u00e9 d\u00e9mocratique, r\u00e9publicaine et la\u00efque. La [&hellip;]<\/p>\n","protected":false},"author":1,"featured_media":0,"comment_status":"closed","ping_status":"open","sticky":false,"template":"","format":"standard","meta":{"twitterCardType":"","cardImageID":0,"cardImage":"","cardTitle":"","cardDesc":"","cardImageAlt":"","cardPlayer":"","cardPlayerWidth":0,"cardPlayerHeight":0,"cardPlayerStream":"","cardPlayerCodec":"","footnotes":""},"categories":[62,11],"tags":[143],"class_list":["post-15212","post","type-post","status-publish","format-standard","hentry","category-le-rouge-le-vert-hebdo","category-politique-locale","tag-ades"],"_links":{"self":[{"href":"https:\/\/www.ades-grenoble.org\/wordpress\/wp-json\/wp\/v2\/posts\/15212","targetHints":{"allow":["GET"]}}],"collection":[{"href":"https:\/\/www.ades-grenoble.org\/wordpress\/wp-json\/wp\/v2\/posts"}],"about":[{"href":"https:\/\/www.ades-grenoble.org\/wordpress\/wp-json\/wp\/v2\/types\/post"}],"author":[{"embeddable":true,"href":"https:\/\/www.ades-grenoble.org\/wordpress\/wp-json\/wp\/v2\/users\/1"}],"replies":[{"embeddable":true,"href":"https:\/\/www.ades-grenoble.org\/wordpress\/wp-json\/wp\/v2\/comments?post=15212"}],"version-history":[{"count":1,"href":"https:\/\/www.ades-grenoble.org\/wordpress\/wp-json\/wp\/v2\/posts\/15212\/revisions"}],"predecessor-version":[{"id":15213,"href":"https:\/\/www.ades-grenoble.org\/wordpress\/wp-json\/wp\/v2\/posts\/15212\/revisions\/15213"}],"wp:attachment":[{"href":"https:\/\/www.ades-grenoble.org\/wordpress\/wp-json\/wp\/v2\/media?parent=15212"}],"wp:term":[{"taxonomy":"category","embeddable":true,"href":"https:\/\/www.ades-grenoble.org\/wordpress\/wp-json\/wp\/v2\/categories?post=15212"},{"taxonomy":"post_tag","embeddable":true,"href":"https:\/\/www.ades-grenoble.org\/wordpress\/wp-json\/wp\/v2\/tags?post=15212"}],"curies":[{"name":"wp","href":"https:\/\/api.w.org\/{rel}","templated":true}]}}