{"id":15216,"date":"2019-01-18T12:42:41","date_gmt":"2019-01-18T11:42:41","guid":{"rendered":"http:\/\/www.ades-grenoble.org\/wordpress\/?p=15216"},"modified":"2019-01-18T13:43:04","modified_gmt":"2019-01-18T12:43:04","slug":"une-jurisprudence-sur-le-droit-a-linformation-qui-prevaut-sur-le-droit-a-loubli-de-personnes-condamnees","status":"publish","type":"post","link":"https:\/\/www.ades-grenoble.org\/wordpress\/2019\/01\/18\/une-jurisprudence-sur-le-droit-a-linformation-qui-prevaut-sur-le-droit-a-loubli-de-personnes-condamnees\/","title":{"rendered":"Une jurisprudence sur le droit \u00e0 l\u2019information qui pr\u00e9vaut sur le droit \u00e0 l\u2019oubli de personnes condamn\u00e9es\u2026"},"content":{"rendered":"<p style=\"text-align: justify;\"><img loading=\"lazy\" decoding=\"async\" class=\"size-medium wp-image-9565 alignleft\" src=\"http:\/\/www.ades-grenoble.org\/wordpress\/wp-content\/uploads\/2015\/01\/balance-justice-290x300.jpg\" alt=\"\" width=\"290\" height=\"300\" \/>Pour les Grenoblois qui se retrouvent confront\u00e9s \u00e0 la candidature aux \u00e9lections municipales de l\u2019ancien maire (1983-1995) reconnu corrompu, il est important de pouvoir acc\u00e9der aux informations sur les m\u00e9faits av\u00e9r\u00e9s de cet ancien maire qui a profit\u00e9 de sa position d\u2019\u00e9lu pour s\u2019enrichir personnellement au d\u00e9triment du service public.<\/p>\n<p style=\"text-align: justify;\">Le 28 juin 2018, la Cour europ\u00e9enne des droits de l\u2019Homme (CEDH), a donn\u00e9 raison \u00e0 la Cour f\u00e9d\u00e9rale allemande qui avait refus\u00e9 d\u2019interdire \u00e0 des m\u00e9dias l\u2019acc\u00e8s \u00e0 des dossiers de presse concernant la condamnation de personnes mentionn\u00e9s par leurs noms complets.<\/p>\n<p style=\"text-align: justify;\"><em>\u00ab\u00a0\u00c0 l\u2019origine de l\u2019affaire se trouvent deux requ\u00eates dirig\u00e9es contre la R\u00e9publique f\u00e9d\u00e9rale d\u2019Allemagne et dont deux ressortissants de cet \u00c9tat, ont saisi la Cour le 15 et le 29 octobre 2010 respectivement en vertu de l\u2019article 34 de la Convention de sauvegarde des droits de l\u2019homme et des libert\u00e9s fondamentales (\u00ab la Convention \u00bb)\u2026<\/em><\/p>\n<p style=\"text-align: justify;\"><em>Les requ\u00e9rants all\u00e9guaient une violation de l\u2019article 8 de la Convention en raison de la d\u00e9cision de la Cour f\u00e9d\u00e9rale de justice de ne pas interdire la mise \u00e0 disposition sur Internet, par diff\u00e9rents m\u00e9dias, d\u2019anciens reportages \u2013 ou de leur transcription \u2013 concernant le proc\u00e8s p\u00e9nal qui avait \u00e9t\u00e9 dirig\u00e9 contre eux\u2026<\/em><\/p>\n<p style=\"text-align: justify;\">Rappel de l\u2019article 8 de la Convention\u00a0: <em>\u00ab\u00a0Droit au respect de la vie priv\u00e9e et familiale <\/em><\/p>\n<p><!--more--><\/p>\n<ol style=\"text-align: justify;\">\n<li><em> Toute personne a droit au respect de sa vie priv\u00e9e et familiale, de son domicile et de sa correspondance. <\/em><\/li>\n<li><em> Il ne peut y avoir ing\u00e9rence d\u2019une autorit\u00e9 publique dans l\u2019exercice de ce droit que pour autant que cette ing\u00e9rence est pr\u00e9vue par la loi et qu\u2019elle constitue une mesure qui, dans une soci\u00e9t\u00e9 d\u00e9mocratique, est n\u00e9cessaire \u00e0 la s\u00e9curit\u00e9 nationale, \u00e0 la s\u00fbret\u00e9 publique, au bien-\u00eatre \u00e9conomique du pays, \u00e0 la d\u00e9fense de l\u2019ordre et \u00e0 la pr\u00e9vention des infractions p\u00e9nales, \u00e0 la protection de la sant\u00e9 ou de la morale, ou \u00e0 la protection des droits et libert\u00e9s d\u2019autrui. \u00bb<\/em><\/li>\n<\/ol>\n<p style=\"text-align: justify;\"><u>Conclusion de l\u2019arr\u00eat de la CEDH<\/u><em>\u00a0:<\/em><\/p>\n<p style=\"text-align: justify;\">\u00ab\u00a0<em>Compte tenu de la marge d\u2019appr\u00e9ciation des autorit\u00e9s nationales en la mati\u00e8re lorsqu\u2019elles mettent en balance des int\u00e9r\u00eats divergents, de l\u2019importance de garder disponibles des reportages dont la lic\u00e9it\u00e9 lors de leur parution n\u2019est pas contest\u00e9e et du comportement des requ\u00e9rants vis-\u00e0-vis de la presse, la Cour estime qu\u2019il n\u2019y a pas de raisons s\u00e9rieuses qui justifieraient qu\u2019elle substitue son avis \u00e0 celui de la Cour f\u00e9d\u00e9rale de justice. On ne saurait d\u00e8s lors dire que, en refusant de donner suite \u00e0 la demande des requ\u00e9rants, la Cour f\u00e9d\u00e9rale de justice a manqu\u00e9 aux obligations positives de l\u2019\u00c9tat allemand de prot\u00e9ger le droit des requ\u00e9rants au respect de leur vie priv\u00e9e, au sens de l\u2019article 8 de la Convention. Partant il n\u2019y a pas eu violation de cette disposition.\u00a0\u00bb<\/em><\/p>\n<p style=\"text-align: justify;\">Pour lire l&rsquo;arr\u00eat complet, cliquez ici.<\/p>\n","protected":false},"excerpt":{"rendered":"<p>Pour les Grenoblois qui se retrouvent confront\u00e9s \u00e0 la candidature aux \u00e9lections municipales de l\u2019ancien maire (1983-1995) reconnu corrompu, il est important de pouvoir acc\u00e9der aux informations sur les m\u00e9faits av\u00e9r\u00e9s de cet ancien maire qui a profit\u00e9 de sa position d\u2019\u00e9lu pour s\u2019enrichir personnellement au d\u00e9triment du service public. Le 28 juin 2018, la [&hellip;]<\/p>\n","protected":false},"author":1,"featured_media":0,"comment_status":"closed","ping_status":"open","sticky":false,"template":"","format":"standard","meta":{"twitterCardType":"","cardImageID":0,"cardImage":"","cardTitle":"","cardDesc":"","cardImageAlt":"","cardPlayer":"","cardPlayerWidth":0,"cardPlayerHeight":0,"cardPlayerStream":"","cardPlayerCodec":"","footnotes":""},"categories":[62,11],"tags":[30,141,243],"class_list":["post-15216","post","type-post","status-publish","format-standard","hentry","category-le-rouge-le-vert-hebdo","category-politique-locale","tag-corrompu","tag-europe","tag-justice"],"_links":{"self":[{"href":"https:\/\/www.ades-grenoble.org\/wordpress\/wp-json\/wp\/v2\/posts\/15216","targetHints":{"allow":["GET"]}}],"collection":[{"href":"https:\/\/www.ades-grenoble.org\/wordpress\/wp-json\/wp\/v2\/posts"}],"about":[{"href":"https:\/\/www.ades-grenoble.org\/wordpress\/wp-json\/wp\/v2\/types\/post"}],"author":[{"embeddable":true,"href":"https:\/\/www.ades-grenoble.org\/wordpress\/wp-json\/wp\/v2\/users\/1"}],"replies":[{"embeddable":true,"href":"https:\/\/www.ades-grenoble.org\/wordpress\/wp-json\/wp\/v2\/comments?post=15216"}],"version-history":[{"count":1,"href":"https:\/\/www.ades-grenoble.org\/wordpress\/wp-json\/wp\/v2\/posts\/15216\/revisions"}],"predecessor-version":[{"id":15222,"href":"https:\/\/www.ades-grenoble.org\/wordpress\/wp-json\/wp\/v2\/posts\/15216\/revisions\/15222"}],"wp:attachment":[{"href":"https:\/\/www.ades-grenoble.org\/wordpress\/wp-json\/wp\/v2\/media?parent=15216"}],"wp:term":[{"taxonomy":"category","embeddable":true,"href":"https:\/\/www.ades-grenoble.org\/wordpress\/wp-json\/wp\/v2\/categories?post=15216"},{"taxonomy":"post_tag","embeddable":true,"href":"https:\/\/www.ades-grenoble.org\/wordpress\/wp-json\/wp\/v2\/tags?post=15216"}],"curies":[{"name":"wp","href":"https:\/\/api.w.org\/{rel}","templated":true}]}}