{"id":15255,"date":"2019-01-25T13:50:32","date_gmt":"2019-01-25T12:50:32","guid":{"rendered":"http:\/\/www.ades-grenoble.org\/wordpress\/?p=15255"},"modified":"2019-01-25T14:02:25","modified_gmt":"2019-01-25T13:02:25","slug":"politique-politicienne-149","status":"publish","type":"post","link":"https:\/\/www.ades-grenoble.org\/wordpress\/2019\/01\/25\/politique-politicienne-149\/","title":{"rendered":"Politique politicienne"},"content":{"rendered":"<p style=\"text-align: justify;\"><img loading=\"lazy\" decoding=\"async\" class=\"size-full wp-image-9634 alignleft\" src=\"http:\/\/www.ades-grenoble.org\/wordpress\/wp-content\/uploads\/2015\/01\/fou1.png\" alt=\"\" width=\"200\" height=\"234\" srcset=\"https:\/\/www.ades-grenoble.org\/wordpress\/wp-content\/uploads\/2015\/01\/fou1.png 200w, https:\/\/www.ades-grenoble.org\/wordpress\/wp-content\/uploads\/2015\/01\/fou1-128x150.png 128w\" sizes=\"auto, (max-width: 200px) 100vw, 200px\" \/>Une question de droit int\u00e9ressante est pos\u00e9e \u00e0 l\u2019occasion du \u00ab\u00a0Macron tour\u00a0\u00bb durant le grand d\u00e9bat qui se d\u00e9roule en pleine campagne \u00e9lectorale des \u00e9lections europ\u00e9ennes (voir l\u2019article <a href=\"http:\/\/www.vududroit.com\/2019\/01\/grand-debat-macron-tour-illegal\/\" target=\"_blank\" rel=\"noopener\"><u>ici<\/u><\/a>)\u00a0? N\u2019y aurait-il pas une aide cach\u00e9e \u00e0 la liste \u00ab\u00a0en marche\u00a0\u00bb qui pourrait \u00eatre favoris\u00e9e par le \u00ab\u00a0Macron tour\u00a0\u00bb\u00a0? On peut rajouter qu\u2019organiser une telle consultation nationale durant une campagne \u00e9lectorale nationale peut aussi entrainer des difficult\u00e9s sur la r\u00e9gularit\u00e9 du scrutin ou l\u2019aide mat\u00e9rielle cach\u00e9e \u00e0 certaines listes qui en profiteraient. C\u2019est pour \u00e9viter de tels inconv\u00e9nients que la loi interdit d\u2019organiser des consultations locales durant les 6 mois qui pr\u00e9c\u00e8dent une \u00e9lection nationale\u2026 A suivre.<\/p>\n<hr \/>\n<p style=\"text-align: justify;\">Le Pr\u00e9sident (bien \u00e0 droite) de la R\u00e9gion se voit rappeler \u00e0 l\u2019ordre r\u00e9guli\u00e8rement par la justice administrative, apr\u00e8s l\u2019annulation de son budget 2017, voil\u00e0 que sa d\u00e9cision d\u2019abrogation de la cr\u00e9ation du Parc Naturel des gorges et sources de l\u2019Allier a \u00e9t\u00e9 annul\u00e9e le 21 d\u00e9cembre 2018 par le tribunal administratif de Lyon. Ainsi, tout espoir est permis pour que ce territoire se dote enfin d\u2019un outil structurant, permettant de pr\u00e9server son patrimoine naturel et culturel, mais le Pr\u00e9sident reste pour l\u2019instant droit dans ses bottes.<\/p>\n","protected":false},"excerpt":{"rendered":"<p>Une question de droit int\u00e9ressante est pos\u00e9e \u00e0 l\u2019occasion du \u00ab\u00a0Macron tour\u00a0\u00bb durant le grand d\u00e9bat qui se d\u00e9roule en pleine campagne \u00e9lectorale des \u00e9lections europ\u00e9ennes (voir l\u2019article ici)\u00a0? N\u2019y aurait-il pas une aide cach\u00e9e \u00e0 la liste \u00ab\u00a0en marche\u00a0\u00bb qui pourrait \u00eatre favoris\u00e9e par le \u00ab\u00a0Macron tour\u00a0\u00bb\u00a0? On peut rajouter qu\u2019organiser une telle consultation [&hellip;]<\/p>\n","protected":false},"author":1,"featured_media":0,"comment_status":"closed","ping_status":"open","sticky":false,"template":"","format":"standard","meta":{"twitterCardType":"","cardImageID":0,"cardImage":"","cardTitle":"","cardDesc":"","cardImageAlt":"","cardPlayer":"","cardPlayerWidth":0,"cardPlayerHeight":0,"cardPlayerStream":"","cardPlayerCodec":"","footnotes":""},"categories":[62,11],"tags":[54],"class_list":["post-15255","post","type-post","status-publish","format-standard","hentry","category-le-rouge-le-vert-hebdo","category-politique-locale","tag-politique-droite-gauche"],"_links":{"self":[{"href":"https:\/\/www.ades-grenoble.org\/wordpress\/wp-json\/wp\/v2\/posts\/15255","targetHints":{"allow":["GET"]}}],"collection":[{"href":"https:\/\/www.ades-grenoble.org\/wordpress\/wp-json\/wp\/v2\/posts"}],"about":[{"href":"https:\/\/www.ades-grenoble.org\/wordpress\/wp-json\/wp\/v2\/types\/post"}],"author":[{"embeddable":true,"href":"https:\/\/www.ades-grenoble.org\/wordpress\/wp-json\/wp\/v2\/users\/1"}],"replies":[{"embeddable":true,"href":"https:\/\/www.ades-grenoble.org\/wordpress\/wp-json\/wp\/v2\/comments?post=15255"}],"version-history":[{"count":1,"href":"https:\/\/www.ades-grenoble.org\/wordpress\/wp-json\/wp\/v2\/posts\/15255\/revisions"}],"predecessor-version":[{"id":15256,"href":"https:\/\/www.ades-grenoble.org\/wordpress\/wp-json\/wp\/v2\/posts\/15255\/revisions\/15256"}],"wp:attachment":[{"href":"https:\/\/www.ades-grenoble.org\/wordpress\/wp-json\/wp\/v2\/media?parent=15255"}],"wp:term":[{"taxonomy":"category","embeddable":true,"href":"https:\/\/www.ades-grenoble.org\/wordpress\/wp-json\/wp\/v2\/categories?post=15255"},{"taxonomy":"post_tag","embeddable":true,"href":"https:\/\/www.ades-grenoble.org\/wordpress\/wp-json\/wp\/v2\/tags?post=15255"}],"curies":[{"name":"wp","href":"https:\/\/api.w.org\/{rel}","templated":true}]}}