{"id":15263,"date":"2019-01-25T14:01:32","date_gmt":"2019-01-25T13:01:32","guid":{"rendered":"http:\/\/www.ades-grenoble.org\/wordpress\/?p=15263"},"modified":"2019-01-25T14:03:06","modified_gmt":"2019-01-25T13:03:06","slug":"agenda-107","status":"publish","type":"post","link":"https:\/\/www.ades-grenoble.org\/wordpress\/2019\/01\/25\/agenda-107\/","title":{"rendered":"Agenda"},"content":{"rendered":"<p><strong><img loading=\"lazy\" decoding=\"async\" class=\"size-medium wp-image-15136 alignleft\" src=\"http:\/\/www.ades-grenoble.org\/wordpress\/wp-content\/uploads\/2018\/12\/Climat-300x243.jpg\" alt=\"\" width=\"300\" height=\"243\" srcset=\"https:\/\/www.ades-grenoble.org\/wordpress\/wp-content\/uploads\/2018\/12\/Climat-300x243.jpg 300w, https:\/\/www.ades-grenoble.org\/wordpress\/wp-content\/uploads\/2018\/12\/Climat-150x121.jpg 150w, https:\/\/www.ades-grenoble.org\/wordpress\/wp-content\/uploads\/2018\/12\/Climat.jpg 321w\" sizes=\"auto, (max-width: 300px) 100vw, 300px\" \/>Samedi 26 janvier de 10 h \u00e0 12 h, action contre l\u2019\u00e9largissement de l\u2019A480,<\/strong> rendez-vous, devant le parking relais Catane appel\u00e9e par le collectif citoyen pour des alternatives \u00e0 l\u2019\u00e9largissement de l\u2019A480 et d\u2019autres associations.<\/p>\n<hr \/>\n<p><strong>Dimanche 27 janvier\u00a0: marche pour le climat 14 h 30<\/strong>, d\u00e9part Parc Paul Mistral \u00e0 la Tour Perret<\/p>\n<hr \/>\n<p><strong>Du 13 <\/strong><strong>f\u00e9vrier au 13 mars 2019,<\/strong> un mois pour d\u00e9poser une id\u00e9e pour le budget participatif 2019. On peut commencer \u00e0 y r\u00e9fl\u00e9chir.<\/p>\n","protected":false},"excerpt":{"rendered":"<p>Samedi 26 janvier de 10 h \u00e0 12 h, action contre l\u2019\u00e9largissement de l\u2019A480, rendez-vous, devant le parking relais Catane appel\u00e9e par le collectif citoyen pour des alternatives \u00e0 l\u2019\u00e9largissement de l\u2019A480 et d\u2019autres associations. Dimanche 27 janvier\u00a0: marche pour le climat 14 h 30, d\u00e9part Parc Paul Mistral \u00e0 la Tour Perret Du 13 [&hellip;]<\/p>\n","protected":false},"author":1,"featured_media":0,"comment_status":"closed","ping_status":"open","sticky":false,"template":"","format":"standard","meta":{"twitterCardType":"","cardImageID":0,"cardImage":"","cardTitle":"","cardDesc":"","cardImageAlt":"","cardPlayer":"","cardPlayerWidth":0,"cardPlayerHeight":0,"cardPlayerStream":"","cardPlayerCodec":"","footnotes":""},"categories":[62,11],"tags":[125],"class_list":["post-15263","post","type-post","status-publish","format-standard","hentry","category-le-rouge-le-vert-hebdo","category-politique-locale","tag-agenda"],"_links":{"self":[{"href":"https:\/\/www.ades-grenoble.org\/wordpress\/wp-json\/wp\/v2\/posts\/15263","targetHints":{"allow":["GET"]}}],"collection":[{"href":"https:\/\/www.ades-grenoble.org\/wordpress\/wp-json\/wp\/v2\/posts"}],"about":[{"href":"https:\/\/www.ades-grenoble.org\/wordpress\/wp-json\/wp\/v2\/types\/post"}],"author":[{"embeddable":true,"href":"https:\/\/www.ades-grenoble.org\/wordpress\/wp-json\/wp\/v2\/users\/1"}],"replies":[{"embeddable":true,"href":"https:\/\/www.ades-grenoble.org\/wordpress\/wp-json\/wp\/v2\/comments?post=15263"}],"version-history":[{"count":1,"href":"https:\/\/www.ades-grenoble.org\/wordpress\/wp-json\/wp\/v2\/posts\/15263\/revisions"}],"predecessor-version":[{"id":15264,"href":"https:\/\/www.ades-grenoble.org\/wordpress\/wp-json\/wp\/v2\/posts\/15263\/revisions\/15264"}],"wp:attachment":[{"href":"https:\/\/www.ades-grenoble.org\/wordpress\/wp-json\/wp\/v2\/media?parent=15263"}],"wp:term":[{"taxonomy":"category","embeddable":true,"href":"https:\/\/www.ades-grenoble.org\/wordpress\/wp-json\/wp\/v2\/categories?post=15263"},{"taxonomy":"post_tag","embeddable":true,"href":"https:\/\/www.ades-grenoble.org\/wordpress\/wp-json\/wp\/v2\/tags?post=15263"}],"curies":[{"name":"wp","href":"https:\/\/api.w.org\/{rel}","templated":true}]}}