{"id":15330,"date":"2019-02-15T13:38:37","date_gmt":"2019-02-15T12:38:37","guid":{"rendered":"http:\/\/www.ades-grenoble.org\/wordpress\/?p=15330"},"modified":"2019-02-15T14:07:52","modified_gmt":"2019-02-15T13:07:52","slug":"forte-hausse-de-lhebergement-des-personnes-en-difficulte-sociale","status":"publish","type":"post","link":"https:\/\/www.ades-grenoble.org\/wordpress\/2019\/02\/15\/forte-hausse-de-lhebergement-des-personnes-en-difficulte-sociale\/","title":{"rendered":"Forte hausse de l\u2019h\u00e9bergement des personnes en difficult\u00e9 sociale"},"content":{"rendered":"<p style=\"text-align: justify;\"><img loading=\"lazy\" decoding=\"async\" class=\"size-full wp-image-12197 alignleft\" src=\"http:\/\/www.ades-grenoble.org\/wordpress\/wp-content\/uploads\/2016\/11\/logo-drees.jpg\" alt=\"\" width=\"186\" height=\"88\" srcset=\"https:\/\/www.ades-grenoble.org\/wordpress\/wp-content\/uploads\/2016\/11\/logo-drees.jpg 186w, https:\/\/www.ades-grenoble.org\/wordpress\/wp-content\/uploads\/2016\/11\/logo-drees-150x71.jpg 150w\" sizes=\"auto, (max-width: 186px) 100vw, 186px\" \/>Le num\u00e9ro de f\u00e9vrier 2019 de la revue \u00ab\u00a0<em>Etudes et R\u00e9sultats<\/em>\u00a0\u00bb de la Direction de la Recherche, des \u00e9tudes, de l\u2019\u00e9valuation et des statistiques (DREES) des minist\u00e8res de la sant\u00e9, du travail et des comptes publics est consacr\u00e9 \u00e0 l\u2019estimation de l\u2019\u00e9volution du nombre de places d\u2019h\u00e9bergement pour les personnes en difficult\u00e9 sociale entre 2012 et 2016\u00a0:<\/p>\n<p style=\"text-align: justify;\"><em>\u00ab Fin 2016, 140\u00a0400 places d\u2019h\u00e9bergement sont propos\u00e9es aux adultes et familles en difficult\u00e9 sociale. Ce nombre est en augmentation de 39\u00a0% par rapport \u00e0 fin 2012. La hausse est encore plus forte dans les centres d\u2019accueil pour demandeurs d\u2019asile (+63\u00a0%). Dans un contexte o\u00f9 les besoins de mise \u00e0 l\u2019abri sont toujours plus \u00e9lev\u00e9s, le taux d\u2019occupation global s\u2019\u00e9l\u00e8ve \u00e0 94\u00a0% en 2016. Environ 60\u00a0% des adultes h\u00e9berg\u00e9s, hors places d\u2019urgence, sont des hommes, pour l\u2019essentiel seuls et sans enfant. Les femmes adultes accueillies sont, elles, le plus souvent accompagn\u00e9es d\u2019enfants. Les mineurs repr\u00e9sentent 30\u00a0% des effectifs. Enfin, les non-ressortissants de l\u2019Union europ\u00e9enne sont 60\u00a0%, dont la moiti\u00e9 ont le statut de demandeur d\u2019asile. 14\u00a0% des adultes h\u00e9berg\u00e9s ont une activit\u00e9 professionnelle, 26\u00a0% sont au ch\u00f4mage et 41\u00a0% dans l\u2019impossibilit\u00e9 m\u00e9dicale ou administrative de travailler. Un quart per\u00e7oit le revenu de solidarit\u00e9 active (RSA), 14\u00a0% une allocation li\u00e9e \u00e0 un handicap ou une invalidit\u00e9. 15\u00a0% des adultes h\u00e9berg\u00e9s n\u2019ont aucun revenu\u00a0: ni allocation, ni RSA, ni prime d\u2019activit\u00e9, ni revenu du travail ou de stage. La quasi-totalit\u00e9 des adultes h\u00e9berg\u00e9s ont une couverture maladie, qu\u2019il s\u2019agisse de l\u2019assurance maladie ou de l\u2019aide m\u00e9dicale d\u2019\u00c9tat. Par ailleurs, 70\u00a0% b\u00e9n\u00e9ficient de la couverture maladie universelle compl\u00e9mentaire (CMU-C). \u00bb<\/em><\/p>\n<p style=\"text-align: justify;\"><!--more-->Pour lire l&rsquo;article complet, cliquez <a href=\"https:\/\/drees.solidarites-sante.gouv.fr\/etudes-et-statistiques\/publications\/etudes-et-resultats\/article\/hebergement-des-personnes-en-difficulte-sociale-140-000-places-fin-2016-en\" target=\"_blank\" rel=\"noopener\">ici<\/a>.<\/p>\n<p style=\"text-align: justify;\">\n","protected":false},"excerpt":{"rendered":"<p>Le num\u00e9ro de f\u00e9vrier 2019 de la revue \u00ab\u00a0Etudes et R\u00e9sultats\u00a0\u00bb de la Direction de la Recherche, des \u00e9tudes, de l\u2019\u00e9valuation et des statistiques (DREES) des minist\u00e8res de la sant\u00e9, du travail et des comptes publics est consacr\u00e9 \u00e0 l\u2019estimation de l\u2019\u00e9volution du nombre de places d\u2019h\u00e9bergement pour les personnes en difficult\u00e9 sociale entre 2012 [&hellip;]<\/p>\n","protected":false},"author":1,"featured_media":0,"comment_status":"closed","ping_status":"open","sticky":false,"template":"","format":"standard","meta":{"twitterCardType":"","cardImageID":0,"cardImage":"","cardTitle":"","cardDesc":"","cardImageAlt":"","cardPlayer":"","cardPlayerWidth":0,"cardPlayerHeight":0,"cardPlayerStream":"","cardPlayerCodec":"","footnotes":""},"categories":[62,11],"tags":[209,181,33],"class_list":["post-15330","post","type-post","status-publish","format-standard","hentry","category-le-rouge-le-vert-hebdo","category-politique-locale","tag-hebergement","tag-precarite","tag-social"],"_links":{"self":[{"href":"https:\/\/www.ades-grenoble.org\/wordpress\/wp-json\/wp\/v2\/posts\/15330","targetHints":{"allow":["GET"]}}],"collection":[{"href":"https:\/\/www.ades-grenoble.org\/wordpress\/wp-json\/wp\/v2\/posts"}],"about":[{"href":"https:\/\/www.ades-grenoble.org\/wordpress\/wp-json\/wp\/v2\/types\/post"}],"author":[{"embeddable":true,"href":"https:\/\/www.ades-grenoble.org\/wordpress\/wp-json\/wp\/v2\/users\/1"}],"replies":[{"embeddable":true,"href":"https:\/\/www.ades-grenoble.org\/wordpress\/wp-json\/wp\/v2\/comments?post=15330"}],"version-history":[{"count":1,"href":"https:\/\/www.ades-grenoble.org\/wordpress\/wp-json\/wp\/v2\/posts\/15330\/revisions"}],"predecessor-version":[{"id":15331,"href":"https:\/\/www.ades-grenoble.org\/wordpress\/wp-json\/wp\/v2\/posts\/15330\/revisions\/15331"}],"wp:attachment":[{"href":"https:\/\/www.ades-grenoble.org\/wordpress\/wp-json\/wp\/v2\/media?parent=15330"}],"wp:term":[{"taxonomy":"category","embeddable":true,"href":"https:\/\/www.ades-grenoble.org\/wordpress\/wp-json\/wp\/v2\/categories?post=15330"},{"taxonomy":"post_tag","embeddable":true,"href":"https:\/\/www.ades-grenoble.org\/wordpress\/wp-json\/wp\/v2\/tags?post=15330"}],"curies":[{"name":"wp","href":"https:\/\/api.w.org\/{rel}","templated":true}]}}