{"id":15341,"date":"2019-02-15T13:55:31","date_gmt":"2019-02-15T12:55:31","guid":{"rendered":"http:\/\/www.ades-grenoble.org\/wordpress\/?p=15341"},"modified":"2019-02-15T14:08:30","modified_gmt":"2019-02-15T13:08:30","slug":"demande-de-reconnaissance-du-crime-detat-commis-le-17-octobre-1961-a-paris","status":"publish","type":"post","link":"https:\/\/www.ades-grenoble.org\/wordpress\/2019\/02\/15\/demande-de-reconnaissance-du-crime-detat-commis-le-17-octobre-1961-a-paris\/","title":{"rendered":"Demande de reconnaissance du crime d\u2019\u00c9tat commis le 17 octobre 1961 \u00e0 Paris"},"content":{"rendered":"<p style=\"text-align: justify;\"><img loading=\"lazy\" decoding=\"async\" class=\"size-medium wp-image-10818 alignleft\" src=\"http:\/\/www.ades-grenoble.org\/wordpress\/wp-content\/uploads\/2015\/10\/17octobre61-300x200.jpg\" alt=\"\" width=\"300\" height=\"200\" srcset=\"https:\/\/www.ades-grenoble.org\/wordpress\/wp-content\/uploads\/2015\/10\/17octobre61.jpg 300w, https:\/\/www.ades-grenoble.org\/wordpress\/wp-content\/uploads\/2015\/10\/17octobre61-150x100.jpg 150w\" sizes=\"auto, (max-width: 300px) 100vw, 300px\" \/>Le Collectif grenoblois \u00ab 17 octobre 1961 \u00bb a \u00e9crit au Pr\u00e9sident de la R\u00e9publique le 2 janvier 2019, comme il l\u2019avait annonc\u00e9 lors de la c\u00e9l\u00e9bration annuelle du17 octobre 2018 Place Edmond Arnaud pr\u00e8s de la plaque pos\u00e9e par la mairie pour rappeler le massacre des militants alg\u00e9riens par la police sous les ordres de Maurice Papon le 17 octobre 1961 \u00e0 Paris.<\/p>\n<p style=\"text-align: justify;\">Voici le texte de cette lettre\u00a0:<\/p>\n<p style=\"text-align: justify;\"><em>\u00ab\u00a0Monsieur le Pr\u00e9sident de la R\u00e9publique,<\/em><\/p>\n<p style=\"text-align: justify;\"><em>Lors d&rsquo;une d\u00e9claration rendue publique le 13 septembre 2018, vous avez reconnu l&rsquo;implication de l\u2019\u00c9tat et de l&rsquo;arm\u00e9e dans la mort de Maurice Audin, jeune math\u00e9maticien de 25 ans, membre du Parti Communiste Alg\u00e9rien et militant de la cause anticolonialiste, l&rsquo;existence d&rsquo;un syst\u00e8me \u00ab arrestation-d\u00e9tention \u00bb, fond\u00e9e sur le vote des pouvoirs sp\u00e9ciaux par le Parlement en 1956, qui a permis la d\u00e9l\u00e9gation des pouvoirs de police \u00e0 l&rsquo;arm\u00e9e, et le recours dans ce cadre \u00e0 la torture par des militaires.<\/em><\/p>\n<p style=\"text-align: justify;\"><!--more--><\/p>\n<p style=\"text-align: justify;\"><em>Votre d\u00e9claration est une \u00e9tape importante sur le chemin de la v\u00e9rit\u00e9 historique au sujet de la guerre d&rsquo;Alg\u00e9rie. Mais il est essentiel d&rsquo;aller plus loin et dire la v\u00e9rit\u00e9 sur les crimes commis contre le peuple alg\u00e9rien. Parmi ceux-ci, le massacre du 17 octobre 1961 a une port\u00e9e symbolique extr\u00eamement forte. Il s&rsquo;inscrit dans la continuit\u00e9 des crimes commis pour maintenir l&rsquo;ordre colonial, et il s&rsquo;est d\u00e9roul\u00e9 en plein Paris.<\/em><\/p>\n<p style=\"text-align: justify;\"><em>Le 17 octobre 1961 est un crime d\u2019\u00c9tat commis contre des Alg\u00e9riennes et des Alg\u00e9riens qui manifestaient pacifiquement contre le couvre-feu discriminatoire qui leur avait \u00e9t\u00e9 impos\u00e9 avec l&rsquo;assentiment du gouvernement de l\u2019\u00e9poque dont le Premier ministre, Michel Debr\u00e9, \u00e9tait hostile \u00e0 l\u2019ind\u00e9pendance de l\u2019Alg\u00e9rie.<\/em><\/p>\n<p style=\"text-align: justify;\"><em>Le 17 octobre 1961 est un massacre avec des centaines de victimes par les forces de police sous les ordres de M. Maurice Papon, alors pr\u00e9fet de police de Paris, condamn\u00e9 en 1998 pour complicit\u00e9 de crimes contre l&rsquo;humanit\u00e9 commis pendant la seconde guerre mondiale.<\/em><\/p>\n<p style=\"text-align: justify;\"><em>A Grenoble, comme dans d&rsquo;autres villes de France, \u00e0 l&rsquo;appel du collectif d&rsquo;associations \u00ab 17 octobre 1961 \u00bb, avec le soutien d&rsquo;associations, de syndicats et de partis politiques, des centaines de Grenobloises et de Grenoblois se rassemblent chaque ann\u00e9e pour rendre hommage \u00e0 ces manifestants, maintenir vivante la m\u00e9moire de cet \u00e9v\u00e9nement tragique.<\/em><\/p>\n<p style=\"text-align: justify;\"><em>Nous croyons qu&rsquo;il est temps que l\u2019\u00c9tat reconnaisse sa responsabilit\u00e9 dans le crime d\u2019\u00c9tat que fut le massacre du 17 octobre 1961 \u00e0 Paris. Nous demandons l&rsquo;ouverture des archives de la Guerre d&rsquo;Alg\u00e9rie et de la colonisation aux chercheurs fran\u00e7ais et \u00e9trangers, sans restrictions ni exclusives.<\/em><\/p>\n<p style=\"text-align: justify;\"><em>Votre d\u00e9claration au sujet de la disparition de Maurice Audin peut marquer la fin du d\u00e9ni et ouvrir la possibilit\u00e9 de construire une Histoire commune. Nous sommes convaincus que la soci\u00e9t\u00e9 fran\u00e7aise attend des gestes de v\u00e9rit\u00e9 au sujet de cette p\u00e9riode douloureuse.<\/em><\/p>\n<p style=\"text-align: justify;\"><em>Permettez-nous de citer l&rsquo;historien Benjamin Stora :<\/em><\/p>\n<p style=\"text-align: justify;\"><em>\u00ab\u00a0Dans mon livre, <\/em><em>La gangr\u00e8ne et l\u2019oubli, publi\u00e9 en 1991, j\u2019avais tent\u00e9 de montrer comment ce conflit ne se finissait pas, dans les t\u00eates et dans les c\u0153urs, parce que de part et d\u2019autre de la M\u00e9diterran\u00e9e, elle n\u2019avait pas \u00e9t\u00e9 suffisamment nomm\u00e9e, montr\u00e9e, assum\u00e9e dans et par une m\u00e9moire collective. Et en quoi la reconnaissance des crimes et pratiques commis pendant la guerre d\u2019Alg\u00e9rie, \u00e9tait une condition essentielle pour aller vers une m\u00e9moire plus apais\u00e9e.\u00a0\u00bb<\/em><\/p>\n<p style=\"text-align: justify;\"><em>Le 17 octobre 1961 est une date qui fait sens. C&rsquo;est pourquoi nous vous adressons ce courrier, que nous comptons rendre public, pour en informer les organisations qui nous font confiance, les \u00e9lus qui soutiennent notre d\u00e9marche depuis des ann\u00e9es, la presse qui suit nos activit\u00e9s, et de mani\u00e8re g\u00e9n\u00e9rale la population. Il s&rsquo;agit pour nous d&rsquo;une question d&rsquo;int\u00e9r\u00eat g\u00e9n\u00e9ral.<\/em><\/p>\n<p style=\"text-align: justify;\"><em>Nous restons dans l&rsquo;attente de votre r\u00e9ponse, et nous vous adressons, Monsieur le Pr\u00e9sident de la R\u00e9publique, nos meilleures salutations<\/em><\/p>\n<p style=\"text-align: justify;\"><strong><em>Le collectif 17 octobre : <\/em><\/strong><em>Alg\u00e9rie au c\u0153ur, Amal, Association Nationale des Pieds Noirs Progressistes et de leurs Amis (ANPNA), Association de Solidarit\u00e9 des Alg\u00e9riens de l&rsquo;Is\u00e8re (ASALI), Association Tisser Les Liens d&rsquo;Amiti\u00e9s Solidaires (ATLLAS), Centre d&rsquo;information inter-peuples (CIIP), Comit\u00e9 de soutien aux r\u00e9fugi\u00e9s alg\u00e9riens (CSRA), Coup de Soleil Auvergne Rh\u00f4ne-Alpes, Mouvement de la Paix Is\u00e8re, Mouvement contre le racisme et pour l&rsquo;amiti\u00e9 entre les peuples (MRAP), Ras L&rsquo;Front Is\u00e8re\u00a0\u00bb<\/em><\/p>\n","protected":false},"excerpt":{"rendered":"<p>Le Collectif grenoblois \u00ab 17 octobre 1961 \u00bb a \u00e9crit au Pr\u00e9sident de la R\u00e9publique le 2 janvier 2019, comme il l\u2019avait annonc\u00e9 lors de la c\u00e9l\u00e9bration annuelle du17 octobre 2018 Place Edmond Arnaud pr\u00e8s de la plaque pos\u00e9e par la mairie pour rappeler le massacre des militants alg\u00e9riens par la police sous les ordres [&hellip;]<\/p>\n","protected":false},"author":1,"featured_media":0,"comment_status":"closed","ping_status":"open","sticky":false,"template":"","format":"standard","meta":{"twitterCardType":"","cardImageID":0,"cardImage":"","cardTitle":"","cardDesc":"","cardImageAlt":"","cardPlayer":"","cardPlayerWidth":0,"cardPlayerHeight":0,"cardPlayerStream":"","cardPlayerCodec":"","footnotes":""},"categories":[62,11],"tags":[43,196,243],"class_list":["post-15341","post","type-post","status-publish","format-standard","hentry","category-le-rouge-le-vert-hebdo","category-politique-locale","tag-devoir-de-memoire","tag-etat","tag-justice"],"_links":{"self":[{"href":"https:\/\/www.ades-grenoble.org\/wordpress\/wp-json\/wp\/v2\/posts\/15341","targetHints":{"allow":["GET"]}}],"collection":[{"href":"https:\/\/www.ades-grenoble.org\/wordpress\/wp-json\/wp\/v2\/posts"}],"about":[{"href":"https:\/\/www.ades-grenoble.org\/wordpress\/wp-json\/wp\/v2\/types\/post"}],"author":[{"embeddable":true,"href":"https:\/\/www.ades-grenoble.org\/wordpress\/wp-json\/wp\/v2\/users\/1"}],"replies":[{"embeddable":true,"href":"https:\/\/www.ades-grenoble.org\/wordpress\/wp-json\/wp\/v2\/comments?post=15341"}],"version-history":[{"count":1,"href":"https:\/\/www.ades-grenoble.org\/wordpress\/wp-json\/wp\/v2\/posts\/15341\/revisions"}],"predecessor-version":[{"id":15342,"href":"https:\/\/www.ades-grenoble.org\/wordpress\/wp-json\/wp\/v2\/posts\/15341\/revisions\/15342"}],"wp:attachment":[{"href":"https:\/\/www.ades-grenoble.org\/wordpress\/wp-json\/wp\/v2\/media?parent=15341"}],"wp:term":[{"taxonomy":"category","embeddable":true,"href":"https:\/\/www.ades-grenoble.org\/wordpress\/wp-json\/wp\/v2\/categories?post=15341"},{"taxonomy":"post_tag","embeddable":true,"href":"https:\/\/www.ades-grenoble.org\/wordpress\/wp-json\/wp\/v2\/tags?post=15341"}],"curies":[{"name":"wp","href":"https:\/\/api.w.org\/{rel}","templated":true}]}}