{"id":15348,"date":"2019-02-15T14:00:45","date_gmt":"2019-02-15T13:00:45","guid":{"rendered":"http:\/\/www.ades-grenoble.org\/wordpress\/?p=15348"},"modified":"2019-02-15T14:09:01","modified_gmt":"2019-02-15T13:09:01","slug":"la-police-de-securite-du-quotidien-psq-debarquera-a-grenoble-fin-2019","status":"publish","type":"post","link":"https:\/\/www.ades-grenoble.org\/wordpress\/2019\/02\/15\/la-police-de-securite-du-quotidien-psq-debarquera-a-grenoble-fin-2019\/","title":{"rendered":"La Police de s\u00e9curit\u00e9 du quotidien (PSQ) d\u00e9barquera \u00e0 Grenoble fin 2019"},"content":{"rendered":"<p style=\"text-align: justify;\"><img loading=\"lazy\" decoding=\"async\" class=\"size-full wp-image-10195 alignleft\" src=\"http:\/\/www.ades-grenoble.org\/wordpress\/wp-content\/uploads\/2015\/05\/MinistereInterieur.jpg\" alt=\"\" width=\"198\" height=\"254\" srcset=\"https:\/\/www.ades-grenoble.org\/wordpress\/wp-content\/uploads\/2015\/05\/MinistereInterieur.jpg 198w, https:\/\/www.ades-grenoble.org\/wordpress\/wp-content\/uploads\/2015\/05\/MinistereInterieur-117x150.jpg 117w\" sizes=\"auto, (max-width: 198px) 100vw, 198px\" \/>Le ministre de l\u2019int\u00e9rieur a annonc\u00e9 le 8 f\u00e9vrier que 32 nouveaux quartiers de reconqu\u00eate r\u00e9publicaine verront le jour d\u2019ici la fin de l\u2019ann\u00e9e 2019, au lieu de 15 initialement pr\u00e9vus.<\/p>\n<p style=\"text-align: justify;\">Parmi ces 32 quartiers figurent les quartiers de la Villeneuve de Grenoble et d\u2019Echirolles et le quartier Renaudie-Chamberton \u00e0 Saint Martin d\u2019H\u00e8res.<\/p>\n<p style=\"text-align: justify;\">Depuis 2 ans, les Villes de Grenoble, Echirolles et Saint-Martin d\u2019H\u00e8res portaient une candidature commune pour obtenir la Police de S\u00e9curit\u00e9 du Quotidien (PSQ) et ces villes avaient \u00e9t\u00e9 oubli\u00e9e dans la premi\u00e8re vague notamment \u00e0 cause du Grenoble bashing savamment entretenu par les d\u00e9put\u00e9s \u00ab\u00a0En Marche\u00a0\u00bb et les diverses oppositions municipales \u00e0 Grenoble. Mais les maires ont continu\u00e9 leur demande avec d\u00e9termination et fin septembre 2018, G\u00e9rard Collomb, Ministre de l\u2019Int\u00e9rieur d\u2019alors, avait annonc\u00e9 que Grenoble et son agglom\u00e9ration obtiendraient rapidement des renforts et feraient dans un second temps partie de la 2<sup>\u00e8me<\/sup> vague de la PSQ, avec l\u2019arriv\u00e9e de 35 policiers suppl\u00e9mentaires fin 2019.<\/p>\n<p style=\"text-align: justify;\">Conform\u00e9ment \u00e0 ces engagements, 20 policiers ont \u00e9t\u00e9 d\u00e9ploy\u00e9s \u00e0 la fin de l\u2019ann\u00e9e 2018 et 15 suppl\u00e9mentaires le seront en juin 2019.<\/p>\n<p style=\"text-align: justify;\"><!--more--><\/p>\n<p style=\"text-align: justify;\">Le Maire de Grenoble a d\u00e9clar\u00e9\u00a0: <em>\u00ab\u00a0Enfin\u00a0! L&rsquo;agglom\u00e9ration de Grenoble est officiellement int\u00e9gr\u00e9e dans la Police de s\u00e9curit\u00e9 du quotidien. Nos efforts avec Renzo Sulli, Maire d\u2019Echirolles et\u00a0 David Queiros, Maire de Saint-Martin d\u2019H\u00e8res ont pay\u00e9 ! La Villeneuve de Grenoble est int\u00e9gr\u00e9e dans le dispositif des Quartiers de reconqu\u00eate r\u00e9publicaine, avec des effectifs suppl\u00e9mentaires qui arriveront fin 2019. C\u2019est une bonne nouvelle pour ce quartier et pour le quotidien des grenoblois-e-s. \u00bb<\/em><\/p>\n<p style=\"text-align: justify;\">Pour lire le communiqu\u00e9, cliquez <a href=\"https:\/\/www.interieur.gouv.fr\/Actualites\/L-actu-du-Ministere\/La-police-de-securite-du-quotidien-un-an-apres\" target=\"_blank\" rel=\"noopener\">ici<\/a>.<\/p>\n","protected":false},"excerpt":{"rendered":"<p>Le ministre de l\u2019int\u00e9rieur a annonc\u00e9 le 8 f\u00e9vrier que 32 nouveaux quartiers de reconqu\u00eate r\u00e9publicaine verront le jour d\u2019ici la fin de l\u2019ann\u00e9e 2019, au lieu de 15 initialement pr\u00e9vus. Parmi ces 32 quartiers figurent les quartiers de la Villeneuve de Grenoble et d\u2019Echirolles et le quartier Renaudie-Chamberton \u00e0 Saint Martin d\u2019H\u00e8res. Depuis 2 [&hellip;]<\/p>\n","protected":false},"author":1,"featured_media":0,"comment_status":"closed","ping_status":"open","sticky":false,"template":"","format":"standard","meta":{"twitterCardType":"","cardImageID":0,"cardImage":"","cardTitle":"","cardDesc":"","cardImageAlt":"","cardPlayer":"","cardPlayerWidth":0,"cardPlayerHeight":0,"cardPlayerStream":"","cardPlayerCodec":"","footnotes":""},"categories":[62,11],"tags":[196,241,159],"class_list":["post-15348","post","type-post","status-publish","format-standard","hentry","category-le-rouge-le-vert-hebdo","category-politique-locale","tag-etat","tag-police","tag-quartiers-prioritaires"],"_links":{"self":[{"href":"https:\/\/www.ades-grenoble.org\/wordpress\/wp-json\/wp\/v2\/posts\/15348","targetHints":{"allow":["GET"]}}],"collection":[{"href":"https:\/\/www.ades-grenoble.org\/wordpress\/wp-json\/wp\/v2\/posts"}],"about":[{"href":"https:\/\/www.ades-grenoble.org\/wordpress\/wp-json\/wp\/v2\/types\/post"}],"author":[{"embeddable":true,"href":"https:\/\/www.ades-grenoble.org\/wordpress\/wp-json\/wp\/v2\/users\/1"}],"replies":[{"embeddable":true,"href":"https:\/\/www.ades-grenoble.org\/wordpress\/wp-json\/wp\/v2\/comments?post=15348"}],"version-history":[{"count":1,"href":"https:\/\/www.ades-grenoble.org\/wordpress\/wp-json\/wp\/v2\/posts\/15348\/revisions"}],"predecessor-version":[{"id":15349,"href":"https:\/\/www.ades-grenoble.org\/wordpress\/wp-json\/wp\/v2\/posts\/15348\/revisions\/15349"}],"wp:attachment":[{"href":"https:\/\/www.ades-grenoble.org\/wordpress\/wp-json\/wp\/v2\/media?parent=15348"}],"wp:term":[{"taxonomy":"category","embeddable":true,"href":"https:\/\/www.ades-grenoble.org\/wordpress\/wp-json\/wp\/v2\/categories?post=15348"},{"taxonomy":"post_tag","embeddable":true,"href":"https:\/\/www.ades-grenoble.org\/wordpress\/wp-json\/wp\/v2\/tags?post=15348"}],"curies":[{"name":"wp","href":"https:\/\/api.w.org\/{rel}","templated":true}]}}