{"id":15373,"date":"2019-02-22T14:25:42","date_gmt":"2019-02-22T13:25:42","guid":{"rendered":"http:\/\/www.ades-grenoble.org\/wordpress\/?p=15373"},"modified":"2019-02-22T14:42:38","modified_gmt":"2019-02-22T13:42:38","slug":"la-distribution-delectricite-a-sechilienne-concedee-a-geg","status":"publish","type":"post","link":"https:\/\/www.ades-grenoble.org\/wordpress\/2019\/02\/22\/la-distribution-delectricite-a-sechilienne-concedee-a-geg\/","title":{"rendered":"La distribution d\u2019\u00e9lectricit\u00e9 \u00e0 S\u00e9chilienne conc\u00e9d\u00e9e \u00e0 GEG"},"content":{"rendered":"<p style=\"text-align: justify;\"><img loading=\"lazy\" decoding=\"async\" class=\"size-full wp-image-8753 alignleft\" src=\"http:\/\/www.ades-grenoble.org\/wordpress\/wp-content\/uploads\/2014\/06\/GEG.jpg\" alt=\"\" width=\"300\" height=\"200\" srcset=\"https:\/\/www.ades-grenoble.org\/wordpress\/wp-content\/uploads\/2014\/06\/GEG.jpg 300w, https:\/\/www.ades-grenoble.org\/wordpress\/wp-content\/uploads\/2014\/06\/GEG-150x100.jpg 150w\" sizes=\"auto, (max-width: 300px) 100vw, 300px\" \/>Depuis 1926, la commune de S\u00e9chilienne g\u00e9rait en direct la distribution d\u2019\u00e9lectricit\u00e9 et avait conserv\u00e9 cette possibilit\u00e9 \u00e0 la lib\u00e9ration, lors de la nationalisation de l\u2019\u00e9lectricit\u00e9 comme la commune de Grenoble. Mais le contexte change avec l\u2019ouverture \u00e0 la concurrence de la fourniture d\u2019\u00e9lectricit\u00e9, les petites r\u00e9gies ont des difficult\u00e9s \u00e0 survivre. C\u2019est pourquoi le groupement ELISE (Energies locales de l\u2019Is\u00e8re) qui regroupait 10 petites r\u00e9gies de l\u2019Is\u00e8re a d\u00e9cid\u00e9 de rejoindre GEG qui passe des contrats de concession pour la distribution et la fourniture d\u2019\u00e9lectricit\u00e9 au tarif r\u00e9glement\u00e9 avec ces communes qui sont devenues actionnaires de la SEM.<\/p>\n<p style=\"text-align: justify;\">Le 8 f\u00e9vrier le Conseil de m\u00e9tropole a d\u00e9cid\u00e9 de prendre les 34 actions de S\u00e9chilienne dans GEG \u00e0 titre gratuit. Le contrat de d\u00e9l\u00e9gation sera sign\u00e9 par la M\u00e9tro. M\u00eame si le montant des actions de S\u00e9chilienne est faible (2440 \u20ac), cette cession \u00e0 titre gratuit n\u2019est pas tout \u00e0 fait r\u00e9guli\u00e8re car cela signifie que ce sont les usagers du service public qui les payent par l\u2019apport de l\u2019actif de la r\u00e9gie. Il y a une confusion entre les moyens du service public et l\u2019actionnariat d\u2019une SEM qui est un choix de mode de gestion pris par la collectivit\u00e9, qui doit \u00eatre pay\u00e9 par les contribuables \u00e0 travers le budget principal de la collectivit\u00e9.<\/p>\n<p style=\"text-align: justify;\"><!--more--><\/p>\n<p style=\"text-align: justify;\">Lors de ce Conseil m\u00e9tropolitain, il a aussi \u00e9t\u00e9 d\u00e9cid\u00e9 du transfert des activit\u00e9s de distribution d\u2019\u00e9lectricit\u00e9 et de gaz \u00e0 la filiale cr\u00e9\u00e9e par la SEM GEG, ainsi la s\u00e9paration des activit\u00e9s r\u00e9seau et fourniture est accomplie. Les activit\u00e9s de gestion des colonnes montantes et d\u2019\u00e9clairage public sont aussi int\u00e9gr\u00e9es dans cette filiale \u00e0 100% de GEG.<\/p>\n","protected":false},"excerpt":{"rendered":"<p>Depuis 1926, la commune de S\u00e9chilienne g\u00e9rait en direct la distribution d\u2019\u00e9lectricit\u00e9 et avait conserv\u00e9 cette possibilit\u00e9 \u00e0 la lib\u00e9ration, lors de la nationalisation de l\u2019\u00e9lectricit\u00e9 comme la commune de Grenoble. Mais le contexte change avec l\u2019ouverture \u00e0 la concurrence de la fourniture d\u2019\u00e9lectricit\u00e9, les petites r\u00e9gies ont des difficult\u00e9s \u00e0 survivre. C\u2019est pourquoi le [&hellip;]<\/p>\n","protected":false},"author":1,"featured_media":0,"comment_status":"closed","ping_status":"open","sticky":false,"template":"","format":"standard","meta":{"twitterCardType":"","cardImageID":0,"cardImage":"","cardTitle":"","cardDesc":"","cardImageAlt":"","cardPlayer":"","cardPlayerWidth":0,"cardPlayerHeight":0,"cardPlayerStream":"","cardPlayerCodec":"","footnotes":""},"categories":[62,11],"tags":[228,28,44],"class_list":["post-15373","post","type-post","status-publish","format-standard","hentry","category-le-rouge-le-vert-hebdo","category-politique-locale","tag-electricite","tag-geg","tag-services-publics"],"_links":{"self":[{"href":"https:\/\/www.ades-grenoble.org\/wordpress\/wp-json\/wp\/v2\/posts\/15373","targetHints":{"allow":["GET"]}}],"collection":[{"href":"https:\/\/www.ades-grenoble.org\/wordpress\/wp-json\/wp\/v2\/posts"}],"about":[{"href":"https:\/\/www.ades-grenoble.org\/wordpress\/wp-json\/wp\/v2\/types\/post"}],"author":[{"embeddable":true,"href":"https:\/\/www.ades-grenoble.org\/wordpress\/wp-json\/wp\/v2\/users\/1"}],"replies":[{"embeddable":true,"href":"https:\/\/www.ades-grenoble.org\/wordpress\/wp-json\/wp\/v2\/comments?post=15373"}],"version-history":[{"count":1,"href":"https:\/\/www.ades-grenoble.org\/wordpress\/wp-json\/wp\/v2\/posts\/15373\/revisions"}],"predecessor-version":[{"id":15374,"href":"https:\/\/www.ades-grenoble.org\/wordpress\/wp-json\/wp\/v2\/posts\/15373\/revisions\/15374"}],"wp:attachment":[{"href":"https:\/\/www.ades-grenoble.org\/wordpress\/wp-json\/wp\/v2\/media?parent=15373"}],"wp:term":[{"taxonomy":"category","embeddable":true,"href":"https:\/\/www.ades-grenoble.org\/wordpress\/wp-json\/wp\/v2\/categories?post=15373"},{"taxonomy":"post_tag","embeddable":true,"href":"https:\/\/www.ades-grenoble.org\/wordpress\/wp-json\/wp\/v2\/tags?post=15373"}],"curies":[{"name":"wp","href":"https:\/\/api.w.org\/{rel}","templated":true}]}}