{"id":15379,"date":"2019-02-22T14:33:10","date_gmt":"2019-02-22T13:33:10","guid":{"rendered":"http:\/\/www.ades-grenoble.org\/wordpress\/?p=15379"},"modified":"2019-02-22T14:42:57","modified_gmt":"2019-02-22T13:42:57","slug":"politique-politicienne-152","status":"publish","type":"post","link":"https:\/\/www.ades-grenoble.org\/wordpress\/2019\/02\/22\/politique-politicienne-152\/","title":{"rendered":"Politique politicienne"},"content":{"rendered":"<p style=\"text-align: justify;\"><img loading=\"lazy\" decoding=\"async\" class=\"size-full wp-image-9634 alignleft\" src=\"http:\/\/www.ades-grenoble.org\/wordpress\/wp-content\/uploads\/2015\/01\/fou1.png\" alt=\"\" width=\"200\" height=\"234\" srcset=\"https:\/\/www.ades-grenoble.org\/wordpress\/wp-content\/uploads\/2015\/01\/fou1.png 200w, https:\/\/www.ades-grenoble.org\/wordpress\/wp-content\/uploads\/2015\/01\/fou1-128x150.png 128w\" sizes=\"auto, (max-width: 200px) 100vw, 200px\" \/>L\u2019ancien maire corrompu (1983-1995) qui veut revenir aux affaires, s\u2019\u00e9nerve contre le maire actuel et essaye d\u2019innover dans la transparence de la vie publique, lui qui \u00e9tait pour le mensonge, contre l\u2019Etat de droit et pour l\u2019oubli. Il explique que dans son \u00e9quipe un ancien pr\u00e9sident du tribunal administratif fait des propositions pour am\u00e9liorer la transparence dans les d\u00e9cisions publiques, notamment de cr\u00e9er une Commission d\u2019Appel d\u2019Offres (CAO) pour les march\u00e9s publics qui soit ouverte au public et pr\u00e9sid\u00e9e par un ancien magistrat. C\u2019est tout \u00e0 fait surprenant qu\u2019un ancien magistrat qui connait le droit fasse de telles propositions. De la part du corrompu c\u2019est tout \u00e0 fait dans sa culture, le droit il ne connait pas et il l\u2019a d\u00e9montr\u00e9 \u00e0 de multiples reprises au d\u00e9triment des Grenoblois\u00a0; par contre pour la d\u00e9magogie il est tr\u00e8s performant. Il y a deux lourdes erreurs dans cette proposition\u00a0:<\/p>\n<ul>\n<li style=\"text-align: justify;\">la CAO est exclusivement compos\u00e9es de membres du Conseil municipal et pr\u00e9sid\u00e9e par le maire ou son repr\u00e9sentant et en aucun cas par une personne ext\u00e9rieure m\u00eame un ancien magistrat. M. Destot avait voulu faire pr\u00e9sider une commission municipale consultative par un ancien magistrat, cela avait \u00e9t\u00e9 annul\u00e9 par la justice administrative.<\/li>\n<li style=\"text-align: justify;\">les r\u00e9unions de la CAO ne sont pas publiques, le pr\u00e9sident de la commission peut y inviter des personnalit\u00e9s comp\u00e9tentes sur le sujet trait\u00e9 avec voix consultative (article L 1411-5 du CGCT), elle se r\u00e9unit \u00e0 huit clos, sinon cela aurait pour objet de rendre public le contenu des offres des candidats, ce qui porterait atteinte au principe d\u2019\u00e9gal concurrence et de protection du secret industriel et commercial, ce qui est interdit par le droit europ\u00e9en.<\/li>\n<\/ul>\n","protected":false},"excerpt":{"rendered":"<p>L\u2019ancien maire corrompu (1983-1995) qui veut revenir aux affaires, s\u2019\u00e9nerve contre le maire actuel et essaye d\u2019innover dans la transparence de la vie publique, lui qui \u00e9tait pour le mensonge, contre l\u2019Etat de droit et pour l\u2019oubli. Il explique que dans son \u00e9quipe un ancien pr\u00e9sident du tribunal administratif fait des propositions pour am\u00e9liorer la [&hellip;]<\/p>\n","protected":false},"author":1,"featured_media":0,"comment_status":"closed","ping_status":"open","sticky":false,"template":"","format":"standard","meta":{"twitterCardType":"","cardImageID":0,"cardImage":"","cardTitle":"","cardDesc":"","cardImageAlt":"","cardPlayer":"","cardPlayerWidth":0,"cardPlayerHeight":0,"cardPlayerStream":"","cardPlayerCodec":"","footnotes":""},"categories":[62,11],"tags":[30,54],"class_list":["post-15379","post","type-post","status-publish","format-standard","hentry","category-le-rouge-le-vert-hebdo","category-politique-locale","tag-corrompu","tag-politique-droite-gauche"],"_links":{"self":[{"href":"https:\/\/www.ades-grenoble.org\/wordpress\/wp-json\/wp\/v2\/posts\/15379","targetHints":{"allow":["GET"]}}],"collection":[{"href":"https:\/\/www.ades-grenoble.org\/wordpress\/wp-json\/wp\/v2\/posts"}],"about":[{"href":"https:\/\/www.ades-grenoble.org\/wordpress\/wp-json\/wp\/v2\/types\/post"}],"author":[{"embeddable":true,"href":"https:\/\/www.ades-grenoble.org\/wordpress\/wp-json\/wp\/v2\/users\/1"}],"replies":[{"embeddable":true,"href":"https:\/\/www.ades-grenoble.org\/wordpress\/wp-json\/wp\/v2\/comments?post=15379"}],"version-history":[{"count":1,"href":"https:\/\/www.ades-grenoble.org\/wordpress\/wp-json\/wp\/v2\/posts\/15379\/revisions"}],"predecessor-version":[{"id":15380,"href":"https:\/\/www.ades-grenoble.org\/wordpress\/wp-json\/wp\/v2\/posts\/15379\/revisions\/15380"}],"wp:attachment":[{"href":"https:\/\/www.ades-grenoble.org\/wordpress\/wp-json\/wp\/v2\/media?parent=15379"}],"wp:term":[{"taxonomy":"category","embeddable":true,"href":"https:\/\/www.ades-grenoble.org\/wordpress\/wp-json\/wp\/v2\/categories?post=15379"},{"taxonomy":"post_tag","embeddable":true,"href":"https:\/\/www.ades-grenoble.org\/wordpress\/wp-json\/wp\/v2\/tags?post=15379"}],"curies":[{"name":"wp","href":"https:\/\/api.w.org\/{rel}","templated":true}]}}