{"id":15381,"date":"2019-02-22T14:35:24","date_gmt":"2019-02-22T13:35:24","guid":{"rendered":"http:\/\/www.ades-grenoble.org\/wordpress\/?p=15381"},"modified":"2019-02-22T14:43:02","modified_gmt":"2019-02-22T13:43:02","slug":"avant-meme-que-la-justice-ne-se-prononce-larea-abat-les-arbres-a-catane","status":"publish","type":"post","link":"https:\/\/www.ades-grenoble.org\/wordpress\/2019\/02\/22\/avant-meme-que-la-justice-ne-se-prononce-larea-abat-les-arbres-a-catane\/","title":{"rendered":"Avant m\u00eame que la justice ne se prononce, l\u2019AREA abat les arbres \u00e0 Catane"},"content":{"rendered":"<p style=\"text-align: justify;\"><img loading=\"lazy\" decoding=\"async\" class=\"size-full wp-image-12376 alignleft\" src=\"http:\/\/www.ades-grenoble.org\/wordpress\/wp-content\/uploads\/2016\/12\/panneau-autoroute.jpg\" alt=\"\" width=\"300\" height=\"300\" srcset=\"https:\/\/www.ades-grenoble.org\/wordpress\/wp-content\/uploads\/2016\/12\/panneau-autoroute.jpg 300w, https:\/\/www.ades-grenoble.org\/wordpress\/wp-content\/uploads\/2016\/12\/panneau-autoroute-150x150.jpg 150w, https:\/\/www.ades-grenoble.org\/wordpress\/wp-content\/uploads\/2016\/12\/panneau-autoroute-144x144.jpg 144w\" sizes=\"auto, (max-width: 300px) 100vw, 300px\" \/>En g\u00e9n\u00e9ral, lorsqu\u2019il y a un r\u00e9f\u00e9r\u00e9 d\u00e9pos\u00e9 devant la justice le ma\u00eetre d\u2019ouvrage des travaux a la sagesse d\u2019attendre l\u2019ordonnance du juge avant de commencer les travaux. Mais l\u2019AREA est tellement press\u00e9e qu\u2019elle a commenc\u00e9 \u00e0 couper les arbres \u00e0 Catane cr\u00e9ant une vraie provocation vis \u00e0 vis des riverains.<\/p>\n<p style=\"text-align: justify;\">Imaginons un instant que la justice suspende puis annule la d\u00e9claration d\u2019utilit\u00e9 publique de juillet 2018, qui va r\u00e9parer ces d\u00e9g\u00e2ts \u00e0 l\u2019environnement\u00a0?<\/p>\n<p style=\"text-align: justify;\">L\u2019AREA est donc \u00e0 15 jours pr\u00e8s, cela signifie qu\u2019elle craint de ne pas arriver \u00e0 boucler les travaux importants avant le red\u00e9marrage en 2020 de l\u2019ESRF. Ou bien elle veut influencer la justice en lui indiquant qu\u2019elle est d\u00e9termin\u00e9e \u00e0 avancer co\u00fbte que co\u00fbte.<\/p>\n<p style=\"text-align: justify;\">On saura \u00e0 la fin du mois la position du juge des r\u00e9f\u00e9r\u00e9s sur ce dossier et donc une premi\u00e8re tendance sur la l\u00e9galit\u00e9 de la d\u00e9claration d\u2019utilit\u00e9 publique de juillet 2018.<\/p>\n<p style=\"text-align: justify;\">Alors que des personnes protestaient contre ces travaux de mani\u00e8re non violente, la police en a embarqu\u00e9 deux, tout cela pour intimider les contestataires et cr\u00e9er un climat de tension entrainant des manifestations plus violentes. Plus vite la justice se prononcera, mieux cela vaudra.<\/p>\n","protected":false},"excerpt":{"rendered":"<p>En g\u00e9n\u00e9ral, lorsqu\u2019il y a un r\u00e9f\u00e9r\u00e9 d\u00e9pos\u00e9 devant la justice le ma\u00eetre d\u2019ouvrage des travaux a la sagesse d\u2019attendre l\u2019ordonnance du juge avant de commencer les travaux. Mais l\u2019AREA est tellement press\u00e9e qu\u2019elle a commenc\u00e9 \u00e0 couper les arbres \u00e0 Catane cr\u00e9ant une vraie provocation vis \u00e0 vis des riverains. Imaginons un instant que [&hellip;]<\/p>\n","protected":false},"author":1,"featured_media":0,"comment_status":"closed","ping_status":"open","sticky":false,"template":"","format":"standard","meta":{"twitterCardType":"","cardImageID":0,"cardImage":"","cardTitle":"","cardDesc":"","cardImageAlt":"","cardPlayer":"","cardPlayerWidth":0,"cardPlayerHeight":0,"cardPlayerStream":"","cardPlayerCodec":"","footnotes":""},"categories":[62,11],"tags":[103,5,52],"class_list":["post-15381","post","type-post","status-publish","format-standard","hentry","category-le-rouge-le-vert-hebdo","category-politique-locale","tag-a480","tag-deplacements","tag-justice-administrative"],"_links":{"self":[{"href":"https:\/\/www.ades-grenoble.org\/wordpress\/wp-json\/wp\/v2\/posts\/15381","targetHints":{"allow":["GET"]}}],"collection":[{"href":"https:\/\/www.ades-grenoble.org\/wordpress\/wp-json\/wp\/v2\/posts"}],"about":[{"href":"https:\/\/www.ades-grenoble.org\/wordpress\/wp-json\/wp\/v2\/types\/post"}],"author":[{"embeddable":true,"href":"https:\/\/www.ades-grenoble.org\/wordpress\/wp-json\/wp\/v2\/users\/1"}],"replies":[{"embeddable":true,"href":"https:\/\/www.ades-grenoble.org\/wordpress\/wp-json\/wp\/v2\/comments?post=15381"}],"version-history":[{"count":1,"href":"https:\/\/www.ades-grenoble.org\/wordpress\/wp-json\/wp\/v2\/posts\/15381\/revisions"}],"predecessor-version":[{"id":15382,"href":"https:\/\/www.ades-grenoble.org\/wordpress\/wp-json\/wp\/v2\/posts\/15381\/revisions\/15382"}],"wp:attachment":[{"href":"https:\/\/www.ades-grenoble.org\/wordpress\/wp-json\/wp\/v2\/media?parent=15381"}],"wp:term":[{"taxonomy":"category","embeddable":true,"href":"https:\/\/www.ades-grenoble.org\/wordpress\/wp-json\/wp\/v2\/categories?post=15381"},{"taxonomy":"post_tag","embeddable":true,"href":"https:\/\/www.ades-grenoble.org\/wordpress\/wp-json\/wp\/v2\/tags?post=15381"}],"curies":[{"name":"wp","href":"https:\/\/api.w.org\/{rel}","templated":true}]}}