{"id":15455,"date":"2019-03-08T10:04:49","date_gmt":"2019-03-08T09:04:49","guid":{"rendered":"http:\/\/www.ades-grenoble.org\/wordpress\/?p=15455"},"modified":"2019-03-08T12:01:10","modified_gmt":"2019-03-08T11:01:10","slug":"confirmation-du-net-ralentissement-des-depenses-daide-sociale-des-departements-en-2017","status":"publish","type":"post","link":"https:\/\/www.ades-grenoble.org\/wordpress\/2019\/03\/08\/confirmation-du-net-ralentissement-des-depenses-daide-sociale-des-departements-en-2017\/","title":{"rendered":"Confirmation du net ralentissement des d\u00e9penses d&rsquo;aide sociale des d\u00e9partements en 2017"},"content":{"rendered":"\n<div class=\"wp-block-image\"><figure class=\"alignleft\"><img loading=\"lazy\" decoding=\"async\" width=\"186\" height=\"88\" src=\"http:\/\/www.ades-grenoble.org\/wordpress\/wp-content\/uploads\/2016\/11\/logo-drees.jpg\" alt=\"\" class=\"wp-image-12197\" srcset=\"https:\/\/www.ades-grenoble.org\/wordpress\/wp-content\/uploads\/2016\/11\/logo-drees.jpg 186w, https:\/\/www.ades-grenoble.org\/wordpress\/wp-content\/uploads\/2016\/11\/logo-drees-150x71.jpg 150w\" sizes=\"auto, (max-width: 186px) 100vw, 186px\" \/><\/figure><\/div>\n\n\n\n<p>Au printemps dernier, l&rsquo;Odas (Observatoire national de l&rsquo;action sociale) pr\u00e9sentait son \u00e9tude annuelle sur les d\u00e9penses d\u00e9partementales d&rsquo;action sociale, portant sur 2017 (voir notre article ci-dessous du 23 mai 2018). R\u00e9alis\u00e9e sur un \u00e9chantillon de 43 d\u00e9partements, celle-ci montrait une progression de la d\u00e9pense brute d&rsquo;aide sociale de 1,6%. Aujourd&rsquo;hui, la Drees (direction de la recherche, des \u00e9tudes, de l&rsquo;\u00e9valuation et des statistiques des minist\u00e8res sociaux) publie les chiffres officiels. Ils montrent que les d\u00e9penses totales d\u2019aide sociale des d\u00e9partements, nettes des recouvrements, r\u00e9cup\u00e9rations et remboursements, se sont \u00e9lev\u00e9es l&rsquo;an dernier \u00e0 37,5 milliards d\u2019euros (l&rsquo;Odas pr\u00e9voyait 37,4 milliards). Avec une hausse de seulement 0,4% en euros constants par rapport \u00e0 2016, la Drees peut l\u00e9gitimement \u00e9voquer \u00ab\u00a0<em>un net infl\u00e9chissement de l&rsquo;augmentation des d\u00e9penses sociales des d\u00e9partements\u00a0<\/em>\u00bb. Sur le moyen terme, la progression reste toutefois plus significative, puisqu&rsquo;elle est de 8,6% en euros constants entre 2013 et 2017.<\/p>\n\n\n<p><!--more--><\/p>\n\n\n<p>La\nd\u00e9c\u00e9l\u00e9ration marqu\u00e9e de 2017 s&rsquo;explique avant tout par la baisse de 1,4% en euros\nconstants des d\u00e9penses de RSA (11,6 milliards d&rsquo;euros et +5,3% depuis 2013),\nqui repr\u00e9sentent 31% de la d\u00e9pense totale d&rsquo;aide sociale. Les autres postes\ncontinuent en revanche de progresser, mais de fa\u00e7on plus mod\u00e9r\u00e9e que les ann\u00e9es\nant\u00e9rieures : +1,4% pour l&rsquo;aide sociale \u00e0 l&rsquo;enfance (7,7 milliards et +2,7% en\neuros constants depuis 2013) et pour les personnes handicap\u00e9es (\u00e9galement 7,7\nmilliards, mais +10,6% depuis 2013) et +1,5% pour les personnes \u00e2g\u00e9es (7,3\nmilliards et +3,5%).<\/p>\n\n\n\n<p>Pour t\u00e9l\u00e9charger l&rsquo;\u00e9tude de la Drees, dans le n\u00b01105 d'\u00a0\u00bb<em>Etudes &amp; R\u00e9sultats<\/em>\u00a0\u00bb (f\u00e9vrier 2019) cliquez <a href=\"https:\/\/drees.solidarites-sante.gouv.fr\/IMG\/pdf\/er1105.pdf\" target=\"_blank\" rel=\"noreferrer noopener\" aria-label=\"ici (opens in a new tab)\">ici<\/a>.<\/p>\n","protected":false},"excerpt":{"rendered":"<p>Au printemps dernier, l&rsquo;Odas (Observatoire national de l&rsquo;action sociale) pr\u00e9sentait son \u00e9tude annuelle sur les d\u00e9penses d\u00e9partementales d&rsquo;action sociale, portant sur 2017 (voir notre article ci-dessous du 23 mai 2018). R\u00e9alis\u00e9e sur un \u00e9chantillon de 43 d\u00e9partements, celle-ci montrait une progression de la d\u00e9pense brute d&rsquo;aide sociale de 1,6%. Aujourd&rsquo;hui, la Drees (direction de la [&hellip;]<\/p>\n","protected":false},"author":1,"featured_media":0,"comment_status":"closed","ping_status":"open","sticky":false,"template":"","format":"standard","meta":{"twitterCardType":"","cardImageID":0,"cardImage":"","cardTitle":"","cardDesc":"","cardImageAlt":"","cardPlayer":"","cardPlayerWidth":0,"cardPlayerHeight":0,"cardPlayerStream":"","cardPlayerCodec":"","footnotes":""},"categories":[62,11],"tags":[193,138,33],"class_list":["post-15455","post","type-post","status-publish","format-standard","hentry","category-le-rouge-le-vert-hebdo","category-politique-locale","tag-conseil-departemental","tag-finances","tag-social"],"_links":{"self":[{"href":"https:\/\/www.ades-grenoble.org\/wordpress\/wp-json\/wp\/v2\/posts\/15455","targetHints":{"allow":["GET"]}}],"collection":[{"href":"https:\/\/www.ades-grenoble.org\/wordpress\/wp-json\/wp\/v2\/posts"}],"about":[{"href":"https:\/\/www.ades-grenoble.org\/wordpress\/wp-json\/wp\/v2\/types\/post"}],"author":[{"embeddable":true,"href":"https:\/\/www.ades-grenoble.org\/wordpress\/wp-json\/wp\/v2\/users\/1"}],"replies":[{"embeddable":true,"href":"https:\/\/www.ades-grenoble.org\/wordpress\/wp-json\/wp\/v2\/comments?post=15455"}],"version-history":[{"count":1,"href":"https:\/\/www.ades-grenoble.org\/wordpress\/wp-json\/wp\/v2\/posts\/15455\/revisions"}],"predecessor-version":[{"id":15461,"href":"https:\/\/www.ades-grenoble.org\/wordpress\/wp-json\/wp\/v2\/posts\/15455\/revisions\/15461"}],"wp:attachment":[{"href":"https:\/\/www.ades-grenoble.org\/wordpress\/wp-json\/wp\/v2\/media?parent=15455"}],"wp:term":[{"taxonomy":"category","embeddable":true,"href":"https:\/\/www.ades-grenoble.org\/wordpress\/wp-json\/wp\/v2\/categories?post=15455"},{"taxonomy":"post_tag","embeddable":true,"href":"https:\/\/www.ades-grenoble.org\/wordpress\/wp-json\/wp\/v2\/tags?post=15455"}],"curies":[{"name":"wp","href":"https:\/\/api.w.org\/{rel}","templated":true}]}}