{"id":15493,"date":"2019-03-08T11:54:22","date_gmt":"2019-03-08T10:54:22","guid":{"rendered":"http:\/\/www.ades-grenoble.org\/wordpress\/?p=15493"},"modified":"2019-03-08T12:02:29","modified_gmt":"2019-03-08T11:02:29","slug":"carnalight-de-la-villeneuve-de-grenoble","status":"publish","type":"post","link":"https:\/\/www.ades-grenoble.org\/wordpress\/2019\/03\/08\/carnalight-de-la-villeneuve-de-grenoble\/","title":{"rendered":"Carna\u2019light de la Villeneuve de Grenoble"},"content":{"rendered":"\n<div class=\"wp-block-image\"><figure class=\"alignleft\"><img loading=\"lazy\" decoding=\"async\" width=\"400\" height=\"154\" src=\"http:\/\/www.ades-grenoble.org\/wordpress\/wp-content\/uploads\/2019\/03\/Carna-light.jpg\" alt=\"\" class=\"wp-image-15494\" srcset=\"https:\/\/www.ades-grenoble.org\/wordpress\/wp-content\/uploads\/2019\/03\/Carna-light.jpg 400w, https:\/\/www.ades-grenoble.org\/wordpress\/wp-content\/uploads\/2019\/03\/Carna-light-150x58.jpg 150w, https:\/\/www.ades-grenoble.org\/wordpress\/wp-content\/uploads\/2019\/03\/Carna-light-300x116.jpg 300w\" sizes=\"auto, (max-width: 400px) 100vw, 400px\" \/><\/figure><\/div>\n\n\n\n<p>Vendredi\n15 mars 2019 de 18 h 45 \u00e0 20 h a lieu \u00e0 la Villeneuve de Grenoble le tout\nnouveau <strong>Carnaval lumineux<\/strong>. Il sera\npartag\u00e9 en 2020 avec la Villeneuve d\u2019Echirolles et ouvert aux autres quartiers\npopulaires en 2021. <\/p>\n\n\n\n<p>Le\nrendez-vous est fix\u00e9 place Rouge \u00e0 18 h 45, puis d\u00e9ambulation \u00e0 travers le\nquartier avant de revenir place Rouge pour faire br\u00fbler Bonhomme Carnaval.<\/p>\n\n\n<p><!--more--><\/p>\n\n\n<p>Il\nfaut y participer avec des accessoires lumineux, du maquillage fluorescent et\ndes masques lumineux seront \u00e0 disposition.<\/p>\n\n\n\n<p>Le\ncarnaval est plac\u00e9 sous le signe de la lumi\u00e8re \u00e0 travers les animations\npropos\u00e9es par le nouveau spectacle de la Batuka VI et des marionnettes g\u00e9antes.<\/p>\n\n\n\n<p>.<\/p>\n","protected":false},"excerpt":{"rendered":"<p>Vendredi 15 mars 2019 de 18 h 45 \u00e0 20 h a lieu \u00e0 la Villeneuve de Grenoble le tout nouveau Carnaval lumineux. Il sera partag\u00e9 en 2020 avec la Villeneuve d\u2019Echirolles et ouvert aux autres quartiers populaires en 2021. Le rendez-vous est fix\u00e9 place Rouge \u00e0 18 h 45, puis d\u00e9ambulation \u00e0 travers le [&hellip;]<\/p>\n","protected":false},"author":1,"featured_media":0,"comment_status":"closed","ping_status":"open","sticky":false,"template":"","format":"standard","meta":{"twitterCardType":"","cardImageID":0,"cardImage":"","cardTitle":"","cardDesc":"","cardImageAlt":"","cardPlayer":"","cardPlayerWidth":0,"cardPlayerHeight":0,"cardPlayerStream":"","cardPlayerCodec":"","footnotes":""},"categories":[62,11],"tags":[171,82],"class_list":["post-15493","post","type-post","status-publish","format-standard","hentry","category-le-rouge-le-vert-hebdo","category-politique-locale","tag-fete","tag-villeneuve"],"_links":{"self":[{"href":"https:\/\/www.ades-grenoble.org\/wordpress\/wp-json\/wp\/v2\/posts\/15493","targetHints":{"allow":["GET"]}}],"collection":[{"href":"https:\/\/www.ades-grenoble.org\/wordpress\/wp-json\/wp\/v2\/posts"}],"about":[{"href":"https:\/\/www.ades-grenoble.org\/wordpress\/wp-json\/wp\/v2\/types\/post"}],"author":[{"embeddable":true,"href":"https:\/\/www.ades-grenoble.org\/wordpress\/wp-json\/wp\/v2\/users\/1"}],"replies":[{"embeddable":true,"href":"https:\/\/www.ades-grenoble.org\/wordpress\/wp-json\/wp\/v2\/comments?post=15493"}],"version-history":[{"count":1,"href":"https:\/\/www.ades-grenoble.org\/wordpress\/wp-json\/wp\/v2\/posts\/15493\/revisions"}],"predecessor-version":[{"id":15495,"href":"https:\/\/www.ades-grenoble.org\/wordpress\/wp-json\/wp\/v2\/posts\/15493\/revisions\/15495"}],"wp:attachment":[{"href":"https:\/\/www.ades-grenoble.org\/wordpress\/wp-json\/wp\/v2\/media?parent=15493"}],"wp:term":[{"taxonomy":"category","embeddable":true,"href":"https:\/\/www.ades-grenoble.org\/wordpress\/wp-json\/wp\/v2\/categories?post=15493"},{"taxonomy":"post_tag","embeddable":true,"href":"https:\/\/www.ades-grenoble.org\/wordpress\/wp-json\/wp\/v2\/tags?post=15493"}],"curies":[{"name":"wp","href":"https:\/\/api.w.org\/{rel}","templated":true}]}}