{"id":15502,"date":"2019-03-15T11:52:19","date_gmt":"2019-03-15T10:52:19","guid":{"rendered":"http:\/\/www.ades-grenoble.org\/wordpress\/?p=15502"},"modified":"2019-03-15T13:09:13","modified_gmt":"2019-03-15T12:09:13","slug":"conditions-et-depenses-de-logement-selon-le-niveau-de-vie-des-menages","status":"publish","type":"post","link":"https:\/\/www.ades-grenoble.org\/wordpress\/2019\/03\/15\/conditions-et-depenses-de-logement-selon-le-niveau-de-vie-des-menages\/","title":{"rendered":"Conditions et d\u00e9penses de logement selon le niveau de vie des m\u00e9nages"},"content":{"rendered":"\n<div class=\"wp-block-image\"><figure class=\"alignleft\"><img loading=\"lazy\" decoding=\"async\" width=\"186\" height=\"88\" src=\"http:\/\/www.ades-grenoble.org\/wordpress\/wp-content\/uploads\/2016\/11\/logo-drees.jpg\" alt=\"\" class=\"wp-image-12197\" srcset=\"https:\/\/www.ades-grenoble.org\/wordpress\/wp-content\/uploads\/2016\/11\/logo-drees.jpg 186w, https:\/\/www.ades-grenoble.org\/wordpress\/wp-content\/uploads\/2016\/11\/logo-drees-150x71.jpg 150w\" sizes=\"auto, (max-width: 186px) 100vw, 186px\" \/><\/figure><\/div>\n\n\n\n<p>La direction de la recherche, des \u00e9tudes, de l&rsquo;\u00e9valuation et des\nstatistiques (Drees) des minist\u00e8res sociaux publie, dans son dossier de f\u00e9vrier\n2019 une \u00e9tude plus de cent pages intitul\u00e9e \u00ab\u00a0<em>Conditions et d\u00e9penses de logement selon le niveau de vie des\nm\u00e9nages\u00a0\u00bb.<\/em> Elle traite successivement de la question des conditions de logement,\npuis celle des d\u00e9penses correspondantes. Elle dresse un constat, celui d&rsquo;une am\u00e9lioration\nincontestable des conditions moyennes de logement mais qui se double, malgr\u00e9 les\naides, d&rsquo;un taux d&rsquo;effort toujours important &#8211; et m\u00eame en hausse &#8211; pour les m\u00e9nages\nles plus modestes (ceux des deux premiers d\u00e9ciles, compos\u00e9s majoritairement d&rsquo;\u00e2ges\nextr\u00eames &#8211; jeunes et personnes \u00e2g\u00e9es &#8211; et de personnes seules ou de familles monoparentales).\nL&rsquo;\u00e9tude de la Drees montre que la part des locataires parmi les m\u00e9nages \u00e0 bas revenus\na nettement augment\u00e9, passant de 57% en 1996 \u00e0 60% en 2006 et 65,5% en 2013, alors\nque la part des locataires diminuait chez les m\u00e9nages plus ais\u00e9s (de 29% en 1996\n\u00e0 24,6% en 2013).<\/p>\n\n\n<p><!--more--><\/p>\n\n\n<p>Le surpeuplement des logements a globalement diminu\u00e9, les m\u00e9nages\n\u00e0 bas revenus y restent malgr\u00e9 tout expos\u00e9s. La part des m\u00e9nages \u00e0 bas revenus vivant\nen situation de surpeuplement a m\u00eame augment\u00e9 de 1,6 point entre 2006 et 2013 pour\natteindre 20,3%, alors qu&rsquo;elle a stagn\u00e9 pour les m\u00e9nages modestes et l\u00e9g\u00e8rement\ndiminu\u00e9 pour les plus ais\u00e9s.<\/p>\n\n\n\n<p>Le taux d&rsquo;effort consacr\u00e9 au logement (% du revenu consacr\u00e9 au\nlogement) a augment\u00e9 nettement entre 2001 et 2013, sous l&rsquo;effet de la hausse des\nd\u00e9penses brutes de logement. Pour les m\u00e9nages \u00e0 bas revenus, s&rsquo;y ajoute la baisse\nde la couverture de ces d\u00e9penses par les aides au logement. Parmi les m\u00e9nages \u00e0\nbas revenus, cette couverture est pass\u00e9e, entre 2001 et 2013, de 42% \u00e0 38% pour\nles m\u00e9nages locataires du parc social et de 32% \u00e0 29% pour ceux du parc priv\u00e9. Cons\u00e9quence\n: sous l&rsquo;effet de la hausse des d\u00e9penses brutes de logement, les m\u00e9nages \u00e0 bas revenus\nont connu une forte hausse de leur taux d&rsquo;effort net entre 2001 et 2013 : de 8%\n\u00e0 9% pour les m\u00e9nages propri\u00e9taires, de 23% \u00e0 27% pour les acc\u00e9dants, de 20% \u00e0 24%\npour les locataires du parc social et de 24% \u00e0 28% pour ceux du parc priv\u00e9.<\/p>\n\n\n\n<p>Le taux d&rsquo;effort brut des m\u00e9nages \u00e0 bas revenus monte ainsi jusqu&rsquo;\u00e0\n60% dans le parc priv\u00e9, contre 36% pour les m\u00e9nages modestes et 25% pour ceux plus\nais\u00e9s. Parmi les m\u00e9nages \u00e0 bas revenus, le taux d&rsquo;effort brut agr\u00e9g\u00e9 s&rsquo;\u00e9tablit,\nau final, \u00e0 21% pour les m\u00e9nages propri\u00e9taires, 58% pour les acc\u00e9dants \u00e0 la propri\u00e9t\u00e9,\n45% pour les locataires du parc social et 60% pour les locataires du parc priv\u00e9.\nCe taux d\u2019effort est heureusement r\u00e9duit de moiti\u00e9 par les aides au logement.<\/p>\n\n\n\n<p>Pour plus de 50% des m\u00e9nages locataires (allocataires et \u00e0 bas revenus), les aides au logement couvrent au moins la moiti\u00e9 des d\u00e9penses de logement. Mais, le taux d&rsquo;effort net des m\u00e9nages \u00e0 bas revenus s&rsquo;\u00e9tablit \u00e0 un niveau bien sup\u00e9rieur \u00e0 celui des autres m\u00e9nages. Les d\u00e9penses nettes de logement des m\u00e9nages \u00e0 bas revenus repr\u00e9sentent ainsi 34% de leurs revenus, contre 24% pour les m\u00e9nages modestes et 16% pour ceux plus ais\u00e9s. Mais les \u00e9carts sont importants au sein des m\u00e9nages \u00e0 bas revenus selon le statut d&rsquo;occupation, avec un taux d&rsquo;effort net agr\u00e9g\u00e9 de 21% pour les m\u00e9nages propri\u00e9taires, 55% pour les acc\u00e9dants \u00e0 la propri\u00e9t\u00e9, 28% pour les locataires du parc social et 42% pour ceux du parc priv\u00e9. Les m\u00e9nages \u00e0 bas revenus et les personnes vivant seules sont ainsi surrepr\u00e9sent\u00e9s parmi les m\u00e9nages pr\u00e9sentant un taux d&rsquo;effort important. Il en va de m\u00eame pour les locataires du parc priv\u00e9 et les m\u00e9nages habitant dans une unit\u00e9 urbaine tr\u00e8s peupl\u00e9e (cons\u00e9quence d&rsquo;un march\u00e9 immobilier plus tendu dans les grandes villes). Pour acc\u00e9der \u00e0 l\u2019\u00e9tude cliquez <a rel=\"noreferrer noopener\" aria-label=\"ici (opens in a new tab)\" href=\"https:\/\/drees.solidarites-sante.gouv.fr\/IMG\/pdf\/dd32.pdf\" target=\"_blank\">ici<\/a>.<\/p>\n","protected":false},"excerpt":{"rendered":"<p>La direction de la recherche, des \u00e9tudes, de l&rsquo;\u00e9valuation et des statistiques (Drees) des minist\u00e8res sociaux publie, dans son dossier de f\u00e9vrier 2019 une \u00e9tude plus de cent pages intitul\u00e9e \u00ab\u00a0Conditions et d\u00e9penses de logement selon le niveau de vie des m\u00e9nages\u00a0\u00bb. Elle traite successivement de la question des conditions de logement, puis celle des [&hellip;]<\/p>\n","protected":false},"author":1,"featured_media":0,"comment_status":"closed","ping_status":"open","sticky":false,"template":"","format":"standard","meta":{"twitterCardType":"","cardImageID":0,"cardImage":"","cardTitle":"","cardDesc":"","cardImageAlt":"","cardPlayer":"","cardPlayerWidth":0,"cardPlayerHeight":0,"cardPlayerStream":"","cardPlayerCodec":"","footnotes":""},"categories":[62,11],"tags":[66,33],"class_list":["post-15502","post","type-post","status-publish","format-standard","hentry","category-le-rouge-le-vert-hebdo","category-politique-locale","tag-logement","tag-social"],"_links":{"self":[{"href":"https:\/\/www.ades-grenoble.org\/wordpress\/wp-json\/wp\/v2\/posts\/15502","targetHints":{"allow":["GET"]}}],"collection":[{"href":"https:\/\/www.ades-grenoble.org\/wordpress\/wp-json\/wp\/v2\/posts"}],"about":[{"href":"https:\/\/www.ades-grenoble.org\/wordpress\/wp-json\/wp\/v2\/types\/post"}],"author":[{"embeddable":true,"href":"https:\/\/www.ades-grenoble.org\/wordpress\/wp-json\/wp\/v2\/users\/1"}],"replies":[{"embeddable":true,"href":"https:\/\/www.ades-grenoble.org\/wordpress\/wp-json\/wp\/v2\/comments?post=15502"}],"version-history":[{"count":1,"href":"https:\/\/www.ades-grenoble.org\/wordpress\/wp-json\/wp\/v2\/posts\/15502\/revisions"}],"predecessor-version":[{"id":15503,"href":"https:\/\/www.ades-grenoble.org\/wordpress\/wp-json\/wp\/v2\/posts\/15502\/revisions\/15503"}],"wp:attachment":[{"href":"https:\/\/www.ades-grenoble.org\/wordpress\/wp-json\/wp\/v2\/media?parent=15502"}],"wp:term":[{"taxonomy":"category","embeddable":true,"href":"https:\/\/www.ades-grenoble.org\/wordpress\/wp-json\/wp\/v2\/categories?post=15502"},{"taxonomy":"post_tag","embeddable":true,"href":"https:\/\/www.ades-grenoble.org\/wordpress\/wp-json\/wp\/v2\/tags?post=15502"}],"curies":[{"name":"wp","href":"https:\/\/api.w.org\/{rel}","templated":true}]}}