{"id":15535,"date":"2019-03-15T13:04:31","date_gmt":"2019-03-15T12:04:31","guid":{"rendered":"http:\/\/www.ades-grenoble.org\/wordpress\/?p=15535"},"modified":"2019-03-15T13:10:56","modified_gmt":"2019-03-15T12:10:56","slug":"fin-du-grand-debat-national-un-peu-en-eau-de-boudin","status":"publish","type":"post","link":"https:\/\/www.ades-grenoble.org\/wordpress\/2019\/03\/15\/fin-du-grand-debat-national-un-peu-en-eau-de-boudin\/","title":{"rendered":"Fin du grand d\u00e9bat national\u2026 un peu en eau de boudin !"},"content":{"rendered":"<p><img loading=\"lazy\" decoding=\"async\" class=\"size-full wp-image-14103 alignleft\" src=\"http:\/\/www.ades-grenoble.org\/wordpress\/wp-content\/uploads\/2018\/03\/CNDP.jpg\" alt=\"\" width=\"300\" height=\"112\" srcset=\"https:\/\/www.ades-grenoble.org\/wordpress\/wp-content\/uploads\/2018\/03\/CNDP.jpg 300w, https:\/\/www.ades-grenoble.org\/wordpress\/wp-content\/uploads\/2018\/03\/CNDP-150x56.jpg 150w\" sizes=\"auto, (max-width: 300px) 100vw, 300px\" \/><\/p>\n\n\n<p>A partir du moment o\u00f9 la Commission Nationale\ndu D\u00e9bat Public (CNDP) avait \u00e9t\u00e9 \u00e9cart\u00e9e de l\u2019organisation du grand d\u00e9bat, on\ncraignait une mainmise de l\u2019ex\u00e9cutif sur ce d\u00e9bat. La mise en place des cinq\ngarants essayait de camoufler cette ing\u00e9rence, mais, avant m\u00eame, que le d\u00e9bat ne\nsoit clos le vendredi 15 mars, des garants ont \u00e9mis de s\u00e9rieuses r\u00e9serves sur\nle d\u00e9roulement du d\u00e9bat. D\u00e8s leur nomination ils avaient demand\u00e9 \u00e0 ce que l\u2019ex\u00e9cutif\nse tienne en retrait. Le 12 mars sur Europe 1, un des garants expliquait \u00ab&nbsp;<em>On comprenait tr\u00e8s bien qu\u2019au\nd\u00e9but du processus, il y ait cette communication, puisque le &lsquo;grand d\u00e9bat&rsquo;\n\u00e9tait quelque chose de nouveau. On aurait ensuite pr\u00e9f\u00e9r\u00e9 que la communication\npr\u00e9sidentielle et gouvernementale baisse en intensit\u00e9. \u00c7a n\u2019a pas \u00e9t\u00e9 le cas&nbsp;\u00bb.\n<\/em>De son cot\u00e9 la pr\u00e9sidente de la CNDP d\u00e9clare&nbsp;<em>: \u00ab&nbsp;<\/em><em>J\u2019avais alert\u00e9 \u00e0 plusieurs reprises sur le\nrisque que la communication gouvernementale nuise \u00e0 la participation. C\u2019est ce\nque la CNDP constate dans les d\u00e9bats qu\u2019elle organise : une pr\u00e9sence trop forte\ndes pouvoirs politiques dissuade toujours certains participants potentiels.\nDans son propre int\u00e9r\u00eat et celui du d\u00e9bat, l\u2019ex\u00e9cutif aurait d\u00fb \u00eatre plus en\nretrait.&nbsp;\u00bb<\/em><em><\/em><\/p>\n\n\n<p><!--more--><\/p>\n\n\n<p>La r\u00e9alit\u00e9 montre que le Pr\u00e9sident de la\nR\u00e9publique a utilis\u00e9 ce d\u00e9bat non pas pour donner la parole au Fran\u00e7ais mais\npour redorer son image et pr\u00e9parer l\u2019\u00e9lection europ\u00e9enne de mai 2019 et cela a\nfonctionn\u00e9 en partie.<\/p>\n\n\n\n<p>Mais il a ouvert la boite de Pandore dont il\nva avoir beaucoup de mal \u00e0 la refermer et faire de tr\u00e8s nombreux d\u00e9\u00e7us qui vont\ns\u2019apercevoir qu\u2019on les a men\u00e9s en bateau. <\/p>\n","protected":false},"excerpt":{"rendered":"<p>A partir du moment o\u00f9 la Commission Nationale du D\u00e9bat Public (CNDP) avait \u00e9t\u00e9 \u00e9cart\u00e9e de l\u2019organisation du grand d\u00e9bat, on craignait une mainmise de l\u2019ex\u00e9cutif sur ce d\u00e9bat. La mise en place des cinq garants essayait de camoufler cette ing\u00e9rence, mais, avant m\u00eame, que le d\u00e9bat ne soit clos le vendredi 15 mars, des [&hellip;]<\/p>\n","protected":false},"author":1,"featured_media":0,"comment_status":"closed","ping_status":"open","sticky":false,"template":"","format":"standard","meta":{"twitterCardType":"","cardImageID":0,"cardImage":"","cardTitle":"","cardDesc":"","cardImageAlt":"","cardPlayer":"","cardPlayerWidth":0,"cardPlayerHeight":0,"cardPlayerStream":"","cardPlayerCodec":"","footnotes":""},"categories":[62,11],"tags":[136,300],"class_list":["post-15535","post","type-post","status-publish","format-standard","hentry","category-le-rouge-le-vert-hebdo","category-politique-locale","tag-debats","tag-democratie"],"_links":{"self":[{"href":"https:\/\/www.ades-grenoble.org\/wordpress\/wp-json\/wp\/v2\/posts\/15535","targetHints":{"allow":["GET"]}}],"collection":[{"href":"https:\/\/www.ades-grenoble.org\/wordpress\/wp-json\/wp\/v2\/posts"}],"about":[{"href":"https:\/\/www.ades-grenoble.org\/wordpress\/wp-json\/wp\/v2\/types\/post"}],"author":[{"embeddable":true,"href":"https:\/\/www.ades-grenoble.org\/wordpress\/wp-json\/wp\/v2\/users\/1"}],"replies":[{"embeddable":true,"href":"https:\/\/www.ades-grenoble.org\/wordpress\/wp-json\/wp\/v2\/comments?post=15535"}],"version-history":[{"count":1,"href":"https:\/\/www.ades-grenoble.org\/wordpress\/wp-json\/wp\/v2\/posts\/15535\/revisions"}],"predecessor-version":[{"id":15536,"href":"https:\/\/www.ades-grenoble.org\/wordpress\/wp-json\/wp\/v2\/posts\/15535\/revisions\/15536"}],"wp:attachment":[{"href":"https:\/\/www.ades-grenoble.org\/wordpress\/wp-json\/wp\/v2\/media?parent=15535"}],"wp:term":[{"taxonomy":"category","embeddable":true,"href":"https:\/\/www.ades-grenoble.org\/wordpress\/wp-json\/wp\/v2\/categories?post=15535"},{"taxonomy":"post_tag","embeddable":true,"href":"https:\/\/www.ades-grenoble.org\/wordpress\/wp-json\/wp\/v2\/tags?post=15535"}],"curies":[{"name":"wp","href":"https:\/\/api.w.org\/{rel}","templated":true}]}}