{"id":15545,"date":"2019-03-22T10:53:58","date_gmt":"2019-03-22T09:53:58","guid":{"rendered":"http:\/\/www.ades-grenoble.org\/wordpress\/?p=15545"},"modified":"2019-03-23T09:29:17","modified_gmt":"2019-03-23T08:29:17","slug":"la-pollution-de-lair-tue-plus-que-le-tabac-en-europe","status":"publish","type":"post","link":"https:\/\/www.ades-grenoble.org\/wordpress\/2019\/03\/22\/la-pollution-de-lair-tue-plus-que-le-tabac-en-europe\/","title":{"rendered":"La pollution de l\u2019air tue plus que pr\u00e9vu"},"content":{"rendered":"\n<p>Chaque ann\u00e9e, pr\u00e8s de 800.000 personnes en Europe meurent pr\u00e9matur\u00e9ment en raison de la pollution atmosph\u00e9rique. Entre 40 et 80 % de ces d\u00e9c\u00e8s pr\u00e9matur\u00e9s sont dus \u00e0 des&nbsp;<a href=\"https:\/\/www.futura-sciences.com\/sante\/definitions\/coeur-maladie-cardiovasculaire-15398\/\">maladies cardiovasculaires<\/a>, estiment des chercheurs allemands, qui publient le 12 mars 2019 <a href=\"https:\/\/academic.oup.com\/eurheartj\/advance-article\/doi\/10.1093\/eurheartj\/ehz135\/5372326\" target=\"_blank\" rel=\"noreferrer noopener\" aria-label=\"une nouvelle \u00e9tude dans la revue&nbsp;\u00ab&nbsp;European Heart Journal&nbsp;\u00bb (opens in a new tab)\">une nouvelle \u00e9tude dans la revue&nbsp;\u00ab&nbsp;European Heart Journal&nbsp;\u00bb<\/a>.<\/p>\n\n\n\n<p>En France il y aurait 105 d\u00e9c\u00e8s pour 100.000 habitants dus \u00e0 la pollution de l\u2019air. Appliqu\u00e9 \u00e0\nl\u2019agglom\u00e9ration grenobloise cela ferait plus de 460 d\u00e9c\u00e8s par an&nbsp;! En Bulgarie\nc\u2019est deux fois plus qu\u2019en France (211 d\u00e9c\u00e8s pour 100&nbsp;000 habitants).<\/p>\n\n\n<p><!--more--><\/p>\n\n\n<div class=\"wp-block-image\"><figure class=\"aligncenter\"><img loading=\"lazy\" decoding=\"async\" width=\"774\" height=\"645\" src=\"http:\/\/www.ades-grenoble.org\/wordpress\/wp-content\/uploads\/2019\/03\/pollution-mortalite.jpg\" alt=\"\" class=\"wp-image-15546\" srcset=\"https:\/\/www.ades-grenoble.org\/wordpress\/wp-content\/uploads\/2019\/03\/pollution-mortalite.jpg 774w, https:\/\/www.ades-grenoble.org\/wordpress\/wp-content\/uploads\/2019\/03\/pollution-mortalite-150x125.jpg 150w, https:\/\/www.ades-grenoble.org\/wordpress\/wp-content\/uploads\/2019\/03\/pollution-mortalite-300x250.jpg 300w, https:\/\/www.ades-grenoble.org\/wordpress\/wp-content\/uploads\/2019\/03\/pollution-mortalite-768x640.jpg 768w, https:\/\/www.ades-grenoble.org\/wordpress\/wp-content\/uploads\/2019\/03\/pollution-mortalite-600x500.jpg 600w\" sizes=\"auto, (max-width: 774px) 100vw, 774px\" \/><\/figure><\/div>\n\n\n\n<p>Il est urgent\nde red\u00e9finir des seuils acceptables pour les diff\u00e9rents polluants dont les\nparticules tr\u00e8s fines, les oxydes d\u2019azote et l\u2019ozone, les seuils actuels \u00e9tant\nbeaucoup trop \u00e9lev\u00e9s. Les seuils de l\u2019OMS sont beaucoup plus pr\u00e9cautionneux que\nles seuils actuels. Il faudrait amplifier les politiques publiques pour faire\ndiminuer les pollutions de l\u2019air int\u00e9rieur et ext\u00e9rieur.<\/p>\n\n\n\n<p>Les chercheurs estiment \u00e0 790.000 le nombre de morts dus \u00e0 la pollution de l&rsquo;air en 2015 dans l&rsquo;ensemble de l&rsquo;Europe, dont 659.000 dans les 28 \u00e9tats de l&rsquo;Union europ\u00e9enne. Une estimation nettement sup\u00e9rieure \u00e0 celle de l&rsquo;Agence europ\u00e9enne de l&rsquo;environnement (AEE). Dans <a href=\"https:\/\/www.eea.europa.eu\/fr\/highlights\/la-pollution-atmospherique-reste-trop\" target=\"_blank\" rel=\"noreferrer noopener\" aria-label=\"son rapport annuel publi\u00e9 en octobre (opens in a new tab)\">son rapport annuel publi\u00e9 en octobre<\/a>, elle jugeait que la pollution de l&rsquo;air aux&nbsp;<a href=\"https:\/\/www.futura-sciences.com\/planete\/definitions\/developpement-durable-particule-fine-6723\/\">particules tr\u00e8s fines<\/a>&nbsp;(PM2,5), au dioxyde d&rsquo;<a href=\"https:\/\/www.futura-sciences.com\/sciences\/definitions\/tableau-periodique-elements-azote-13578\/\">azote<\/a>&nbsp;(NO2, \u00e9mis par les&nbsp;<a href=\"https:\/\/www.futura-sciences.com\/tech\/definitions\/technologie-moteur-diesel-11133\/\">moteurs diesel<\/a>) et \u00e0&nbsp;<a href=\"https:\/\/www.futura-sciences.com\/sante\/actualites\/medecine-canicule-pollution-ozone-toxique-homme-72312\/\">l&rsquo;ozone<\/a> (O3) \u00e9tait responsable en 2015 de 518.000 d\u00e9c\u00e8s pr\u00e9matur\u00e9s dans 41 pays d&rsquo;Europe, et 480.000 dans l&rsquo;UE. <\/p>\n\n\n\n<p>Cette\nnouvelle \u00e9tude est essentiellement consacr\u00e9e \u00e0 l&rsquo;Europe, mais ses auteurs ont\n\u00e9galement appliqu\u00e9 leur m\u00e9thode de calcul \u00e0 l&rsquo;ensemble du monde. Ils arrivent\nau chiffre astronomique de 8,8 millions de morts caus\u00e9s par la pollution de\nl&rsquo;air en 2015 sur l&rsquo;ensemble de la plan\u00e8te, dont 2,8 millions pour la Chine. De\npr\u00e9c\u00e9dents travaux chiffraient plut\u00f4t le total mondial \u00e0 4,5 millions.&nbsp;<strong> <\/strong><\/p>\n\n\n\n<p><strong>R\u00e9sum\u00e9\nde l\u2019article&nbsp;(traduit de l\u2019anglais) :<\/strong><\/p>\n\n\n\n<p>\u00ab&nbsp;<em>La pollution de l&rsquo;air ambiant est un risque\nmajeur pour la sant\u00e9, entra\u00eenant une mortalit\u00e9 respiratoire et\ncardiovasculaire.&nbsp;Un mod\u00e8le mondial r\u00e9cent de mortalit\u00e9 par exposition,\nbas\u00e9 sur un nombre in\u00e9gal\u00e9 d&rsquo;\u00e9tudes de cohortes dans de nombreux pays, fournit\nde nouvelles fonctions de risque, appelant \u00e0 une r\u00e9\u00e9valuation de la charge de\nmorbidit\u00e9.&nbsp;En cons\u00e9quence, nous avons estim\u00e9 la mortalit\u00e9 cardiovasculaire\nexcessive attribu\u00e9e \u00e0 la pollution atmosph\u00e9rique en Europe.<\/em><\/p>\n\n\n\n<p><strong><em>M\u00e9thodes et r\u00e9sultats<\/em><\/strong><\/p>\n\n\n\n<p><em>Les nouvelles fonctions de rapport de risque ont \u00e9t\u00e9 combin\u00e9es \u00e0 des\ndonn\u00e9es sur l&rsquo;exposition \u00e0 la pollution de l&rsquo;air ambiant pour estimer les\nimpacts en Europe et dans les 28 pays de l&rsquo;Union europ\u00e9enne (UE-28).&nbsp;Le\ntaux annuel de surmortalit\u00e9 d\u00fb \u00e0 la pollution de l&rsquo;air ambiant en Europe est de\n790 000 [intervalle de confiance \u00e0 95% (IC \u00e0 95%) de 645 000 \u00e0 934 000] et de\n659 000 (IC \u00e0 95% de 537 000 \u00e0 775 000) dans l&rsquo;UE-28.&nbsp;Entre 40% et 80%\nsont dus \u00e0 des \u00e9v\u00e9nements cardiovasculaires, qui dominent les r\u00e9sultats pour la\nsant\u00e9.&nbsp;La limite sup\u00e9rieure inclut les \u00e9v\u00e9nements attribu\u00e9s \u00e0 d&rsquo;autres\nmaladies non transmissibles, qui ne sont actuellement pas sp\u00e9cifi\u00e9s.&nbsp;<strong>Ces estimations d\u00e9passent de plus d&rsquo;un\nfacteur deux les analyses r\u00e9centes, telles que la charge mondiale de morbidit\u00e9\npour 2015<\/strong>.&nbsp;Nous estimons que la pollution atmosph\u00e9rique r\u00e9duit\nl&rsquo;esp\u00e9rance de vie moyenne en Europe d&rsquo;environ 2,2 ans avec un taux de\nmortalit\u00e9 annuel attribuable par habitant en Europe de 133\/100 000 par an.<\/em><\/p>\n\n\n\n<p><strong><em>Conclusion<\/em><\/strong><\/p>\n\n\n\n<p><em>Nous fournissons de nouvelles donn\u00e9es bas\u00e9es sur de nouvelles fonctions\nde ratio de risque sugg\u00e9rant que les impacts sur la sant\u00e9 imputables \u00e0 la\npollution de l&rsquo;air ambiant en Europe sont consid\u00e9rablement plus \u00e9lev\u00e9s que\npr\u00e9vu auparavant, bien que soumis \u00e0 une incertitude consid\u00e9rable.&nbsp;Nos\nr\u00e9sultats impliquent que le remplacement des combustibles fossiles par des\nsources d&rsquo;\u00e9nergie propres et renouvelables pourrait r\u00e9duire consid\u00e9rablement la\nr\u00e9duction de l&rsquo;esp\u00e9rance de vie due \u00e0 la pollution atmosph\u00e9rique.&nbsp;<\/em>\u00bb<\/p>\n","protected":false},"excerpt":{"rendered":"<p>Chaque ann\u00e9e, pr\u00e8s de 800.000 personnes en Europe meurent pr\u00e9matur\u00e9ment en raison de la pollution atmosph\u00e9rique. Entre 40 et 80 % de ces d\u00e9c\u00e8s pr\u00e9matur\u00e9s sont dus \u00e0 des&nbsp;maladies cardiovasculaires, estiment des chercheurs allemands, qui publient le 12 mars 2019 une nouvelle \u00e9tude dans la revue&nbsp;\u00ab&nbsp;European Heart Journal&nbsp;\u00bb. En France il y aurait 105 d\u00e9c\u00e8s [&hellip;]<\/p>\n","protected":false},"author":1,"featured_media":0,"comment_status":"closed","ping_status":"open","sticky":false,"template":"","format":"standard","meta":{"twitterCardType":"","cardImageID":0,"cardImage":"","cardTitle":"","cardDesc":"","cardImageAlt":"","cardPlayer":"","cardPlayerWidth":0,"cardPlayerHeight":0,"cardPlayerStream":"","cardPlayerCodec":"","footnotes":""},"categories":[62,11],"tags":[141,122,99],"class_list":["post-15545","post","type-post","status-publish","format-standard","hentry","category-le-rouge-le-vert-hebdo","category-politique-locale","tag-europe","tag-pollution-atmospherique","tag-sante"],"_links":{"self":[{"href":"https:\/\/www.ades-grenoble.org\/wordpress\/wp-json\/wp\/v2\/posts\/15545","targetHints":{"allow":["GET"]}}],"collection":[{"href":"https:\/\/www.ades-grenoble.org\/wordpress\/wp-json\/wp\/v2\/posts"}],"about":[{"href":"https:\/\/www.ades-grenoble.org\/wordpress\/wp-json\/wp\/v2\/types\/post"}],"author":[{"embeddable":true,"href":"https:\/\/www.ades-grenoble.org\/wordpress\/wp-json\/wp\/v2\/users\/1"}],"replies":[{"embeddable":true,"href":"https:\/\/www.ades-grenoble.org\/wordpress\/wp-json\/wp\/v2\/comments?post=15545"}],"version-history":[{"count":2,"href":"https:\/\/www.ades-grenoble.org\/wordpress\/wp-json\/wp\/v2\/posts\/15545\/revisions"}],"predecessor-version":[{"id":15573,"href":"https:\/\/www.ades-grenoble.org\/wordpress\/wp-json\/wp\/v2\/posts\/15545\/revisions\/15573"}],"wp:attachment":[{"href":"https:\/\/www.ades-grenoble.org\/wordpress\/wp-json\/wp\/v2\/media?parent=15545"}],"wp:term":[{"taxonomy":"category","embeddable":true,"href":"https:\/\/www.ades-grenoble.org\/wordpress\/wp-json\/wp\/v2\/categories?post=15545"},{"taxonomy":"post_tag","embeddable":true,"href":"https:\/\/www.ades-grenoble.org\/wordpress\/wp-json\/wp\/v2\/tags?post=15545"}],"curies":[{"name":"wp","href":"https:\/\/api.w.org\/{rel}","templated":true}]}}