{"id":15589,"date":"2019-03-29T09:50:28","date_gmt":"2019-03-29T08:50:28","guid":{"rendered":"http:\/\/www.ades-grenoble.org\/wordpress\/?p=15589"},"modified":"2019-03-29T10:39:02","modified_gmt":"2019-03-29T09:39:02","slug":"apres-la-baisse-de-2016-le-nombre-dallocataires-de-minima-sociaux-sest-stabilise-en-2017","status":"publish","type":"post","link":"https:\/\/www.ades-grenoble.org\/wordpress\/2019\/03\/29\/apres-la-baisse-de-2016-le-nombre-dallocataires-de-minima-sociaux-sest-stabilise-en-2017\/","title":{"rendered":"Apr\u00e8s la baisse de 2016, le nombre d&rsquo;allocataires de minima sociaux s&rsquo;est stabilis\u00e9 en 2017"},"content":{"rendered":"\n<div class=\"wp-block-image\"><figure class=\"alignleft\"><img loading=\"lazy\" decoding=\"async\" width=\"186\" height=\"88\" src=\"http:\/\/www.ades-grenoble.org\/wordpress\/wp-content\/uploads\/2016\/11\/logo-drees.jpg\" alt=\"\" class=\"wp-image-12197\" srcset=\"https:\/\/www.ades-grenoble.org\/wordpress\/wp-content\/uploads\/2016\/11\/logo-drees.jpg 186w, https:\/\/www.ades-grenoble.org\/wordpress\/wp-content\/uploads\/2016\/11\/logo-drees-150x71.jpg 150w\" sizes=\"auto, (max-width: 186px) 100vw, 186px\" \/><\/figure><\/div>\n\n\n\n<p>Cette stabilisation indique que la lutte contre la\npauvret\u00e9 doit s\u2019amplifier fortement et malheureusement les mesures prises par\nle gouvernement Macron ne vont pas dans le bon sens. <\/p>\n\n\n\n<p>La Drees (Direction de la Recherche, des Etudes, de\nl\u2019Evaluation et des Statistiques de diff\u00e9rents minist\u00e8res) publie dans sa revue\n<em>\u00ab&nbsp;<\/em><em>Etudes et r\u00e9sultats<\/em>&nbsp;\u00bb de mars 2019 n\u00b0 1108, l\u2019\u00e9tat du nombre\nd\u2019allocataires accessibles aux minima sociaux. Rappel, il y a 10 allocations\nsuivant diff\u00e9rentes situations et qui int\u00e9ressent environ 7 millions de\npersonnes (presque 11 % de la population)&nbsp;: le revenu de solidarit\u00e9 active\n(RSA), l&rsquo;allocation de solidarit\u00e9 sp\u00e9cifique (ASS), l&rsquo;allocation \u00e9quivalent\nretraite de remplacement (AER-R), l&rsquo;allocation temporaire d&rsquo;attente (ATA),\nl&rsquo;allocation pour demandeur d&rsquo;asile (ADA), l&rsquo;allocation aux adultes handicap\u00e9s (AAH),\nl&rsquo;allocation suppl\u00e9mentaire d&rsquo;invalidit\u00e9 (ASI), l&rsquo;allocation veuvage (AV), les\nallocations dites du \u00ab\u00a0minimum vieillesse\u00a0\u00bb (ASV et Aspa) et le revenu\nde solidarit\u00e9 (RSO).<\/p>\n\n\n\n<p>L\u2019\u00e9tude de la Dress donne les derniers\nchiffres sur l&rsquo;\u00e9volution du nombre d&rsquo;allocataires de l&rsquo;un des dix minima\nsociaux. Le nombre de b\u00e9n\u00e9ficiaires du RSA s&rsquo;est stabilis\u00e9 en 2017. La forte\n\u00ab\u00a0volatilit\u00e9\u00a0\u00bb des allocataires est relev\u00e9e. D&rsquo;autres minima, dont\nl&rsquo;AAH, sont toujours sur une courbe ascendante.<\/p>\n\n\n<p><!--more--><\/p>\n\n\n<p><em>\u00ab&nbsp;Fin 2017, 4,22 millions de personnes sont\nallocataires d\u2019un minimum social. En tenant compte des conjoints et des enfants\n\u00e0 charge, environ 7 millions de personnes, soit 11&nbsp;% de la population,\nsont couvertes par les minima sociaux.<\/em><\/p>\n\n\n\n<p><em>Le nombre d\u2019allocataires se stabilise en 2017\n(+0,1&nbsp;%), apr\u00e8s une diminution de 1,3&nbsp;% en 2016. Cette baisse, une\npremi\u00e8re depuis 2008, poursuivait l\u2019infl\u00e9chissement observ\u00e9 en 2014\n(+2,7&nbsp;%) et 2015 (+1,9&nbsp;%) par rapport \u00e0 2012 et 2013 (+4,5&nbsp;% par\nan en moyenne).<\/em><\/p>\n\n\n\n<p><em>Apr\u00e8s une forte baisse en 2016 (-4,3&nbsp;%), les\neffectifs d\u2019allocataires du revenu de solidarit\u00e9 active (RSA) diminuent tr\u00e8s\nl\u00e9g\u00e8rement en 2017 (-0,5&nbsp;%&nbsp;; 1, 9 millions de personnes). Ceux de\nl\u2019allocation de solidarit\u00e9 sp\u00e9cifique (ASS) reculent, eux, encore plus\nfortement qu\u2019en 2016 (-6, 0&nbsp;% contre -3,9&nbsp;%&nbsp;; 427 100\nallocataires).<\/em><\/p>\n\n\n\n<p><em>Le nombre d\u2019allocataires du minimum vieillesse (552\n600 fin 2017) stagne depuis 2013. En revanche, les effectifs de l\u2019allocation\naux adultes handicap\u00e9s (AAH) augmentent \u00e0 un rythme toujours plus soutenu\ndepuis 2014 (+3, 0&nbsp;% en 2017&nbsp;; 1,2 million). Les effectifs de\nl\u2019allocation pour demandeur d\u2019asile (ADA), en place depuis 2015, continuent de\nprogresser (+14,0&nbsp;%) sous l\u2019effet de la hausse du nombre de demandeurs\nd\u2019asile, mais restent relativement faibles (86 800).<\/em><\/p>\n\n\n\n<p><em>En 2017, les d\u00e9penses li\u00e9es au versement des minima\nsociaux se stabilisent (+0,2&nbsp;%) et s\u2019\u00e9l\u00e8vent \u00e0 26,5 milliards d\u2019euros,\nsoit 1,2&nbsp;% du produit int\u00e9rieur brut (PIB).&nbsp;\u00bb<\/em><\/p>\n\n\n\n<p>Pour t\u00e9l\u00e9charger l&rsquo;\u00e9tude de la Drees, cliquez <a href=\"https:\/\/drees.solidarites-sante.gouv.fr\/IMG\/pdf\/er1108.pdf\" target=\"_blank\" rel=\"noreferrer noopener\" aria-label=\"ici (opens in a new tab)\">ici<\/a>. <a href=\"https:\/\/drees.solidarites-sante.gouv.fr\/IMG\/pdf\/er1108.pdf\"><\/a><\/p>\n","protected":false},"excerpt":{"rendered":"<p>Cette stabilisation indique que la lutte contre la pauvret\u00e9 doit s\u2019amplifier fortement et malheureusement les mesures prises par le gouvernement Macron ne vont pas dans le bon sens. La Drees (Direction de la Recherche, des Etudes, de l\u2019Evaluation et des Statistiques de diff\u00e9rents minist\u00e8res) publie dans sa revue \u00ab&nbsp;Etudes et r\u00e9sultats&nbsp;\u00bb de mars 2019 n\u00b0 [&hellip;]<\/p>\n","protected":false},"author":1,"featured_media":0,"comment_status":"closed","ping_status":"open","sticky":false,"template":"","format":"standard","meta":{"twitterCardType":"","cardImageID":0,"cardImage":"","cardTitle":"","cardDesc":"","cardImageAlt":"","cardPlayer":"","cardPlayerWidth":0,"cardPlayerHeight":0,"cardPlayerStream":"","cardPlayerCodec":"","footnotes":""},"categories":[62,11],"tags":[181,33],"class_list":["post-15589","post","type-post","status-publish","format-standard","hentry","category-le-rouge-le-vert-hebdo","category-politique-locale","tag-precarite","tag-social"],"_links":{"self":[{"href":"https:\/\/www.ades-grenoble.org\/wordpress\/wp-json\/wp\/v2\/posts\/15589","targetHints":{"allow":["GET"]}}],"collection":[{"href":"https:\/\/www.ades-grenoble.org\/wordpress\/wp-json\/wp\/v2\/posts"}],"about":[{"href":"https:\/\/www.ades-grenoble.org\/wordpress\/wp-json\/wp\/v2\/types\/post"}],"author":[{"embeddable":true,"href":"https:\/\/www.ades-grenoble.org\/wordpress\/wp-json\/wp\/v2\/users\/1"}],"replies":[{"embeddable":true,"href":"https:\/\/www.ades-grenoble.org\/wordpress\/wp-json\/wp\/v2\/comments?post=15589"}],"version-history":[{"count":1,"href":"https:\/\/www.ades-grenoble.org\/wordpress\/wp-json\/wp\/v2\/posts\/15589\/revisions"}],"predecessor-version":[{"id":15590,"href":"https:\/\/www.ades-grenoble.org\/wordpress\/wp-json\/wp\/v2\/posts\/15589\/revisions\/15590"}],"wp:attachment":[{"href":"https:\/\/www.ades-grenoble.org\/wordpress\/wp-json\/wp\/v2\/media?parent=15589"}],"wp:term":[{"taxonomy":"category","embeddable":true,"href":"https:\/\/www.ades-grenoble.org\/wordpress\/wp-json\/wp\/v2\/categories?post=15589"},{"taxonomy":"post_tag","embeddable":true,"href":"https:\/\/www.ades-grenoble.org\/wordpress\/wp-json\/wp\/v2\/tags?post=15589"}],"curies":[{"name":"wp","href":"https:\/\/api.w.org\/{rel}","templated":true}]}}