{"id":15607,"date":"2019-03-29T10:37:28","date_gmt":"2019-03-29T09:37:28","guid":{"rendered":"http:\/\/www.ades-grenoble.org\/wordpress\/?p=15607"},"modified":"2019-03-29T10:40:03","modified_gmt":"2019-03-29T09:40:03","slug":"agenda-115","status":"publish","type":"post","link":"https:\/\/www.ades-grenoble.org\/wordpress\/2019\/03\/29\/agenda-115\/","title":{"rendered":"Agenda"},"content":{"rendered":"\n<div class=\"wp-block-image\"><figure class=\"alignleft\"><img loading=\"lazy\" decoding=\"async\" width=\"300\" height=\"200\" src=\"http:\/\/www.ades-grenoble.org\/wordpress\/wp-content\/uploads\/2014\/04\/Vote2eTourPresid.jpg\" alt=\"\" class=\"wp-image-8434\" srcset=\"https:\/\/www.ades-grenoble.org\/wordpress\/wp-content\/uploads\/2014\/04\/Vote2eTourPresid.jpg 300w, https:\/\/www.ades-grenoble.org\/wordpress\/wp-content\/uploads\/2014\/04\/Vote2eTourPresid-150x100.jpg 150w\" sizes=\"auto, (max-width: 300px) 100vw, 300px\" \/><\/figure><\/div>\n\n\n\n<p><strong>Dimanche 31 mars, dernier d\u00e9lai pour s\u2019inscrire sur les listes \u00e9lectorales pour les \u00e9lections europ\u00e9ennes. <\/strong>Pour v\u00e9rifier si vous \u00eates bien inscrit allez sur <a href=\"http:\/\/ https:\/\/www.service-public.fr\/particuliers\/vosdroits\/services-en-ligne-et-formulaires\/ISE\">ce site<\/a>. Si vous n\u2019\u00eates pas inscrit allez <a rel=\"noreferrer noopener\" aria-label=\"ici (opens in a new tab)\" href=\"https:\/\/www.service-public.fr\/particuliers\/vosdroits\/F1367\" target=\"_blank\">ici,<\/a> l\u2019inscription peut se faire en ligne.<\/p>\n\n\n<hr>\n\n\n<p><strong> Jeudi 11 avril \u00e0 18h30 \u00e0 l\u2019H\u00f4tel de ville de Grenoble aura lieu le forum : \u00ab Prospective 2050, le climat \u00e0 Grenoble \u00bb<\/strong>, en partenariat avec la M\u00e9tropole. Le climat grenoblois s\u2019est r\u00e9chauff\u00e9 sur ces 50 derni\u00e8res ann\u00e9es et la ville subit chaque \u00e9t\u00e9 des vagues de chaleurs plus intenses et plus fr\u00e9quentes. Alors comment (sur)vivre \u00e0 un climat de plus en plus chaud \u00e0 Grenoble ? Qu\u2019attendons-nous d\u2019une ville qui souhaite devenir capitale verte europ\u00e9enne ? Quelles solutions envisager ? <\/p>\n","protected":false},"excerpt":{"rendered":"<p>Dimanche 31 mars, dernier d\u00e9lai pour s\u2019inscrire sur les listes \u00e9lectorales pour les \u00e9lections europ\u00e9ennes. Pour v\u00e9rifier si vous \u00eates bien inscrit allez sur ce site. Si vous n\u2019\u00eates pas inscrit allez ici, l\u2019inscription peut se faire en ligne. Jeudi 11 avril \u00e0 18h30 \u00e0 l\u2019H\u00f4tel de ville de Grenoble aura lieu le forum : [&hellip;]<\/p>\n","protected":false},"author":1,"featured_media":0,"comment_status":"closed","ping_status":"open","sticky":false,"template":"","format":"standard","meta":{"twitterCardType":"","cardImageID":0,"cardImage":"","cardTitle":"","cardDesc":"","cardImageAlt":"","cardPlayer":"","cardPlayerWidth":0,"cardPlayerHeight":0,"cardPlayerStream":"","cardPlayerCodec":"","footnotes":""},"categories":[11],"tags":[],"class_list":["post-15607","post","type-post","status-publish","format-standard","hentry","category-politique-locale"],"_links":{"self":[{"href":"https:\/\/www.ades-grenoble.org\/wordpress\/wp-json\/wp\/v2\/posts\/15607","targetHints":{"allow":["GET"]}}],"collection":[{"href":"https:\/\/www.ades-grenoble.org\/wordpress\/wp-json\/wp\/v2\/posts"}],"about":[{"href":"https:\/\/www.ades-grenoble.org\/wordpress\/wp-json\/wp\/v2\/types\/post"}],"author":[{"embeddable":true,"href":"https:\/\/www.ades-grenoble.org\/wordpress\/wp-json\/wp\/v2\/users\/1"}],"replies":[{"embeddable":true,"href":"https:\/\/www.ades-grenoble.org\/wordpress\/wp-json\/wp\/v2\/comments?post=15607"}],"version-history":[{"count":3,"href":"https:\/\/www.ades-grenoble.org\/wordpress\/wp-json\/wp\/v2\/posts\/15607\/revisions"}],"predecessor-version":[{"id":15610,"href":"https:\/\/www.ades-grenoble.org\/wordpress\/wp-json\/wp\/v2\/posts\/15607\/revisions\/15610"}],"wp:attachment":[{"href":"https:\/\/www.ades-grenoble.org\/wordpress\/wp-json\/wp\/v2\/media?parent=15607"}],"wp:term":[{"taxonomy":"category","embeddable":true,"href":"https:\/\/www.ades-grenoble.org\/wordpress\/wp-json\/wp\/v2\/categories?post=15607"},{"taxonomy":"post_tag","embeddable":true,"href":"https:\/\/www.ades-grenoble.org\/wordpress\/wp-json\/wp\/v2\/tags?post=15607"}],"curies":[{"name":"wp","href":"https:\/\/api.w.org\/{rel}","templated":true}]}}