{"id":15613,"date":"2019-04-05T14:32:05","date_gmt":"2019-04-05T12:32:05","guid":{"rendered":"http:\/\/www.ades-grenoble.org\/wordpress\/?p=15613"},"modified":"2019-04-05T16:03:07","modified_gmt":"2019-04-05T14:03:07","slug":"chauffage-urbain-amelioration-de-la-recuperation-denergie","status":"publish","type":"post","link":"https:\/\/www.ades-grenoble.org\/wordpress\/2019\/04\/05\/chauffage-urbain-amelioration-de-la-recuperation-denergie\/","title":{"rendered":"Chauffage urbain : am\u00e9lioration de la r\u00e9cup\u00e9ration d\u2019\u00e9nergie"},"content":{"rendered":"\n<div class=\"wp-block-image\"><figure class=\"alignleft\"><img loading=\"lazy\" decoding=\"async\" width=\"300\" height=\"200\" src=\"http:\/\/www.ades-grenoble.org\/wordpress\/wp-content\/uploads\/2014\/05\/CCIAG-Poterne-e1401478790122.jpg\" alt=\"\" class=\"wp-image-8617\"\/><\/figure><\/div>\n\n\n\n<p>Le r\u00e9seau de chauffage urbain de l\u2019agglom\u00e9ration a\n\u00e9t\u00e9 raccord\u00e9 au site de production d\u2019\u00e9nergie de l\u2019entreprise Solvay situ\u00e9 sur\nla plateforme chimique de Pont-de-Claix. L\u2019inauguration vient de se d\u00e9rouler et\nce raccordement qui sera \u00eatre utilis\u00e9 dans les deux sens va optimiser les\nconsommations du service public et de la plateforme en utilisant&nbsp;les\nproductions de chaleur exc\u00e9dentaires&nbsp;: l\u2019hiver le surplus de chaleur du groupe Solvay sera ins\u00e9r\u00e9 dans\nle r\u00e9seau du chauffage urbain et permettra de diminuer les apports en\ncombustibles fossiles les plus \u00e9metteurs en CO2 et l\u2019\u00e9t\u00e9 le surplus de chaleur\nissue de l\u2019incin\u00e9ration des d\u00e9chets \u00e0 Athanor sera livr\u00e9 \u00e0 Solvay pour diminuer\nses d\u00e9penses de chauffage.<\/p>\n\n\n<p><!--more--><\/p>\n\n\n<p>Il\naura fallu poser 3000\nm\u00e8tres de canalisations souterraines et cr\u00e9er une station d\u2019\u00e9changes thermiques\nqui a \u00e9t\u00e9 construite au sein de la plateforme chimique de Pont-de-Claix, sur le\nsite de Solvay. La mise en service date de septembre 2018. Il y a d\u00e9j\u00e0 eu 50\n000 MWh d\u2019\u00e9chang\u00e9s entre les deux structures ce qui va \u00e9viter l&rsquo;\u00e9mission de\n5000 tonnes de CO2 chaque ann\u00e9e.\n\nLe co\u00fbt des travaux s\u2019est \u00e9lev\u00e9 \u00e0 7 millions d&rsquo;euros\ndont 50% ont \u00e9t\u00e9 subventionn\u00e9s\n\n\n\n<\/p>\n","protected":false},"excerpt":{"rendered":"<p>Le r\u00e9seau de chauffage urbain de l\u2019agglom\u00e9ration a \u00e9t\u00e9 raccord\u00e9 au site de production d\u2019\u00e9nergie de l\u2019entreprise Solvay situ\u00e9 sur la plateforme chimique de Pont-de-Claix. L\u2019inauguration vient de se d\u00e9rouler et ce raccordement qui sera \u00eatre utilis\u00e9 dans les deux sens va optimiser les consommations du service public et de la plateforme en utilisant&nbsp;les productions [&hellip;]<\/p>\n","protected":false},"author":1,"featured_media":0,"comment_status":"closed","ping_status":"open","sticky":false,"template":"","format":"standard","meta":{"twitterCardType":"","cardImageID":0,"cardImage":"","cardTitle":"","cardDesc":"","cardImageAlt":"","cardPlayer":"","cardPlayerWidth":0,"cardPlayerHeight":0,"cardPlayerStream":"","cardPlayerCodec":"","footnotes":""},"categories":[62,11],"tags":[27,242,235],"class_list":["post-15613","post","type-post","status-publish","format-standard","hentry","category-le-rouge-le-vert-hebdo","category-politique-locale","tag-cie-de-chauffage","tag-developpement-durable","tag-energie"],"_links":{"self":[{"href":"https:\/\/www.ades-grenoble.org\/wordpress\/wp-json\/wp\/v2\/posts\/15613","targetHints":{"allow":["GET"]}}],"collection":[{"href":"https:\/\/www.ades-grenoble.org\/wordpress\/wp-json\/wp\/v2\/posts"}],"about":[{"href":"https:\/\/www.ades-grenoble.org\/wordpress\/wp-json\/wp\/v2\/types\/post"}],"author":[{"embeddable":true,"href":"https:\/\/www.ades-grenoble.org\/wordpress\/wp-json\/wp\/v2\/users\/1"}],"replies":[{"embeddable":true,"href":"https:\/\/www.ades-grenoble.org\/wordpress\/wp-json\/wp\/v2\/comments?post=15613"}],"version-history":[{"count":1,"href":"https:\/\/www.ades-grenoble.org\/wordpress\/wp-json\/wp\/v2\/posts\/15613\/revisions"}],"predecessor-version":[{"id":15614,"href":"https:\/\/www.ades-grenoble.org\/wordpress\/wp-json\/wp\/v2\/posts\/15613\/revisions\/15614"}],"wp:attachment":[{"href":"https:\/\/www.ades-grenoble.org\/wordpress\/wp-json\/wp\/v2\/media?parent=15613"}],"wp:term":[{"taxonomy":"category","embeddable":true,"href":"https:\/\/www.ades-grenoble.org\/wordpress\/wp-json\/wp\/v2\/categories?post=15613"},{"taxonomy":"post_tag","embeddable":true,"href":"https:\/\/www.ades-grenoble.org\/wordpress\/wp-json\/wp\/v2\/tags?post=15613"}],"curies":[{"name":"wp","href":"https:\/\/api.w.org\/{rel}","templated":true}]}}