{"id":15657,"date":"2019-04-12T14:55:55","date_gmt":"2019-04-12T12:55:55","guid":{"rendered":"http:\/\/www.ades-grenoble.org\/wordpress\/?p=15657"},"modified":"2019-04-12T15:29:26","modified_gmt":"2019-04-12T13:29:26","slug":"connaissances-sur-la-biodiversite-en-auvergne-rhone-alpes","status":"publish","type":"post","link":"https:\/\/www.ades-grenoble.org\/wordpress\/2019\/04\/12\/connaissances-sur-la-biodiversite-en-auvergne-rhone-alpes\/","title":{"rendered":"Connaissances sur la biodiversit\u00e9 en Auvergne-Rh\u00f4ne-Alpes"},"content":{"rendered":"\n<div class=\"wp-block-image\"><figure class=\"alignleft\"><img loading=\"lazy\" decoding=\"async\" width=\"360\" height=\"147\" src=\"http:\/\/www.ades-grenoble.org\/wordpress\/wp-content\/uploads\/2019\/04\/fauneauvergnerhonealpes.jpg\" alt=\"\" class=\"wp-image-15658\" srcset=\"https:\/\/www.ades-grenoble.org\/wordpress\/wp-content\/uploads\/2019\/04\/fauneauvergnerhonealpes.jpg 360w, https:\/\/www.ades-grenoble.org\/wordpress\/wp-content\/uploads\/2019\/04\/fauneauvergnerhonealpes-150x61.jpg 150w, https:\/\/www.ades-grenoble.org\/wordpress\/wp-content\/uploads\/2019\/04\/fauneauvergnerhonealpes-300x123.jpg 300w\" sizes=\"auto, (max-width: 360px) 100vw, 360px\" \/><\/figure><\/div>\n\n\n\n<p>La connaissance est la base de la protection de la nature. Cinq structures associatives se sont associ\u00e9es pour collecter et diffuser les connaissances naturalistes sur la faune vert\u00e9br\u00e9e en Auvergne-Rh\u00f4ne-Alpes. Cette mise \u00e0 disposition est consultable sur <a href=\"http:\/\/fauneauvergnerhonealpes.org\" target=\"_blank\" rel=\"noreferrer noopener\" aria-label=\"fauneauvergnerhonealpes.org (opens in a new tab)\">fauneauvergnerhonealpes.org<\/a>.<\/p>\n\n\n\n<p>Par\nexemple sur la commune de Grenoble il y a 24&nbsp;355 observations de 208\nesp\u00e8ces. Il y a eu en 2018, 1805 observations du merle noir, 1660 de m\u00e9sanges\ncharbonni\u00e8res, 1393 de moineau domestique\u2026 mais une seule alouette des champs\nvue en 2010\u2026<\/p>\n\n\n<p><!--more--><\/p>\n\n\n<p>Ces\nassociations partagent le m\u00eame objectif d&rsquo;\u00e9tude et de protection de la\nbiodiversit\u00e9. Il s&rsquo;agit des CPIE d&rsquo;Auvergne, l&rsquo;Observatoire des Reptiles\nd&rsquo;Auvergne, le Groupe Mammalogique d&rsquo;Auvergne, Chauve-Souris Auvergne et la LPO\nAuvergne-Rh\u00f4ne-Alpes.<br>\nUne plateforme web met d\u00e9sormais \u00e0 disposition de tous les publics\n(particuliers, naturalistes, collectivit\u00e9s) toutes les connaissances collect\u00e9es\n\u00e0 l&rsquo;\u00e9chelle de la r\u00e9gion Auvergne-Rh\u00f4ne-Alpes. Cette plateforme comprend des cartes de r\u00e9partition mais aussi des listes d&rsquo;esp\u00e8ces par territoire.<br>\n<br>\n\u00c0 travers cette plateforme, plus de 12 millions de donn\u00e9es sont ainsi\nvaloris\u00e9es. Une donn\u00e9e naturaliste ou observation traduit la pr\u00e9sence d&rsquo;une\nesp\u00e8ce en un lieu donn\u00e9 \u00e0 une date donn\u00e9e.<\/p>\n\n\n\n<p>Ces\ndonn\u00e9es sont le fruit de centaines de milliers d&rsquo;heures d&rsquo;observations sur le terrain\npar des b\u00e9n\u00e9voles et des salari\u00e9s&nbsp;!\n\nTout un chacun est invit\u00e9 \u00e0\ncontribuer en transmettant ses observations.<br><br><\/p>\n","protected":false},"excerpt":{"rendered":"<p>La connaissance est la base de la protection de la nature. Cinq structures associatives se sont associ\u00e9es pour collecter et diffuser les connaissances naturalistes sur la faune vert\u00e9br\u00e9e en Auvergne-Rh\u00f4ne-Alpes. Cette mise \u00e0 disposition est consultable sur fauneauvergnerhonealpes.org. Par exemple sur la commune de Grenoble il y a 24&nbsp;355 observations de 208 esp\u00e8ces. Il y [&hellip;]<\/p>\n","protected":false},"author":1,"featured_media":0,"comment_status":"closed","ping_status":"open","sticky":false,"template":"","format":"standard","meta":{"twitterCardType":"","cardImageID":0,"cardImage":"","cardTitle":"","cardDesc":"","cardImageAlt":"","cardPlayer":"","cardPlayerWidth":0,"cardPlayerHeight":0,"cardPlayerStream":"","cardPlayerCodec":"","footnotes":""},"categories":[62,11],"tags":[145,153],"class_list":["post-15657","post","type-post","status-publish","format-standard","hentry","category-le-rouge-le-vert-hebdo","category-politique-locale","tag-biodiversite","tag-ecologie"],"_links":{"self":[{"href":"https:\/\/www.ades-grenoble.org\/wordpress\/wp-json\/wp\/v2\/posts\/15657","targetHints":{"allow":["GET"]}}],"collection":[{"href":"https:\/\/www.ades-grenoble.org\/wordpress\/wp-json\/wp\/v2\/posts"}],"about":[{"href":"https:\/\/www.ades-grenoble.org\/wordpress\/wp-json\/wp\/v2\/types\/post"}],"author":[{"embeddable":true,"href":"https:\/\/www.ades-grenoble.org\/wordpress\/wp-json\/wp\/v2\/users\/1"}],"replies":[{"embeddable":true,"href":"https:\/\/www.ades-grenoble.org\/wordpress\/wp-json\/wp\/v2\/comments?post=15657"}],"version-history":[{"count":2,"href":"https:\/\/www.ades-grenoble.org\/wordpress\/wp-json\/wp\/v2\/posts\/15657\/revisions"}],"predecessor-version":[{"id":15660,"href":"https:\/\/www.ades-grenoble.org\/wordpress\/wp-json\/wp\/v2\/posts\/15657\/revisions\/15660"}],"wp:attachment":[{"href":"https:\/\/www.ades-grenoble.org\/wordpress\/wp-json\/wp\/v2\/media?parent=15657"}],"wp:term":[{"taxonomy":"category","embeddable":true,"href":"https:\/\/www.ades-grenoble.org\/wordpress\/wp-json\/wp\/v2\/categories?post=15657"},{"taxonomy":"post_tag","embeddable":true,"href":"https:\/\/www.ades-grenoble.org\/wordpress\/wp-json\/wp\/v2\/tags?post=15657"}],"curies":[{"name":"wp","href":"https:\/\/api.w.org\/{rel}","templated":true}]}}