{"id":15675,"date":"2019-04-12T15:28:27","date_gmt":"2019-04-12T13:28:27","guid":{"rendered":"http:\/\/www.ades-grenoble.org\/wordpress\/?p=15675"},"modified":"2019-04-12T15:37:21","modified_gmt":"2019-04-12T13:37:21","slug":"agenda-117","status":"publish","type":"post","link":"https:\/\/www.ades-grenoble.org\/wordpress\/2019\/04\/12\/agenda-117\/","title":{"rendered":"Agenda"},"content":{"rendered":"\n<div class=\"wp-block-image\"><figure class=\"alignleft\"><img loading=\"lazy\" decoding=\"async\" width=\"350\" height=\"144\" src=\"http:\/\/www.ades-grenoble.org\/wordpress\/wp-content\/uploads\/2016\/05\/LDH.jpg\" alt=\"\" class=\"wp-image-11659\" srcset=\"https:\/\/www.ades-grenoble.org\/wordpress\/wp-content\/uploads\/2016\/05\/LDH.jpg 350w, https:\/\/www.ades-grenoble.org\/wordpress\/wp-content\/uploads\/2016\/05\/LDH-150x62.jpg 150w, https:\/\/www.ades-grenoble.org\/wordpress\/wp-content\/uploads\/2016\/05\/LDH-300x123.jpg 300w\" sizes=\"auto, (max-width: 350px) 100vw, 350px\" \/><\/figure><\/div>\n\n\n\n<p><strong>Samedi 13 avril \u00e0\n10 h 30, place F\u00e9lix Poulat \u00e0 Grenoble, manifestation pour d\u00e9fendre le droit de\nmanifester qui est mis en cause par la nouvelle loi dite\n\u00ab&nbsp;anti-casseurs&nbsp;\u00bb.<\/strong><\/p>\n\n\n<hr>\n\n\n<p><strong>Samedi 13 avril de 11 h \u00e0 18 h \u00e0 l\u2019H\u00f4tel de ville,<\/strong> Forum des id\u00e9es : d\u00e9couverte des 103 propositions du budget participatif 2019 et pr\u00e9s\u00e9lection des id\u00e9es pr\u00e9f\u00e9r\u00e9es. Voir les propositions <a href=\"https:\/\/www.grenoble.fr\/1345-budget-participatif-2019-les-idees-deposees.htm\ufeff\" target=\"_blank\" rel=\"noreferrer noopener\" aria-label=\"ici (opens in a new tab)\">ici<\/a>.<\/p>\n","protected":false},"excerpt":{"rendered":"<p>Samedi 13 avril \u00e0 10 h 30, place F\u00e9lix Poulat \u00e0 Grenoble, manifestation pour d\u00e9fendre le droit de manifester qui est mis en cause par la nouvelle loi dite \u00ab&nbsp;anti-casseurs&nbsp;\u00bb. Samedi 13 avril de 11 h \u00e0 18 h \u00e0 l\u2019H\u00f4tel de ville, Forum des id\u00e9es : d\u00e9couverte des 103 propositions du budget participatif 2019 [&hellip;]<\/p>\n","protected":false},"author":1,"featured_media":0,"comment_status":"closed","ping_status":"open","sticky":false,"template":"","format":"standard","meta":{"twitterCardType":"","cardImageID":0,"cardImage":"","cardTitle":"","cardDesc":"","cardImageAlt":"","cardPlayer":"","cardPlayerWidth":0,"cardPlayerHeight":0,"cardPlayerStream":"","cardPlayerCodec":"","footnotes":""},"categories":[62,11],"tags":[125],"class_list":["post-15675","post","type-post","status-publish","format-standard","hentry","category-le-rouge-le-vert-hebdo","category-politique-locale","tag-agenda"],"_links":{"self":[{"href":"https:\/\/www.ades-grenoble.org\/wordpress\/wp-json\/wp\/v2\/posts\/15675","targetHints":{"allow":["GET"]}}],"collection":[{"href":"https:\/\/www.ades-grenoble.org\/wordpress\/wp-json\/wp\/v2\/posts"}],"about":[{"href":"https:\/\/www.ades-grenoble.org\/wordpress\/wp-json\/wp\/v2\/types\/post"}],"author":[{"embeddable":true,"href":"https:\/\/www.ades-grenoble.org\/wordpress\/wp-json\/wp\/v2\/users\/1"}],"replies":[{"embeddable":true,"href":"https:\/\/www.ades-grenoble.org\/wordpress\/wp-json\/wp\/v2\/comments?post=15675"}],"version-history":[{"count":3,"href":"https:\/\/www.ades-grenoble.org\/wordpress\/wp-json\/wp\/v2\/posts\/15675\/revisions"}],"predecessor-version":[{"id":15678,"href":"https:\/\/www.ades-grenoble.org\/wordpress\/wp-json\/wp\/v2\/posts\/15675\/revisions\/15678"}],"wp:attachment":[{"href":"https:\/\/www.ades-grenoble.org\/wordpress\/wp-json\/wp\/v2\/media?parent=15675"}],"wp:term":[{"taxonomy":"category","embeddable":true,"href":"https:\/\/www.ades-grenoble.org\/wordpress\/wp-json\/wp\/v2\/categories?post=15675"},{"taxonomy":"post_tag","embeddable":true,"href":"https:\/\/www.ades-grenoble.org\/wordpress\/wp-json\/wp\/v2\/tags?post=15675"}],"curies":[{"name":"wp","href":"https:\/\/api.w.org\/{rel}","templated":true}]}}