{"id":15711,"date":"2019-04-26T15:13:02","date_gmt":"2019-04-26T13:13:02","guid":{"rendered":"http:\/\/www.ades-grenoble.org\/wordpress\/?p=15711"},"modified":"2019-04-26T16:06:45","modified_gmt":"2019-04-26T14:06:45","slug":"le-debat-national-sur-la-gestion-des-matieres-et-dechets-radioactifs-est-ouvert","status":"publish","type":"post","link":"https:\/\/www.ades-grenoble.org\/wordpress\/2019\/04\/26\/le-debat-national-sur-la-gestion-des-matieres-et-dechets-radioactifs-est-ouvert\/","title":{"rendered":"Le d\u00e9bat national sur la gestion des mati\u00e8res et d\u00e9chets radioactifs est ouvert"},"content":{"rendered":"\n<div class=\"wp-block-image\"><figure class=\"alignleft\"><img loading=\"lazy\" decoding=\"async\" width=\"308\" height=\"211\" src=\"http:\/\/www.ades-grenoble.org\/wordpress\/wp-content\/uploads\/2019\/04\/andra.jpg\" alt=\"\" class=\"wp-image-15712\" srcset=\"https:\/\/www.ades-grenoble.org\/wordpress\/wp-content\/uploads\/2019\/04\/andra.jpg 308w, https:\/\/www.ades-grenoble.org\/wordpress\/wp-content\/uploads\/2019\/04\/andra-150x103.jpg 150w, https:\/\/www.ades-grenoble.org\/wordpress\/wp-content\/uploads\/2019\/04\/andra-300x206.jpg 300w\" sizes=\"auto, (max-width: 308px) 100vw, 308px\" \/><\/figure><\/div>\n\n\n\n<p>C&rsquo;est la premi\u00e8re fois\nque le plan national de gestion des mati\u00e8res et d\u00e9chets radioactifs (PNGMDR),\ndont c&rsquo;est la cinqui\u00e8me \u00e9dition relative aux ann\u00e9es 2019-2021, est soumis \u00e0 un\nd\u00e9bat public organis\u00e9 par la CNDP (Commission Nationale du D\u00e9bat Public). Il a\nd\u00e9marr\u00e9 le 17 avril et durera jusqu\u2019\u00e0 fin septembre 2019.<\/p>\n\n\n\n<p>Le dispositif pr\u00e9voit une\nvingtaine de manifestations sur l&rsquo;ensemble du territoire (rien dans\nl\u2019agglom\u00e9ration grenobloise). A l&rsquo;issue du d\u00e9bat, la commission \u00e9tablira un\ncompte-rendu, auquel la ma\u00eetrise d&rsquo;ouvrage sera tenue de r\u00e9pondre pour dire si\nelle poursuit ce projet de plan en l&rsquo;\u00e9tat, en le modifiant ou en l&rsquo;abandonnant.<\/p>\n\n\n\n<p>Des mouvements antinucl\u00e9aires dont le r\u00e9seau <em>\u00ab&nbsp;Sortir Du Nucl\u00e9aire&nbsp;\u00bb <\/em>annoncent\nqu\u2019ils ne participeront pas \u00e0 ce d\u00e9bat dans un communiqu\u00e9 du 16 avril&nbsp;:\n\u00ab&nbsp;<em>Pour\nnous, d\u00e9battre n\u2019a pas de sens si les choix sur ce sujet sont d\u00e9j\u00e0 verrouill\u00e9s.<\/em><\/p>\n\n\n<p><!--more--><\/p>\n\n\n<p><strong><em>\u00c0 quoi bon d\u00e9battre des options de gestion de ces substances ing\u00e9rables,\nsi la seule solution r\u00e9ellement existante, \u00e0 savoir l\u2019arr\u00eat de leur production,\nest exclue par les pouvoirs publics&nbsp;?<\/em><\/strong><em>&nbsp;Contre l\u2019avis des citoyens, la Programmation\nPluriannuelle de l\u2019\u00c9nergie a d\u00e9j\u00e0 act\u00e9 la prolongation de quasiment tous les\nr\u00e9acteurs au-del\u00e0 de 50 ans et le d\u00e9ploiement d\u2019une nouvelle g\u00e9n\u00e9ration de\ncentrales. Un tel choix nous impose des d\u00e9cennies d\u2019accumulation de nouveaux\nd\u00e9chets et mati\u00e8res radioactifs. Il est ind\u00e9cent de nous demander de participer\n\u00e0 leur cogestion.<\/em><\/p>\n\n\n\n<p><em>Par ailleurs, quels que soient les efforts de la Commission Particuli\u00e8re\ndu D\u00e9bat Public pour mettre en discussion l\u2019ensemble des sujets et solliciter\nune expertise pluraliste, il n\u2019existe aucun m\u00e9canisme contraignant qui garantisse\nla prise en compte des conclusions. Et tant sur la production de d\u00e9chets que\nsur les modes de gestion actuels et futurs, la feuille de route est trac\u00e9e\ndepuis des d\u00e9cennies, tant pour l\u2019Andra que pour les d\u00e9cideurs. D\u00e8s lors, il ne\ns\u2019agit pas d\u2019un rendez-vous d\u00e9mocratique&nbsp;; comment ce d\u00e9bat pourrait-il\n\u00eatre autre chose qu\u2019une op\u00e9ration de sensibilisation la probl\u00e9matique des\nd\u00e9chets, voire de communication&nbsp;?&#8230;<\/em><\/p>\n\n\n\n<p><em>L\u2019exp\u00e9rience a malheureusement montr\u00e9 qu\u2019en mati\u00e8re de\nnucl\u00e9aire, les d\u00e9bats publics n\u2019ont jamais permis de remettre en question des\nprojets d\u00e9j\u00e0 d\u00e9cid\u00e9s ailleurs, qu\u2019il s\u2019agisse des d\u00e9bats sur les d\u00e9chets de\n2005 et 2013 ou de celui sur l\u2019EPR de Flamanville en 2007. Ce constat avait\nm\u00eame men\u00e9 trois membres de la CPDP \u00e0 se d\u00e9solidariser des conclusions en 2013.&nbsp;\u00bb<\/em><\/p>\n\n\n\n<p>L\u2019ANDRA \u00e9dite un\ninventaire de tous les sites d\u00e9tenant des produits radioactifs sous diverses\nformes. En Is\u00e8re il y a 20 sites dans l\u2019inventaire&nbsp;allant du laboratoire\nde recherche, \u00e0 la m\u00e9decine nucl\u00e9aire, \u00e0 certaines soci\u00e9t\u00e9s industrielles et\naux centrales nucl\u00e9aires&nbsp;: le Centre de recherches sur les macromol\u00e9cules\nv\u00e9g\u00e9tales (CNRS-UGA) \u00e0 Gi\u00e8res, le CEA \u00e0 Grenoble, la Clinique de m\u00e9decine\nnucl\u00e9aire et l\u2019Institut de biologie et de pathologie au CHU \u00e0 la Tronche, l\u2019Etablissement\nFran\u00e7ais du sang \u00e0 la Tronche, Le laboratoire des Radiopharmaceutiques\nbiocliniques (INSERM) \u00e0 la Tronche, l\u2019Institut Albert Bonniot \u00e0 la Tronche, l\u2019Institut Laue\nLangevin \u00e0 Grenoble, le SCINTEP- m\u00e9decine nucl\u00e9aire \u00e0 Grenoble, le Laboratoire de Physique Subatomique et de\nCosmologie (CNRS-IN2P3-UGA) \u00e0 Grenoble, l\u2019Institut des neurosciences (INSERM) \u00e0 Grenoble, l\u2019Institut Dolomieu \u00e0\nGrenoble (UGA), le laboratoire d&rsquo;\u00e9cologie alpine (LECA), le laboratoire\nCyclopharma \u00e0 Janneyrias, l\u2019usine de CEZUS \u00e0 Jarrie, la soci\u00e9t\u00e9 Rolls-Royce\nCivil Nuclear SAS \u00e0 Meylan, le site du surg\u00e9n\u00e9rateur en d\u00e9mant\u00e8lement \u00e0 Creys\nMalville, la centrale nucl\u00e9aire de Saint Alban \u00e0 Saint Maurice l\u2019Exil, la\nsoci\u00e9t\u00e9 Sigma Aldrich Chimie \u00e0 Saint Quentin Fallavier, la soci\u00e9t\u00e9 NCT \u00e0\nSaint-Romain-de-Jalionas et la soci\u00e9t\u00e9 Coquand g\u00e9rant la d\u00e9charge du Serf \u00e0\nVif,<\/p>\n\n\n\n<p>Pour suivre le d\u00e9bat public voir <a href=\"https:\/\/pngmdr.debatpublic.fr\/\" target=\"_blank\" rel=\"noreferrer noopener\" aria-label=\"ici (opens in a new tab)\">ici<\/a>.<\/p>\n\n\n\n<p>Pour acc\u00e9der \u00e0 l\u2019inventaire de l\u2019ANDRA\u00a0 <a href=\"https:\/\/inventaire.andra.fr\/\" target=\"_blank\" rel=\"noreferrer noopener\" aria-label=\"l\u00e0 (opens in a new tab)\">l\u00e0<\/a>.<\/p>\n","protected":false},"excerpt":{"rendered":"<p>C&rsquo;est la premi\u00e8re fois que le plan national de gestion des mati\u00e8res et d\u00e9chets radioactifs (PNGMDR), dont c&rsquo;est la cinqui\u00e8me \u00e9dition relative aux ann\u00e9es 2019-2021, est soumis \u00e0 un d\u00e9bat public organis\u00e9 par la CNDP (Commission Nationale du D\u00e9bat Public). Il a d\u00e9marr\u00e9 le 17 avril et durera jusqu\u2019\u00e0 fin septembre 2019. Le dispositif pr\u00e9voit [&hellip;]<\/p>\n","protected":false},"author":1,"featured_media":0,"comment_status":"closed","ping_status":"open","sticky":false,"template":"","format":"standard","meta":{"twitterCardType":"","cardImageID":0,"cardImage":"","cardTitle":"","cardDesc":"","cardImageAlt":"","cardPlayer":"","cardPlayerWidth":0,"cardPlayerHeight":0,"cardPlayerStream":"","cardPlayerCodec":"","footnotes":""},"categories":[62,11],"tags":[158,64,99],"class_list":["post-15711","post","type-post","status-publish","format-standard","hentry","category-le-rouge-le-vert-hebdo","category-politique-locale","tag-dechets","tag-nucleaire","tag-sante"],"_links":{"self":[{"href":"https:\/\/www.ades-grenoble.org\/wordpress\/wp-json\/wp\/v2\/posts\/15711","targetHints":{"allow":["GET"]}}],"collection":[{"href":"https:\/\/www.ades-grenoble.org\/wordpress\/wp-json\/wp\/v2\/posts"}],"about":[{"href":"https:\/\/www.ades-grenoble.org\/wordpress\/wp-json\/wp\/v2\/types\/post"}],"author":[{"embeddable":true,"href":"https:\/\/www.ades-grenoble.org\/wordpress\/wp-json\/wp\/v2\/users\/1"}],"replies":[{"embeddable":true,"href":"https:\/\/www.ades-grenoble.org\/wordpress\/wp-json\/wp\/v2\/comments?post=15711"}],"version-history":[{"count":1,"href":"https:\/\/www.ades-grenoble.org\/wordpress\/wp-json\/wp\/v2\/posts\/15711\/revisions"}],"predecessor-version":[{"id":15713,"href":"https:\/\/www.ades-grenoble.org\/wordpress\/wp-json\/wp\/v2\/posts\/15711\/revisions\/15713"}],"wp:attachment":[{"href":"https:\/\/www.ades-grenoble.org\/wordpress\/wp-json\/wp\/v2\/media?parent=15711"}],"wp:term":[{"taxonomy":"category","embeddable":true,"href":"https:\/\/www.ades-grenoble.org\/wordpress\/wp-json\/wp\/v2\/categories?post=15711"},{"taxonomy":"post_tag","embeddable":true,"href":"https:\/\/www.ades-grenoble.org\/wordpress\/wp-json\/wp\/v2\/tags?post=15711"}],"curies":[{"name":"wp","href":"https:\/\/api.w.org\/{rel}","templated":true}]}}