{"id":15735,"date":"2019-04-26T16:01:07","date_gmt":"2019-04-26T14:01:07","guid":{"rendered":"http:\/\/www.ades-grenoble.org\/wordpress\/?p=15735"},"modified":"2019-04-26T16:07:36","modified_gmt":"2019-04-26T14:07:36","slug":"attention-de-nombreux-bureaux-de-poste-risquent-de-fermer-a-grenoble","status":"publish","type":"post","link":"https:\/\/www.ades-grenoble.org\/wordpress\/2019\/04\/26\/attention-de-nombreux-bureaux-de-poste-risquent-de-fermer-a-grenoble\/","title":{"rendered":"Attention : de nombreux bureaux de poste risquent de fermer \u00e0 Grenoble"},"content":{"rendered":"\n<div class=\"wp-block-image\"><figure class=\"alignleft\"><img loading=\"lazy\" decoding=\"async\" width=\"380\" height=\"384\" src=\"http:\/\/www.ades-grenoble.org\/wordpress\/wp-content\/uploads\/2019\/04\/aime-poste.jpg\" alt=\"\" class=\"wp-image-15736\" srcset=\"https:\/\/www.ades-grenoble.org\/wordpress\/wp-content\/uploads\/2019\/04\/aime-poste.jpg 380w, https:\/\/www.ades-grenoble.org\/wordpress\/wp-content\/uploads\/2019\/04\/aime-poste-148x150.jpg 148w, https:\/\/www.ades-grenoble.org\/wordpress\/wp-content\/uploads\/2019\/04\/aime-poste-297x300.jpg 297w\" sizes=\"auto, (max-width: 380px) 100vw, 380px\" \/><\/figure><\/div>\n\n\n\n<p>Le collectif \u00ab&nbsp;<em>J\u2019aime ma poste \u00e0 Grenoble<\/em>&nbsp;\u00bb apporte\ndes informations inqui\u00e9tantes concernant les projets de la direction de la\nPoste en Is\u00e8re, Dr\u00f4me et Ard\u00e8che. Il y aurait 32 projets de\n\u00ab&nbsp;r\u00e9organisation&nbsp;\u00bb qui auraient pour cons\u00e9quence une d\u00e9sorganisation\nprofonde du service public, voire une disparition dans de nombreux endroits. A\nGrenoble au lieu de 11 bureaux actuels on n\u2019aurait plus que 6 bureaux&nbsp;!!!\nApr\u00e8s la fermeture des bureaux de Championnet et de Grand&rsquo;Place, la Poste veut\nfermer ceux de Bajati\u00e8re et de Stalingrad et pr\u00e9pare d\u2019autres fermetures.<\/p>\n\n\n\n<p>Le collectif qui regroupe des collectifs d\u2019habitants, des syndicats, des associations, des \u00e9lus et des mouvements politiques est soutenu par la mairie de Grenoble ; il a organis\u00e9 une r\u00e9union jeudi 25 avril pour lancer une riposte contre le d\u00e9mant\u00e8lement de ce service public.<\/p>\n\n\n<p><!--more--><\/p>\n\n\n<p>Il a \u00e9t\u00e9 d\u00e9cid\u00e9 d\u2019une\nmanifestation de protestation le jeudi 9 mai \u00e0 10 h 30 devant la Poste Chavant,\npuis il y aura des actions pour protester contre les fermetures des bureaux de\nBajati\u00e8re et Stalingrad.\n\nIl n\u2019y a pas qu\u2019\u00e0 Grenoble que\nles fermetures sont pr\u00e9par\u00e9es, il y aurait 60 suppressions de poste en Is\u00e8re,\nDr\u00f4me, Ard\u00e8che. Il est pr\u00e9vu de fermer le bureau de vote de Lans en Vercors et\nde diminuer les temps d\u2019ouverture de nombreux bureaux de vote, notamment dans\nle secteur de St Egr\u00e8ve.\n\n\n\n<\/p>\n","protected":false},"excerpt":{"rendered":"<p>Le collectif \u00ab&nbsp;J\u2019aime ma poste \u00e0 Grenoble&nbsp;\u00bb apporte des informations inqui\u00e9tantes concernant les projets de la direction de la Poste en Is\u00e8re, Dr\u00f4me et Ard\u00e8che. Il y aurait 32 projets de \u00ab&nbsp;r\u00e9organisation&nbsp;\u00bb qui auraient pour cons\u00e9quence une d\u00e9sorganisation profonde du service public, voire une disparition dans de nombreux endroits. A Grenoble au lieu de 11 [&hellip;]<\/p>\n","protected":false},"author":1,"featured_media":0,"comment_status":"closed","ping_status":"open","sticky":false,"template":"","format":"standard","meta":{"twitterCardType":"","cardImageID":0,"cardImage":"","cardTitle":"","cardDesc":"","cardImageAlt":"","cardPlayer":"","cardPlayerWidth":0,"cardPlayerHeight":0,"cardPlayerStream":"","cardPlayerCodec":"","footnotes":""},"categories":[62,11],"tags":[196,12,44],"class_list":["post-15735","post","type-post","status-publish","format-standard","hentry","category-le-rouge-le-vert-hebdo","category-politique-locale","tag-etat","tag-mobilisations","tag-services-publics"],"_links":{"self":[{"href":"https:\/\/www.ades-grenoble.org\/wordpress\/wp-json\/wp\/v2\/posts\/15735","targetHints":{"allow":["GET"]}}],"collection":[{"href":"https:\/\/www.ades-grenoble.org\/wordpress\/wp-json\/wp\/v2\/posts"}],"about":[{"href":"https:\/\/www.ades-grenoble.org\/wordpress\/wp-json\/wp\/v2\/types\/post"}],"author":[{"embeddable":true,"href":"https:\/\/www.ades-grenoble.org\/wordpress\/wp-json\/wp\/v2\/users\/1"}],"replies":[{"embeddable":true,"href":"https:\/\/www.ades-grenoble.org\/wordpress\/wp-json\/wp\/v2\/comments?post=15735"}],"version-history":[{"count":1,"href":"https:\/\/www.ades-grenoble.org\/wordpress\/wp-json\/wp\/v2\/posts\/15735\/revisions"}],"predecessor-version":[{"id":15737,"href":"https:\/\/www.ades-grenoble.org\/wordpress\/wp-json\/wp\/v2\/posts\/15735\/revisions\/15737"}],"wp:attachment":[{"href":"https:\/\/www.ades-grenoble.org\/wordpress\/wp-json\/wp\/v2\/media?parent=15735"}],"wp:term":[{"taxonomy":"category","embeddable":true,"href":"https:\/\/www.ades-grenoble.org\/wordpress\/wp-json\/wp\/v2\/categories?post=15735"},{"taxonomy":"post_tag","embeddable":true,"href":"https:\/\/www.ades-grenoble.org\/wordpress\/wp-json\/wp\/v2\/tags?post=15735"}],"curies":[{"name":"wp","href":"https:\/\/api.w.org\/{rel}","templated":true}]}}