{"id":15788,"date":"2019-05-09T18:57:53","date_gmt":"2019-05-09T16:57:53","guid":{"rendered":"http:\/\/www.ades-grenoble.org\/wordpress\/?p=15788"},"modified":"2019-05-09T19:36:26","modified_gmt":"2019-05-09T17:36:26","slug":"circulaire-relative-a-la-lutte-contre-les-discriminations-les-propos-et-les-comportements-haineux","status":"publish","type":"post","link":"https:\/\/www.ades-grenoble.org\/wordpress\/2019\/05\/09\/circulaire-relative-a-la-lutte-contre-les-discriminations-les-propos-et-les-comportements-haineux\/","title":{"rendered":"Circulaire relative \u00e0 la lutte contre les discriminations, les propos et les comportements haineux"},"content":{"rendered":"\n<div class=\"wp-block-image\"><figure class=\"alignleft\"><img decoding=\"async\" src=\"http:\/\/www.ades-grenoble.org\/wordpress\/wp-content\/uploads\/2015\/01\/balance-justice.jpg\" alt=\"\" class=\"wp-image-9565\"\/><\/figure><\/div>\n\n\n\n<p>Face\n\u00e0 la multiplication des actes racistes, antis\u00e9mites et homophobes commis dans\nl&rsquo;espace public, et \u00e0 la recrudescence des propos haineux facilit\u00e9s par le\nd\u00e9veloppement d&rsquo;internet, la garde des sceaux attire l&rsquo;attention des procureurs\nde la R\u00e9publique sur le traitement qu&rsquo;exigent ces comportements intol\u00e9rables\ndans notre R\u00e9publique, dans une circulaire du 4 avril 2019, mais d\u2019application\nau 30 avril.<\/p>\n\n\n\n<p>Ce\ntype de comportements porte en effet atteinte aux fondements m\u00eames de notre\nR\u00e9publique rappel\u00e9s par l&rsquo;article 1er de la Constitution qui proclame que la\nR\u00e9publique assure l&rsquo;\u00e9galit\u00e9 devant la loi de tous les citoyens sans distinction\nd&rsquo;origine, de race ou de religion.<\/p>\n\n\n<p><!--more--><\/p>\n\n\n<p>La\ncirculaire rappelle que pour ce qui est des infractions commises via internet,\n\u00ab&nbsp;<em>tous les parquets des ressorts dans lesquels il a pu \u00eatre acc\u00e9d\u00e9 au\nmessage litigieux sont consid\u00e9r\u00e9s comme comp\u00e9tents<\/em>&nbsp;\u00bb.<\/p>\n\n\n\n<p>Concernant\nles recours civils, la ministre souhaite \u00ab&nbsp;<em>que les parquets n&rsquo;h\u00e9sitent\npas \u00e0 s&#8217;emparer de la proc\u00e9dure civile en r\u00e9f\u00e9r\u00e9 afin de pouvoir rapidement\nenjoindre un h\u00e9bergeur ou un fournisseur d&rsquo;acc\u00e8s \u00e0 internet de bloquer l&rsquo;acc\u00e8s\n\u00e0 un site ou \u00e0 des pages v\u00e9hiculant des propos haineux <\/em>\u00bb.<\/p>\n\n\n\n<p>Un\nchapitre du texte est consacr\u00e9 \u00e0 l\u2019accueil des victimes. La ministre demande\nque les responsables de la police et de la gendarmerie \u00ab&nbsp;<em>sensibilisent\nparticuli\u00e8rement leurs services sur la qualit\u00e9 de l\u2019accueil des victimes de ces\nactes<\/em>&nbsp;\u00bb et, notamment, privil\u00e9gient le d\u00e9p\u00f4t de plainte plut\u00f4t que \u00ab<em>\nl\u2019\u00e9tablissement de simples mains courantes <\/em>\u00bb. Le dispositif permettant le\nd\u00e9p\u00f4t de plainte en ligne en la mati\u00e8re devra \u00eatre op\u00e9rationnel \u00ab&nbsp;<em>au\npremier semestre 2020<\/em>&nbsp;\u00bb. Les victimes devront d\u00e9sormais \u00eatre mieux\norient\u00e9es vers les structures et associations d\u2019aides aux victimes. \u00ab<em> Une\ninformation des \u00e9lus est recommand\u00e9e pour les dossiers ayant caus\u00e9 un trouble\nlocal.<\/em>&nbsp;\u00bb<\/p>\n\n\n\n<p>La circulaire comporte des annexes qui pr\u00e9cisent les proc\u00e9dures \u00e0 utilis\u00e9es dans tel ou tel domaine :<\/p>\n\n\n\n<p><em>Annexe 1 : Les infractions au droit de la presse\net leur r\u00e9gime proc\u00e9dural <\/em><\/p>\n\n\n\n<p><em>Annexe 2 : La responsabilit\u00e9 p\u00e9nale des acteurs\nd&rsquo;internet <\/em><\/p>\n\n\n\n<p><em>Annexe 3 : Le r\u00e9f\u00e9r\u00e9 civil pour restreindre les acc\u00e8s \u00e0 un service de communication au public en ligne. Exemple d&rsquo;assignation en r\u00e9f\u00e9r\u00e9 dans le cadre de la proc\u00e9dure de l&rsquo;article 6 I 8 de la loi du 21 juin 2004 pour la confiance dans l&rsquo;\u00e9conomie num\u00e9rique<\/em><\/p>\n\n\n\n<p>Pour lire la circulaire, cliquez <a href=\"http:\/\/circulaire.legifrance.gouv.fr\/index.php?action=afficherCirculaire&amp;hit=1&amp;retourAccueil=1&amp;r=44602\" target=\"_blank\" rel=\"noreferrer noopener\" aria-label=\"ici (opens in a new tab)\">ici<\/a>.<\/p>\n","protected":false},"excerpt":{"rendered":"<p>Face \u00e0 la multiplication des actes racistes, antis\u00e9mites et homophobes commis dans l&rsquo;espace public, et \u00e0 la recrudescence des propos haineux facilit\u00e9s par le d\u00e9veloppement d&rsquo;internet, la garde des sceaux attire l&rsquo;attention des procureurs de la R\u00e9publique sur le traitement qu&rsquo;exigent ces comportements intol\u00e9rables dans notre R\u00e9publique, dans une circulaire du 4 avril 2019, mais [&hellip;]<\/p>\n","protected":false},"author":1,"featured_media":0,"comment_status":"closed","ping_status":"open","sticky":false,"template":"","format":"standard","meta":{"twitterCardType":"","cardImageID":0,"cardImage":"","cardTitle":"","cardDesc":"","cardImageAlt":"","cardPlayer":"","cardPlayerWidth":0,"cardPlayerHeight":0,"cardPlayerStream":"","cardPlayerCodec":"","footnotes":""},"categories":[62,11],"tags":[180,243,284],"class_list":["post-15788","post","type-post","status-publish","format-standard","hentry","category-le-rouge-le-vert-hebdo","category-politique-locale","tag-discriminations","tag-justice","tag-racisme"],"_links":{"self":[{"href":"https:\/\/www.ades-grenoble.org\/wordpress\/wp-json\/wp\/v2\/posts\/15788","targetHints":{"allow":["GET"]}}],"collection":[{"href":"https:\/\/www.ades-grenoble.org\/wordpress\/wp-json\/wp\/v2\/posts"}],"about":[{"href":"https:\/\/www.ades-grenoble.org\/wordpress\/wp-json\/wp\/v2\/types\/post"}],"author":[{"embeddable":true,"href":"https:\/\/www.ades-grenoble.org\/wordpress\/wp-json\/wp\/v2\/users\/1"}],"replies":[{"embeddable":true,"href":"https:\/\/www.ades-grenoble.org\/wordpress\/wp-json\/wp\/v2\/comments?post=15788"}],"version-history":[{"count":1,"href":"https:\/\/www.ades-grenoble.org\/wordpress\/wp-json\/wp\/v2\/posts\/15788\/revisions"}],"predecessor-version":[{"id":15789,"href":"https:\/\/www.ades-grenoble.org\/wordpress\/wp-json\/wp\/v2\/posts\/15788\/revisions\/15789"}],"wp:attachment":[{"href":"https:\/\/www.ades-grenoble.org\/wordpress\/wp-json\/wp\/v2\/media?parent=15788"}],"wp:term":[{"taxonomy":"category","embeddable":true,"href":"https:\/\/www.ades-grenoble.org\/wordpress\/wp-json\/wp\/v2\/categories?post=15788"},{"taxonomy":"post_tag","embeddable":true,"href":"https:\/\/www.ades-grenoble.org\/wordpress\/wp-json\/wp\/v2\/tags?post=15788"}],"curies":[{"name":"wp","href":"https:\/\/api.w.org\/{rel}","templated":true}]}}