{"id":15791,"date":"2019-05-09T19:09:38","date_gmt":"2019-05-09T17:09:38","guid":{"rendered":"http:\/\/www.ades-grenoble.org\/wordpress\/?p=15791"},"modified":"2019-05-09T19:36:32","modified_gmt":"2019-05-09T17:36:32","slug":"prix-de-limmobilier-accessible-sur-la-plateforme-ouverte-des-donnees-publiques","status":"publish","type":"post","link":"https:\/\/www.ades-grenoble.org\/wordpress\/2019\/05\/09\/prix-de-limmobilier-accessible-sur-la-plateforme-ouverte-des-donnees-publiques\/","title":{"rendered":"Prix de l&rsquo;immobilier accessible sur la plateforme ouverte des donn\u00e9es publiques"},"content":{"rendered":"\n<div class=\"wp-block-image\"><figure class=\"alignleft\"><img loading=\"lazy\" decoding=\"async\" width=\"362\" height=\"83\" src=\"http:\/\/www.ades-grenoble.org\/wordpress\/wp-content\/uploads\/2019\/05\/data-gouv.jpg\" alt=\"\" class=\"wp-image-15792\" srcset=\"https:\/\/www.ades-grenoble.org\/wordpress\/wp-content\/uploads\/2019\/05\/data-gouv.jpg 362w, https:\/\/www.ades-grenoble.org\/wordpress\/wp-content\/uploads\/2019\/05\/data-gouv-150x34.jpg 150w, https:\/\/www.ades-grenoble.org\/wordpress\/wp-content\/uploads\/2019\/05\/data-gouv-300x69.jpg 300w\" sizes=\"auto, (max-width: 362px) 100vw, 362px\" \/><\/figure><\/div>\n\n\n\n<p>Le d\u00e9veloppement de l\u2019accessibilit\u00e9 des donn\u00e9es publiques (open data) se d\u00e9veloppe vite et tout citoyen peut acc\u00e9der \u00e0 un nombre impressionnant de donn\u00e9es couvrant de multiples secteurs d\u2019activit\u00e9 sur <a rel=\"noreferrer noopener\" aria-label=\"ce site (opens in a new tab)\" href=\"https:\/\/www.data.gouv.fr\/fr\/\" target=\"_blank\">ce site<\/a> \u00a0: <a href=\"https:\/\/www.data.gouv.fr\/fr\/topics\/agriculture-et-alimentation\/\">Agriculture et Alimentation\u00a0<\/a>; <a href=\"https:\/\/www.data.gouv.fr\/fr\/topics\/culture\/\">Culture, Communications\u00a0;\u00a0 <\/a><a href=\"https:\/\/www.data.gouv.fr\/fr\/topics\/economie-et-emploi\/\">Comptes, \u00c9conomie et Emploi<\/a>\u00a0; <a href=\"https:\/\/www.data.gouv.fr\/fr\/topics\/education-et-recherche\/\">\u00c9ducation, Recherche, Formation<\/a>\u00a0; <a href=\"https:\/\/www.data.gouv.fr\/fr\/topics\/international-et-europe\/\">International, Europe<\/a>\u00a0; <a href=\"https:\/\/www.data.gouv.fr\/fr\/topics\/logement-developpement-durable-et-energie\/\">Environnement, \u00c9nergie, Logement<\/a>\u00a0; <a href=\"https:\/\/www.data.gouv.fr\/fr\/topics\/sante-et-social\/\">Sant\u00e9 et Social<\/a>\u00a0; <a href=\"https:\/\/www.data.gouv.fr\/fr\/topics\/societe\/\" target=\"_blank\" rel=\"noreferrer noopener\" aria-label=\"Soci\u00e9t\u00e9, Droit, Institutions (opens in a new tab)\">Soci\u00e9t\u00e9, Droit, Institutions<\/a>\u00a0; <a href=\"https:\/\/www.data.gouv.fr\/fr\/topics\/territoires-et-transports\/\">Territoires, Transports, Tourisme <\/a><\/p>\n\n\n\n<p><a rel=\"noreferrer noopener\" aria-label=\"Par exemple vous pouvez trouver le prix des transactions immobili\u00e8res de ces derni\u00e8res ann\u00e9es dans la commune de votre choix (opens in a new tab)\" href=\"https:\/\/www.data.gouv.fr\/fr\/reuses\/explorateur-de-biens-vendus\/\" target=\"_blank\">Par exemple vous pouvez trouver le prix des transactions immobili\u00e8res de ces derni\u00e8res ann\u00e9es dans la commune de votre choix<\/a>. <\/p>\n\n\n<p><!--more--><\/p>\n\n\n<p>Une carte interactive permet de voir imm\u00e9diatement l\u2019ensemble des transactions avec leur adresses pr\u00e9cises, la surface du logement, sa composition, le prix de la transaction et la date de vente et une actualisation du prix pour les ventes plus anciennes.<\/p>\n\n\n\n<p>Pour Grenoble, il y a <a rel=\"noreferrer noopener\" aria-label=\"500 ventes indiqu\u00e9es sur la carte de la ville (opens in a new tab)\" href=\"https:\/\/www.meilleursagents.com\/prix-immobilier\/dvf\/grenoble-38000\/\" target=\"_blank\">500 ventes indiqu\u00e9es sur la carte de la ville<\/a>.<\/p>\n","protected":false},"excerpt":{"rendered":"<p>Le d\u00e9veloppement de l\u2019accessibilit\u00e9 des donn\u00e9es publiques (open data) se d\u00e9veloppe vite et tout citoyen peut acc\u00e9der \u00e0 un nombre impressionnant de donn\u00e9es couvrant de multiples secteurs d\u2019activit\u00e9 sur ce site \u00a0: Agriculture et Alimentation\u00a0; Culture, Communications\u00a0;\u00a0 Comptes, \u00c9conomie et Emploi\u00a0; \u00c9ducation, Recherche, Formation\u00a0; International, Europe\u00a0; Environnement, \u00c9nergie, Logement\u00a0; Sant\u00e9 et Social\u00a0; Soci\u00e9t\u00e9, Droit, Institutions\u00a0; [&hellip;]<\/p>\n","protected":false},"author":1,"featured_media":0,"comment_status":"closed","ping_status":"open","sticky":false,"template":"","format":"standard","meta":{"twitterCardType":"","cardImageID":0,"cardImage":"","cardTitle":"","cardDesc":"","cardImageAlt":"","cardPlayer":"","cardPlayerWidth":0,"cardPlayerHeight":0,"cardPlayerStream":"","cardPlayerCodec":"","footnotes":""},"categories":[62,11],"tags":[311,116,44],"class_list":["post-15791","post","type-post","status-publish","format-standard","hentry","category-le-rouge-le-vert-hebdo","category-politique-locale","tag-donnees","tag-logiciels-libres","tag-services-publics"],"_links":{"self":[{"href":"https:\/\/www.ades-grenoble.org\/wordpress\/wp-json\/wp\/v2\/posts\/15791","targetHints":{"allow":["GET"]}}],"collection":[{"href":"https:\/\/www.ades-grenoble.org\/wordpress\/wp-json\/wp\/v2\/posts"}],"about":[{"href":"https:\/\/www.ades-grenoble.org\/wordpress\/wp-json\/wp\/v2\/types\/post"}],"author":[{"embeddable":true,"href":"https:\/\/www.ades-grenoble.org\/wordpress\/wp-json\/wp\/v2\/users\/1"}],"replies":[{"embeddable":true,"href":"https:\/\/www.ades-grenoble.org\/wordpress\/wp-json\/wp\/v2\/comments?post=15791"}],"version-history":[{"count":3,"href":"https:\/\/www.ades-grenoble.org\/wordpress\/wp-json\/wp\/v2\/posts\/15791\/revisions"}],"predecessor-version":[{"id":15795,"href":"https:\/\/www.ades-grenoble.org\/wordpress\/wp-json\/wp\/v2\/posts\/15791\/revisions\/15795"}],"wp:attachment":[{"href":"https:\/\/www.ades-grenoble.org\/wordpress\/wp-json\/wp\/v2\/media?parent=15791"}],"wp:term":[{"taxonomy":"category","embeddable":true,"href":"https:\/\/www.ades-grenoble.org\/wordpress\/wp-json\/wp\/v2\/categories?post=15791"},{"taxonomy":"post_tag","embeddable":true,"href":"https:\/\/www.ades-grenoble.org\/wordpress\/wp-json\/wp\/v2\/tags?post=15791"}],"curies":[{"name":"wp","href":"https:\/\/api.w.org\/{rel}","templated":true}]}}