{"id":15847,"date":"2019-05-19T21:20:40","date_gmt":"2019-05-19T19:20:40","guid":{"rendered":"http:\/\/www.ades-grenoble.org\/wordpress\/?p=15847"},"modified":"2019-05-20T15:01:20","modified_gmt":"2019-05-20T13:01:20","slug":"sauvetage-du-logement-social-le-vrai-et-le-faux","status":"publish","type":"post","link":"https:\/\/www.ades-grenoble.org\/wordpress\/2019\/05\/19\/sauvetage-du-logement-social-le-vrai-et-le-faux\/","title":{"rendered":"Sauvetage du logement social, le vrai et le faux"},"content":{"rendered":"\n<div class=\"wp-block-image\"><figure class=\"alignleft\"><img loading=\"lazy\" decoding=\"async\" width=\"293\" height=\"258\" src=\"http:\/\/www.ades-grenoble.org\/wordpress\/wp-content\/uploads\/2017\/04\/Logo-Ades-web.jpg\" alt=\"\" class=\"wp-image-12873\" srcset=\"https:\/\/www.ades-grenoble.org\/wordpress\/wp-content\/uploads\/2017\/04\/Logo-Ades-web.jpg 293w, https:\/\/www.ades-grenoble.org\/wordpress\/wp-content\/uploads\/2017\/04\/Logo-Ades-web-150x132.jpg 150w\" sizes=\"auto, (max-width: 293px) 100vw, 293px\" \/><\/figure><\/div>\n\n\n\n<p>Comme beaucoup\nd\u2019approximations, d\u2019inexactitudes, et de mensonges sont colport\u00e9s \u00e0 ce sujet,\n\u00ab&nbsp;<em>le Rouge et le Vert<\/em>&nbsp;\u00bb\napporte des informations v\u00e9rifi\u00e9es sur ce qui se passe suite aux d\u00e9cisions\ngouvernementales et parlementaires qui atteignent de plein fouet les bailleurs\nsociaux qui ont beaucoup de locataires touchant l\u2019APL, comme ACTIS et Grenoble\nHabitat qui sont les bailleurs contr\u00f4l\u00e9s par la M\u00e9tropole et la ville de\nGrenoble.<\/p>\n\n\n\n<p>Ces\nattaques obligent la M\u00e9tro et la Ville de Grenoble \u00e0 prendre rapidement des\nd\u00e9cisions afin d\u2019op\u00e9rer le sauvetage du service public de logement social du\nterritoire. La fusion ACTIS-GH dans une SEM est &nbsp;la seule solution qui assure\nque l\u2019ensemble des conditions politiques port\u00e9es par la m\u00e9tropole et la Ville\nsoient remplies.<\/p>\n\n\n\n<p>Nous analyserons\nsuccessivement, l\u2019impact r\u00e9el de la politique de Macron aujourd\u2019hui et en 2020\nsur les bailleurs sociaux, ensuite la politique port\u00e9e par la M\u00e9tropole et la\nVille de Grenoble et nous indiquerons qu\u2019en aucun cas il n\u2019y aura une privatisation\nde la gestion du logement social dans la m\u00e9tropole.<\/p>\n\n\n<p><!--more--><\/p>\n\n\n<p>Cela\npermettra quelques mises au point sur des questions qui font pol\u00e9mique&nbsp;:<\/p>\n\n\n\n<ul class=\"wp-block-list\"><li>Fin 2019, ACTIS aura toujours plus de 12 000 logements : <strong>faux<\/strong><\/li><li>Il ne pourra pas y avoir plus de deux repr\u00e9sentants des locataires dans le conseil d\u2019administration de la SEM : <strong>faux<\/strong><\/li><li>L\u2019\u00e9tat des finances d\u2019ACTIS est tr\u00e8s pr\u00e9occupant et va encore se d\u00e9grader : <strong>vrai<\/strong><\/li><li>Les attaques gouvernementales contre le logement social vont s\u2019amplifier en 2020 : <strong>vrai<\/strong><\/li><li>La fusion dans la SEM sera une privatisation : <strong>faux<\/strong><\/li><li>La coordination entre ACTIS et GH, dans une soci\u00e9t\u00e9 de coordination, serait une solution alternative \u00e0 la fusion : <strong>faux<\/strong><\/li><li>Est-ce que la ville de Grenoble a un int\u00e9r\u00eat financier dans la fusion : <strong>non<\/strong><\/li><\/ul>\n\n\n\n<p><strong>Impact r\u00e9el de la politique de Macron et de ses fond\u00e9s de pouvoir des\nsp\u00e9culateurs immobiliers&nbsp;:<\/strong><\/p>\n\n\n\n<p>La\nd\u00e9stabilisation du mod\u00e8le \u00e9conomique du logement social cr\u00e9\u00e9e par la r\u00e9duction de\nloyer de solidarit\u00e9 (RLS) et la hausse de la TVA est organis\u00e9e par deux\nlois&nbsp;: la loi de finances 2018 et la loi Elan (23 novembre 2018). La RLS\nconsiste en une remise sur loyer obligatoire pour les locataires du parc social\ndont les revenus sont inf\u00e9rieurs \u00e0 certains plafonds accompagn\u00e9e d&rsquo;une baisse\nde l&rsquo;APL vers\u00e9e \u00e0 ces m\u00eames locataires. La RLS est effective depuis le 1<sup>er<\/sup>\nmars 2018, En parall\u00e8le pour faire des \u00e9conomies, l\u2019Etat organise une baisse\ndes versements des APL \u00e0 peu pr\u00e8s \u00e9quivalente \u00e0 la baisse des loyers. Donc la\nRLS n\u2019est pas une mesure sociale, puisque le locataire n\u2019y gagne rien. Cette\nmesure, qui permet de diminuer les d\u00e9penses d\u2019APL pour l\u2019\u00c9tat, se traduit par\nune perte de recette locative pour les bailleurs. Les r\u00e9ductions de d\u00e9penses d\u2019APL\nsont fix\u00e9es dans la loi, respectivement pour 2018, 2019 et 2020&nbsp;\u00e0 750 M\u20ac,\n800 M\u20ac et 1,5Md\u20ac.<\/p>\n\n\n\n<p>En plus\ndu RLS, la TVA a \u00e9t\u00e9 augment\u00e9e de 5,5% \u00e0 10% pour les constructions neuves\nachev\u00e9es \u00e0 compter du 1er janvier 2018 et pour la plupart des travaux r\u00e9alis\u00e9s\ndans les logements existants. Les acquisitions de terrains \u00e0 b\u00e2tir, les\nacquisitions de logements locatifs sociaux en VEFA ainsi que les livraisons \u00e0\nsoi-m\u00eame (LASM) sur les constructions neuves de logements locatifs sociaux sont\nd\u00e9sormais soumises au taux de 10% et non plus de 5,5% (except\u00e9 les PLAI). Il\nest aussi institu\u00e9 une taxe sur les plus-values r\u00e9alis\u00e9es \u00e0 l\u2019occasion des\ncessions de logements locatifs situ\u00e9s en France m\u00e9tropolitaine par les\norganismes Hlm et les SEM de logement sociaux.<\/p>\n\n\n\n<p>Le <em>\u00ab&nbsp;business model<\/em>&nbsp;\u00bb du lobby\nappel\u00e9 start-up gouvernement est celui de l\u2019op\u00e9ration Icade qui a conduit \u00e0\nd\u00e9conventionner des milliers de logements pour les mettre en vente et offrir\nune plus-value substantielle aux investisseurs priv\u00e9s. Avec \u00e0 la cl\u00e9 une hausse consid\u00e9rable des copropri\u00e9t\u00e9s\nd\u00e9grad\u00e9es<em>.<\/em><\/p>\n\n\n\n<p>Sur la\nM\u00e9tropole grenobloise, cette politique a eu pour cons\u00e9quence imm\u00e9diate d\u00e8s mars\n2018&nbsp;une perte de ressources significative pour les bailleurs sociaux &#8211;\nestim\u00e9e \u00e0 20 millions d\u2019euros par an environ sur le territoire m\u00e9tropolitain\ndont 5 pour l\u2019Office Public de l\u2019Habitat (OPH) m\u00e9tropolitain Actis et 3 pour la\nSoci\u00e9t\u00e9 Anonyme Immobili\u00e8re d\u2019Economie Mixte (SAIEM) Grenoble Habitat.<\/p>\n\n\n\n<p>Face \u00e0\nceux qui veulent \u00e9trangler le logement social et \u00e0 ceux qui se contentent de l\u2019incantation,\nseule une mobilisation des habitant\u00b7es et des \u00e9lu\u00b7es pour agir en construisant\nun organisme de logement social r\u00e9sistant et local s&rsquo;est organis\u00e9e. Devant la\nmobilisation du secteur HLM et des \u00e9lus locaux, l\u2019\u00e9conomie sur l\u2019APL sera\nramen\u00e9e \u00e0 1,3 milliards d\u2019euros en 2020 et quelques adoucissements \u00e0 la marge\nont \u00e9t\u00e9 octroy\u00e9s aux bailleurs.<\/p>\n\n\n\n<p>La chambre d\u2019enregistrement de l\u2019Assembl\u00e9e\nnationale a vot\u00e9 l\u2019obligation de regroupement des organismes Hlm qui poss\u00e8dent\nmoins de 12 000 logements.<\/p>\n\n\n\n<p>Les organismes HLM g\u00e9rant <strong>moins de 12.000 logements sont tenus de rejoindre un groupe d&rsquo;ici le 1er janvier 2021<\/strong> (article 81 de la loi ELAN). Un d\u00e9cret pr\u00e9cisera la d\u00e9finition de \u00ab\u00a0logements sociaux g\u00e9r\u00e9s\u00a0\u00bb. L&rsquo;article 83 de la loi ELAN pr\u00e9voit d\u00e9sormais <strong>la fusion-absorption<\/strong> entre une Sem agr\u00e9\u00e9e \u00e9tant \u00e9galement multi-activit\u00e9s et un organisme d&rsquo;HLM.<\/p>\n\n\n\n<p>Lorsque ACTIS aura vendu fin 2019, les 500\nlogements \u00e0 un autre bailleurs, ce nombre sera d\u00e9falqu\u00e9 de son patrimoine et\naugment\u00e9 pour celui de l\u2019acheteur et d\u00e8s la vente ACTIS se trouvera avec moins\nde 12&nbsp;000 logements. Ce n\u2019est que lorsqu\u2019il y a vente \u00e0 un locataire en\naccession sociale que le logement reste 5 ans dans le patrimoine du bailleur.<\/p>\n\n\n\n<p>Pour les\nd\u00e9g\u00e2ts r\u00e9els sur les finances d\u2019ACTIS, il faut arr\u00eater les contre-v\u00e9rit\u00e9s.\nVoici ce qu\u2019on trouve dans le rapport du Commissaire aux comptes d\u2019ACTIS pour\nl\u2019ann\u00e9e 2018.<\/p>\n\n\n\n<p>Pour\nmaintenir un autofinancement minimum \u00e0 1,2 M\u20ac (pour financer sans trop s\u2019endetter\nles investissements n\u00e9cessaires), ACTIS a d\u00fb diminuer fortement la maintenance\ndu parc&nbsp;: l\u2019entretien du patrimoine a baiss\u00e9 de 17 % par rapport \u00e0 2017.\nUne vente acc\u00e9l\u00e9r\u00e9e de 34 logements a rapport\u00e9 2,7 M\u20ac et un allongement de 10\nans d\u2019une partie de la dette qui a all\u00e9g\u00e9 l\u2019ann\u00e9e 2018 de 500 k\u20ac et en ann\u00e9e\npleine ce sera 840 k\u20ac d\u2019all\u00e8gement annuel, mais avec un stock de dette qui va\ndurer plus longtemps. Et pour \u00e9viter un \u00e9tranglement mortel, ACTIS vend en 2019\nun lot de 500 logements sociaux \u00e0 St Marcellin \u00e0 un autre bailleur social.<\/p>\n\n\n\n<p>ACTIS a\ndonc organis\u00e9 sa survie \u00e0 court terme en d\u00e9gradant fortement ses fondamentaux\n\u00e9conomique et si cela n\u2019est pas vite stopp\u00e9, cela va prendre une ampleur tr\u00e8s\ninqui\u00e9tante et comme les collectivit\u00e9s locales sont bloqu\u00e9es au niveau des\nd\u00e9penses de fonctionnement, il n\u2019y a rien de possible \u00e0 ce niveau localement.<\/p>\n\n\n\n<p>Par\ncontre ACTIS pourrait \u00eatre c\u00e9d\u00e9 \u00e0 l\u2019OPAC38, mais ce serait la perte d\u2019un\nbailleur sous contr\u00f4le direct de la M\u00e9tropole, ce qui a \u00e9t\u00e9 exclu.<\/p>\n\n\n\n<p>Donc il\nfaut trouver une solution p\u00e9renne qui permette de conserver cet outil indispensable\nau d\u00e9veloppement d\u2019une politique publique locale \u00e0 l\u2019\u00e9chelle de l\u2019agglom\u00e9ration\net sous le contr\u00f4le des \u00e9lus.<\/p>\n\n\n\n<p><strong>La politique port\u00e9e par la M\u00e9tro&nbsp;et la Ville concernant le logement\nsocial.<\/strong><\/p>\n\n\n\n<p>Le 6\njuillet 2018 le Conseil de la m\u00e9tropole a adopt\u00e9 \u00e0 une large majorit\u00e9 (98 pour,\nseules la droite et l\u2019extr\u00eame droite votaient contre) une d\u00e9lib\u00e9ration qui\nd\u00e9cidait de la politique \u00e0 suivre&nbsp;:<\/p>\n\n\n\n<p><em>\u00ab&nbsp;Dans un contexte de tr\u00e8s forte transformation du logement social,\net compte tenu des besoins toujours insatisfaits pour les habitants de notre\nterritoire, la Ville de Grenoble et la M\u00e9tropole souhaitent engager la fusion\nde ces deux acteurs afin de poursuivre plusieurs objectifs op\u00e9rationnels et de\npolitique publique : <\/em><\/p>\n\n\n\n<ul class=\"wp-block-list\"><li><em>faciliter l&rsquo;acc\u00e8s au logement pour les foyers \u00e0 revenus modestes par le d\u00e9veloppement d\u2019un parc social de qualit\u00e9 et en pr\u00e9servant la capacit\u00e9 du futur outil de construire du logement adapt\u00e9 ou sp\u00e9cifique ; <\/em><\/li><li><em>contribuer \u00e0 la transition \u00e9nerg\u00e9tique notamment par la r\u00e9habilitation des logements et la construction de b\u00e2timents \u00e9nerg\u00e9tiquement performants, dont la sobri\u00e9t\u00e9 en mati\u00e8re de consommation \u00e9nerg\u00e9tique est b\u00e9n\u00e9fique pour les locataires ; <\/em><\/li><li><em>pr\u00e9server une capacit\u00e9 op\u00e9rationnelle sous pilotage des \u00e9lus locaux. Il s&rsquo;agit de conserver un outil m\u00e9tropolitain de l\u2019habitat au sein duquel les collectivit\u00e9s disposent d\u2019une place pr\u00e9pond\u00e9rante dans la gouvernance ; <\/em><\/li><li><em>pr\u00e9server une capacit\u00e9 financi\u00e8re en mobilisant des ressources sur le secteur d\u2019activit\u00e9 marchand, pour l\u2019injecter sur le secteur d\u2019int\u00e9r\u00eat g\u00e9n\u00e9ral, afin de s\u2019adapter \u00e0 une mutation du mod\u00e8le de financement des bailleurs sociaux et ainsi p\u00e9renniser sur le long terme les capacit\u00e9s de production et de r\u00e9habilitation de logements sociaux sur la m\u00e9tropole. <\/em><\/li><li><em>rechercher une am\u00e9lioration constante de la gestion locative ;<\/em><\/li><li><em>contribuer \u00e0 garantir la qualit\u00e9 architecturale des immeubles de logement sur le territoire <\/em><\/li><li><em>renforcer l\u2019outil m\u00e9tropolitain en croisant les comp\u00e9tences compl\u00e9mentaires d&rsquo;ACTIS et GH (construction, gestion, r\u00e9habilitation) et en \u00e9largissant son champ d\u2019intervention (logement adapt\u00e9 ou sp\u00e9cifique, activit\u00e9s, \u00e9quipements publics, etc), de la conception \u00e0 la r\u00e9alisation. Par exemple, ACTIS dispose d&rsquo;une ma\u00eetrise d&rsquo;ouvrage d&rsquo;\u00e9quipement de type EHPAD. Cette activit\u00e9 doit \u00eatre maintenue dans le cadre de cette fusion.\u00bb<\/em><\/li><\/ul>\n\n\n\n<p>La M\u00e9tro\na examin\u00e9 toutes les solutions possibles et seule celle de la fusion dans une\nSEM permet de remplir toutes les conditions. Par exemple la SAC (Soci\u00e9t\u00e9\nanonyme de coordination) qui est une soci\u00e9t\u00e9 priv\u00e9e de coop\u00e9ration entre deux\nbailleurs qui conservent leurs activit\u00e9s, mais qui ne peut pas effectuer le\ntransfert des marges effectu\u00e9es sur le secteur concurrentiel du logement d\u2019un\nbailleur \u00e0 un autre, donc cela ne change pas fondamentalement la situation\nd\u2019ACTIS et organise une structure suppl\u00e9mentaire de gouvernance peu souple et\no\u00f9 les \u00e9lus locaux ne sont plus directement aux manettes.<\/p>\n\n\n\n<p>Le mod\u00e8le\n\u00e9conomique de la fusion a \u00e9t\u00e9 approfondi, il en ressort que la nouvelle SEM\npourrait construire \u00e0 peu pr\u00e8s 20 % des logements priv\u00e9s et 25 % des logement\nsociaux ce qui serait sup\u00e9rieur \u00e0 ce que font ACTIS et GH actuellement.<\/p>\n\n\n\n<p>Cet outil\npublic sera dirig\u00e9 par des repr\u00e9sentants des \u00e9lus de la M\u00e9tro et de la Ville et\nles lois pr\u00e9voient une repr\u00e9sentation correcte des repr\u00e9sentants des salari\u00e9s\net des locataires dans le conseil d\u2019administration avec voix d\u00e9lib\u00e9rative sur\ntout ce qui les concernent&nbsp;et tous\nles contrats de travail en cours au jour du transfert se poursuivent entre les\nsalari\u00e9s et le nouvel employeur. Il suffit de bien r\u00e9diger les statuts.<\/p>\n\n\n\n<p>En effet\nl\u2019article L 225-27 du code de commerce que les statuts peuvent pr\u00e9voir que les\npersonnels de la SEM puissent \u00e9lire des repr\u00e9sentants au Conseil\nd\u2019administration (jusqu\u2019\u00e0 4 repr\u00e9sentants). L\u2019article L 481-6 du code de la\nconstruction et de l\u2019habitation (CCH) impose la repr\u00e9sentation des locataires\ndans le Conseil d\u2019administration. <em>\u00ab&nbsp;Les\nrepr\u00e9sentants des locataires sont \u00e9lus sur des listes de candidats pr\u00e9sent\u00e9es\npar des associations \u0153uvrant dans le domaine du logement social&nbsp;\u00bb. <\/em>L\u2019article\nR 481-6 du CCH impose qu\u2019il doit y avoir au minimum 2 repr\u00e9sentants des\nlocataires. Les statuts peuvent donc en pr\u00e9voir plus.<\/p>\n\n\n\n<p><strong>Avec la SEM pr\u00e9vue, il n\u2019y aura pas de privatisation du logement social<\/strong><\/p>\n\n\n\n<p>Le logement social est un service public d\u2019Etat.\nMais il est possible d\u2019en cr\u00e9er un au niveau local \u00e0 partir du moment o\u00f9 un ou\nplusieurs op\u00e9rateurs HLM sont contr\u00f4l\u00e9s directement par les collectivit\u00e9s.\nContrairement \u00e0 d\u2019autres services publics locaux, dans le logement social il\nn\u2019y a pas de d\u00e9l\u00e9gation de service public, il s\u2019agit d\u2019une gestion directe par\nla collectivit\u00e9 quand celle-ci contr\u00f4le le bailleur social.<\/p>\n\n\n\n<p>Il y aurait privatisation si l\u2019op\u00e9rateur n\u2019\u00e9tait\nplus contr\u00f4l\u00e9 par les \u00e9lus locaux, c\u2019est ce qui se passe avec les bailleurs\ncontr\u00f4l\u00e9s par les capitaux priv\u00e9s d\u00e9pendant, par exemple, d\u2019Action logement (ex\n1% patronal).<\/p>\n\n\n\n<p>ACTIS ou GH, sont des op\u00e9rateurs pilot\u00e9s et\ncontr\u00f4l\u00e9s par les collectivit\u00e9s locales. Si ACTIS \u00e9tait absorb\u00e9 par l\u2019OPAC38\npour rester OPH (office public de l\u2019habitat), ce ne serait plus un op\u00e9rateur\nm\u00e9tropolitain mais d\u00e9partemental, ce qui d\u00e9truirait le service public local.<\/p>\n\n\n\n<p>Afin que les pouvoirs publics locaux aient la pleine maitrise de leur outil public,\nil est n\u00e9cessaire qu\u2019il n\u2019y ait pas, dans la SEM, d\u2019actionnaire priv\u00e9 qui\ndisposerait de plus de 33 % du capital de la SEM, et qui ne soit pas un\nop\u00e9rateur de construction du logement pour qu\u2019il n\u2019y ait pas d\u2019int\u00e9r\u00eats\ncontradictoires avec ceux de la majorit\u00e9 publique. Donc il faut maintenir le\ntype d\u2019actionnariat \u00ab&nbsp;priv\u00e9&nbsp;\u00bb existant \u00e0 GH, notamment avec la CDC\nqui est un \u00e9tablissement public.<\/p>\n\n\n\n<p>Cette limite de 33% est fondamentale car un\nactionnaire qui d\u00e9passe ce niveau aurait alors une minorit\u00e9 de blocage (comme\ndans GEG et CCIAG, \u00e0 cause de l\u2019ancien maire corrompu) et aurait un droit de\nv\u00e9to sur les changements de statuts et d\u2019\u00e9volution de l\u2019actionnariat.<\/p>\n\n\n\n<p>Il n\u2019y a aucun risque avec la fusion puisque\nl\u2019apport des logements d\u2019ACTIS augmente consid\u00e9rablement l\u2019actionnariat public par\nrapport \u00e0 la situation actuelle dans GH.<\/p>\n\n\n\n<p>Est-ce que la ville de Grenoble trouve un int\u00e9r\u00eat\nfinancier \u00e0 cette fusion&nbsp;? Non car pour elle il serait plus int\u00e9ressant de\nvendre ses actions dans GH \u00e0 un op\u00e9rateur priv\u00e9 (la valorisation serait\nsup\u00e9rieure), cela lui rapporterait beaucoup plus financi\u00e8rement que de vendre\ndes actions de la nouvelle SEM. La fusion est une op\u00e9ration de sauvetage d\u2019un\nservice public local du logement social et non une op\u00e9ration sp\u00e9culative de la\nville. La Ville offre \u00e0 la M\u00e9tropole un outil performant pour d\u00e9velopper une politique\npublique dynamique \u00e0 l\u2019avenir.\n\nEt il y a urgence \u00e0 agir car laisser se d\u00e9t\u00e9riorer les finances d\u2019ACTIS\net d\u00e9t\u00e9riorer son action de proximit\u00e9 coutera de plus en plus cher. Le\nsauvetage doit se faire le plus rapidement possible sur le plan \u00e9conomique. Mais\ncomme il faut prendre du temps avec les salari\u00e9s et les locataires pour voir\nqu\u2019elles seront les \u00e9volutions \u00e0 faire pour harmoniser les statuts et les\npolitiques sur le terrain, il faudra conserver pendant le temps n\u00e9cessaire les\ndeux types d\u2019organisations actuelles \u00e0 l\u2019int\u00e9rieur de la SEM.\n\n\n\n<\/p>\n","protected":false},"excerpt":{"rendered":"<p>Comme beaucoup d\u2019approximations, d\u2019inexactitudes, et de mensonges sont colport\u00e9s \u00e0 ce sujet, \u00ab&nbsp;le Rouge et le Vert&nbsp;\u00bb apporte des informations v\u00e9rifi\u00e9es sur ce qui se passe suite aux d\u00e9cisions gouvernementales et parlementaires qui atteignent de plein fouet les bailleurs sociaux qui ont beaucoup de locataires touchant l\u2019APL, comme ACTIS et Grenoble Habitat qui sont les [&hellip;]<\/p>\n","protected":false},"author":1,"featured_media":0,"comment_status":"closed","ping_status":"open","sticky":false,"template":"","format":"standard","meta":{"twitterCardType":"","cardImageID":0,"cardImage":"","cardTitle":"","cardDesc":"","cardImageAlt":"","cardPlayer":"","cardPlayerWidth":0,"cardPlayerHeight":0,"cardPlayerStream":"","cardPlayerCodec":"","footnotes":""},"categories":[62,11],"tags":[66,280,33],"class_list":["post-15847","post","type-post","status-publish","format-standard","hentry","category-le-rouge-le-vert-hebdo","category-politique-locale","tag-logement","tag-metropole","tag-social"],"_links":{"self":[{"href":"https:\/\/www.ades-grenoble.org\/wordpress\/wp-json\/wp\/v2\/posts\/15847","targetHints":{"allow":["GET"]}}],"collection":[{"href":"https:\/\/www.ades-grenoble.org\/wordpress\/wp-json\/wp\/v2\/posts"}],"about":[{"href":"https:\/\/www.ades-grenoble.org\/wordpress\/wp-json\/wp\/v2\/types\/post"}],"author":[{"embeddable":true,"href":"https:\/\/www.ades-grenoble.org\/wordpress\/wp-json\/wp\/v2\/users\/1"}],"replies":[{"embeddable":true,"href":"https:\/\/www.ades-grenoble.org\/wordpress\/wp-json\/wp\/v2\/comments?post=15847"}],"version-history":[{"count":3,"href":"https:\/\/www.ades-grenoble.org\/wordpress\/wp-json\/wp\/v2\/posts\/15847\/revisions"}],"predecessor-version":[{"id":15859,"href":"https:\/\/www.ades-grenoble.org\/wordpress\/wp-json\/wp\/v2\/posts\/15847\/revisions\/15859"}],"wp:attachment":[{"href":"https:\/\/www.ades-grenoble.org\/wordpress\/wp-json\/wp\/v2\/media?parent=15847"}],"wp:term":[{"taxonomy":"category","embeddable":true,"href":"https:\/\/www.ades-grenoble.org\/wordpress\/wp-json\/wp\/v2\/categories?post=15847"},{"taxonomy":"post_tag","embeddable":true,"href":"https:\/\/www.ades-grenoble.org\/wordpress\/wp-json\/wp\/v2\/tags?post=15847"}],"curies":[{"name":"wp","href":"https:\/\/api.w.org\/{rel}","templated":true}]}}