{"id":15863,"date":"2019-05-24T14:03:44","date_gmt":"2019-05-24T12:03:44","guid":{"rendered":"http:\/\/www.ades-grenoble.org\/wordpress\/?p=15863"},"modified":"2019-05-24T14:49:46","modified_gmt":"2019-05-24T12:49:46","slug":"handicap-la-politique-gouvernementale-contestee-par-les-interesses","status":"publish","type":"post","link":"https:\/\/www.ades-grenoble.org\/wordpress\/2019\/05\/24\/handicap-la-politique-gouvernementale-contestee-par-les-interesses\/","title":{"rendered":"Handicap : la politique gouvernementale contest\u00e9e par les int\u00e9ress\u00e9s"},"content":{"rendered":"\n<div class=\"wp-block-image\"><figure class=\"alignleft\"><img loading=\"lazy\" decoding=\"async\" width=\"351\" height=\"221\" src=\"http:\/\/www.ades-grenoble.org\/wordpress\/wp-content\/uploads\/2019\/05\/apf_france_handicap.jpg\" alt=\"\" class=\"wp-image-15864\" srcset=\"https:\/\/www.ades-grenoble.org\/wordpress\/wp-content\/uploads\/2019\/05\/apf_france_handicap.jpg 351w, https:\/\/www.ades-grenoble.org\/wordpress\/wp-content\/uploads\/2019\/05\/apf_france_handicap-150x94.jpg 150w, https:\/\/www.ades-grenoble.org\/wordpress\/wp-content\/uploads\/2019\/05\/apf_france_handicap-300x189.jpg 300w\" sizes=\"auto, (max-width: 351px) 100vw, 351px\" \/><\/figure><\/div>\n\n\n\n<p>Le 14\nmai, l\u2019Association des paralys\u00e9s de France (APF) France Handicap a organis\u00e9 un\nrassemblement pour r\u00e9clamer au\ngouvernement plus d\u2019actions en faveur des personnes atteintes de handicap,\nestimant qu&rsquo;il y a un d\u00e9calage immense\nentre les mesures du gouvernement et les attentes des personnes en situation de\nhandicap.<\/p>\n\n\n\n<p>L\u2019APF France Handicap avait fait r\u00e9aliser par l\u2019Ifop son deuxi\u00e8me <em>\u00ab <a rel=\"noreferrer noopener\" aria-label=\"barom\u00e8tre de la confiance (opens in a new tab)\" href=\"https:\/\/www.apf-francehandicap.org\/actualite\/resultats-2019-du-barometre-de-la-confiance-22076\" target=\"_blank\">barom\u00e8tre de la confiance<\/a> \u00bb.<\/em><\/p>\n\n\n\n<p><strong>Il ressort de ce sondage que 9\npersonnes en situation de handicap sur 10 sont m\u00e9contentes de l&rsquo;action\nd&rsquo;Emmanuel Macron<\/strong>&nbsp;; 74 % des personnes interrog\u00e9es se d\u00e9clarent r\u00e9volt\u00e9es face \u00e0 la situation \u00e9conomique et sociale actuelle en\nFrance (+ 5 points par rapport \u00e0 2018)&nbsp;et<strong> <\/strong>92 % des r\u00e9pondants affirment ne pas avoir confiance\nen Emmanuel Macron et son gouvernement pour lutter contre la pauvret\u00e9\ndes personnes en situation de handicap&nbsp;!<\/p>\n\n\n<p><!--more--><\/p>\n\n\n<p>En cause : des engagements non tenus et un manque criant de prise en compte des besoins des personnes concern\u00e9es. La revendication phare de l\u2019association est l\u2019accessibilit\u00e9 \u00e0 tous les espaces de vie, elle demande aussi d\u2019inscrire la notion de handicap dans la Constitution. Elle se plaint aussi de la trop lente mise aux normes des \u00e9tablissements recevant du public (ERP), m\u00eame si des sanctions administratives commencent \u00e0 \u00eatre appliqu\u00e9es.<\/p>\n\n\n\n<p>Plus d&rsquo;informations <a href=\"https:\/\/www.apf-francehandicap.org\/actualite\/resultats-2019-du-barometre-de-la-confiance-22076\" target=\"_blank\" rel=\"noreferrer noopener\" aria-label=\"ici (opens in a new tab)\">ici<\/a>.<\/p>\n","protected":false},"excerpt":{"rendered":"<p>Le 14 mai, l\u2019Association des paralys\u00e9s de France (APF) France Handicap a organis\u00e9 un rassemblement pour r\u00e9clamer au gouvernement plus d\u2019actions en faveur des personnes atteintes de handicap, estimant qu&rsquo;il y a un d\u00e9calage immense entre les mesures du gouvernement et les attentes des personnes en situation de handicap. L\u2019APF France Handicap avait fait r\u00e9aliser [&hellip;]<\/p>\n","protected":false},"author":1,"featured_media":0,"comment_status":"closed","ping_status":"open","sticky":false,"template":"","format":"standard","meta":{"twitterCardType":"","cardImageID":0,"cardImage":"","cardTitle":"","cardDesc":"","cardImageAlt":"","cardPlayer":"","cardPlayerWidth":0,"cardPlayerHeight":0,"cardPlayerStream":"","cardPlayerCodec":"","footnotes":""},"categories":[62,11],"tags":[196,225],"class_list":["post-15863","post","type-post","status-publish","format-standard","hentry","category-le-rouge-le-vert-hebdo","category-politique-locale","tag-etat","tag-handicap"],"_links":{"self":[{"href":"https:\/\/www.ades-grenoble.org\/wordpress\/wp-json\/wp\/v2\/posts\/15863","targetHints":{"allow":["GET"]}}],"collection":[{"href":"https:\/\/www.ades-grenoble.org\/wordpress\/wp-json\/wp\/v2\/posts"}],"about":[{"href":"https:\/\/www.ades-grenoble.org\/wordpress\/wp-json\/wp\/v2\/types\/post"}],"author":[{"embeddable":true,"href":"https:\/\/www.ades-grenoble.org\/wordpress\/wp-json\/wp\/v2\/users\/1"}],"replies":[{"embeddable":true,"href":"https:\/\/www.ades-grenoble.org\/wordpress\/wp-json\/wp\/v2\/comments?post=15863"}],"version-history":[{"count":1,"href":"https:\/\/www.ades-grenoble.org\/wordpress\/wp-json\/wp\/v2\/posts\/15863\/revisions"}],"predecessor-version":[{"id":15865,"href":"https:\/\/www.ades-grenoble.org\/wordpress\/wp-json\/wp\/v2\/posts\/15863\/revisions\/15865"}],"wp:attachment":[{"href":"https:\/\/www.ades-grenoble.org\/wordpress\/wp-json\/wp\/v2\/media?parent=15863"}],"wp:term":[{"taxonomy":"category","embeddable":true,"href":"https:\/\/www.ades-grenoble.org\/wordpress\/wp-json\/wp\/v2\/categories?post=15863"},{"taxonomy":"post_tag","embeddable":true,"href":"https:\/\/www.ades-grenoble.org\/wordpress\/wp-json\/wp\/v2\/tags?post=15863"}],"curies":[{"name":"wp","href":"https:\/\/api.w.org\/{rel}","templated":true}]}}