{"id":15930,"date":"2019-06-07T16:34:57","date_gmt":"2019-06-07T14:34:57","guid":{"rendered":"http:\/\/www.ades-grenoble.org\/wordpress\/?p=15930"},"modified":"2019-06-07T16:48:36","modified_gmt":"2019-06-07T14:48:36","slug":"grenoble-et-la-metropole-agissent-pour-le-climat","status":"publish","type":"post","link":"https:\/\/www.ades-grenoble.org\/wordpress\/2019\/06\/07\/grenoble-et-la-metropole-agissent-pour-le-climat\/","title":{"rendered":"Grenoble et la M\u00e9tropole agissent pour le climat"},"content":{"rendered":"\n<div class=\"wp-block-image\"><figure class=\"alignleft\"><img loading=\"lazy\" decoding=\"async\" width=\"400\" height=\"195\" src=\"http:\/\/www.ades-grenoble.org\/wordpress\/wp-content\/uploads\/2019\/06\/RCGE-Climat.jpg\" alt=\"\" class=\"wp-image-15931\" srcset=\"https:\/\/www.ades-grenoble.org\/wordpress\/wp-content\/uploads\/2019\/06\/RCGE-Climat.jpg 400w, https:\/\/www.ades-grenoble.org\/wordpress\/wp-content\/uploads\/2019\/06\/RCGE-Climat-150x73.jpg 150w, https:\/\/www.ades-grenoble.org\/wordpress\/wp-content\/uploads\/2019\/06\/RCGE-Climat-300x146.jpg 300w\" sizes=\"auto, (max-width: 400px) 100vw, 400px\" \/><\/figure><\/div>\n\n\n\n<p>Nos \u00e9lus agissent \u00e0 la M\u00e9tro, au SMTC et \u00e0 la Ville pour limiter les impacts du changement climatique en diminuant les \u00e9missions de gaz \u00e0 effet de serre autant que possible et pr\u00e9parent l\u2019agglom\u00e9ration \u00e0 r\u00e9sister aux effets qui vont se faire sentir. Les groupes des \u00e9lus du Rassemblement citoyen de la gauche et des \u00e9cologistes et de la m\u00e9tropole en transition ont r\u00e9alis\u00e9 une plaquette de 16 pages pour r\u00e9sumer les actions publiques effectu\u00e9es sous leurs impulsions et qu\u2019il va falloir poursuivre et amplifier.<\/p>\n\n\n\n<p><em>\u00ab&nbsp;Le d\u00e9r\u00e8glement climatique est d\u2019ores et d\u00e9j\u00e0 une r\u00e9alit\u00e9.\nAlors qu\u2019en Europe les \u00c9tats patinent, ralentis par les lobbies,\nles&nbsp;villes et les villages peuvent faire vivre la transition \u00e9cologique\net&nbsp;solidaire. Les territoires sont des acteurs essentiels pour r\u00e9ussir les&nbsp;transitions,\nau plus pr\u00e8s des besoins des habitant\u00b7es.&nbsp;Grenoble et sa M\u00e9tropole\nagissent. Elles agissent pour limiter ce d\u00e9r\u00e8glement et agissent pour s\u2019adapter\n\u00e0 ses effets !<\/em><\/p>\n\n\n<p><!--more--><\/p>\n\n\n<p><em>Dans <a href=\"http:\/\/unevillepourtous.fr\/wp-content\/blogs.dir\/839\/files\/2019\/05\/5-Grenoble-Metropole-Climat-red.pdf\" target=\"_blank\" rel=\"noreferrer noopener\" aria-label=\"ce 16 pages (s\u2019ouvre dans un nouvel onglet)\">ce 16 pages<\/a>, retrouvez les politiques mises en \u0153uvre depuis 2014 par nos \u00e9lu\u00b7es \u00e0 la Ville et \u00e0 la M\u00e9tropole. Des politiques ambitieuses autour des d\u00e9fis climatiques et des enjeux de justice sociale et de d\u00e9mocratie qui doivent y \u00eatre associ\u00e9s. Une action publique pragmatique qui marche, pour le climat aux c\u00f4t\u00e9s de la soci\u00e9t\u00e9 civile, du monde associatif, du syst\u00e8me universitaire, du milieu \u00e9conomique\u2026 \u00bb<\/em><\/p>\n","protected":false},"excerpt":{"rendered":"<p>Nos \u00e9lus agissent \u00e0 la M\u00e9tro, au SMTC et \u00e0 la Ville pour limiter les impacts du changement climatique en diminuant les \u00e9missions de gaz \u00e0 effet de serre autant que possible et pr\u00e9parent l\u2019agglom\u00e9ration \u00e0 r\u00e9sister aux effets qui vont se faire sentir. Les groupes des \u00e9lus du Rassemblement citoyen de la gauche et [&hellip;]<\/p>\n","protected":false},"author":1,"featured_media":0,"comment_status":"closed","ping_status":"open","sticky":false,"template":"","format":"standard","meta":{"twitterCardType":"","cardImageID":0,"cardImage":"","cardTitle":"","cardDesc":"","cardImageAlt":"","cardPlayer":"","cardPlayerWidth":0,"cardPlayerHeight":0,"cardPlayerStream":"","cardPlayerCodec":"","footnotes":""},"categories":[62,11],"tags":[223,128],"class_list":["post-15930","post","type-post","status-publish","format-standard","hentry","category-le-rouge-le-vert-hebdo","category-politique-locale","tag-climat","tag-rassemblement-2014"],"_links":{"self":[{"href":"https:\/\/www.ades-grenoble.org\/wordpress\/wp-json\/wp\/v2\/posts\/15930","targetHints":{"allow":["GET"]}}],"collection":[{"href":"https:\/\/www.ades-grenoble.org\/wordpress\/wp-json\/wp\/v2\/posts"}],"about":[{"href":"https:\/\/www.ades-grenoble.org\/wordpress\/wp-json\/wp\/v2\/types\/post"}],"author":[{"embeddable":true,"href":"https:\/\/www.ades-grenoble.org\/wordpress\/wp-json\/wp\/v2\/users\/1"}],"replies":[{"embeddable":true,"href":"https:\/\/www.ades-grenoble.org\/wordpress\/wp-json\/wp\/v2\/comments?post=15930"}],"version-history":[{"count":1,"href":"https:\/\/www.ades-grenoble.org\/wordpress\/wp-json\/wp\/v2\/posts\/15930\/revisions"}],"predecessor-version":[{"id":15932,"href":"https:\/\/www.ades-grenoble.org\/wordpress\/wp-json\/wp\/v2\/posts\/15930\/revisions\/15932"}],"wp:attachment":[{"href":"https:\/\/www.ades-grenoble.org\/wordpress\/wp-json\/wp\/v2\/media?parent=15930"}],"wp:term":[{"taxonomy":"category","embeddable":true,"href":"https:\/\/www.ades-grenoble.org\/wordpress\/wp-json\/wp\/v2\/categories?post=15930"},{"taxonomy":"post_tag","embeddable":true,"href":"https:\/\/www.ades-grenoble.org\/wordpress\/wp-json\/wp\/v2\/tags?post=15930"}],"curies":[{"name":"wp","href":"https:\/\/api.w.org\/{rel}","templated":true}]}}