{"id":15936,"date":"2019-06-07T16:42:31","date_gmt":"2019-06-07T14:42:31","guid":{"rendered":"http:\/\/www.ades-grenoble.org\/wordpress\/?p=15936"},"modified":"2019-06-07T16:48:43","modified_gmt":"2019-06-07T14:48:43","slug":"politique-politicienne-162","status":"publish","type":"post","link":"https:\/\/www.ades-grenoble.org\/wordpress\/2019\/06\/07\/politique-politicienne-162\/","title":{"rendered":"Politique politicienne"},"content":{"rendered":"\n<div class=\"wp-block-image\"><figure class=\"alignleft\"><img loading=\"lazy\" decoding=\"async\" width=\"200\" height=\"234\" src=\"http:\/\/www.ades-grenoble.org\/wordpress\/wp-content\/uploads\/2015\/01\/fou1.png\" alt=\"\" class=\"wp-image-9634\" srcset=\"https:\/\/www.ades-grenoble.org\/wordpress\/wp-content\/uploads\/2015\/01\/fou1.png 200w, https:\/\/www.ades-grenoble.org\/wordpress\/wp-content\/uploads\/2015\/01\/fou1-128x150.png 128w\" sizes=\"auto, (max-width: 200px) 100vw, 200px\" \/><\/figure><\/div>\n\n\n\n<p>\n\n\n\n\n\n\n\n\n\n\n\n\n\n\n\n\n\nL\u2019augmentation des tarifs\nde l\u2019\u00e9lectricit\u00e9 au 1<sup>er<\/sup> juin 2019 a surpris le gouvernement et les\n\u00e9lus \u00ab&nbsp;En marche&nbsp;\u00bb \u00e0 l\u2019Assembl\u00e9e nationale&nbsp;!!! Faudrait-il\nrappeler qu\u2019il s\u2019agit d\u2019un service public national et que c\u2019est aux\nparlementaires et au gouvernement de fixer les tarifs r\u00e8glement\u00e9s.&nbsp; Depuis deux ans qu\u2019ils sont aux affaires, ils\nd\u00e9couvrent enfin que les tarifs r\u00e8glement\u00e9s sont propos\u00e9s par la Commission de\nR\u00e9gulation de l\u2019Energie (CRE) qui est une autorit\u00e9 administrative ind\u00e9pendante\n\u00e0 qui les pouvoirs publics ont confi\u00e9 ce travail et la fixation du tarif des\nr\u00e9seaux. Le mode de calcul est tr\u00e8s complexe, mais le gouvernement peut tout \u00e0\nfait ne pas suivre la proposition de la CRE. Aussi l\u2019attitude du gouvernement\nest tr\u00e8s politicienne en faisant croire qu\u2019il ne peut pas bloquer cette\naugmentation et qu\u2019il lui faut du temps pour changer le mode de calcul. En fait\nil vient au secours d\u2019EDF qui est mal en point suite \u00e0 ses d\u00e9cisions sur le\nnucl\u00e9aire notamment les constructions des diff\u00e9rents EPR en France et en\nAngleterre \u00e0 Hinkley Point qui sont en train de la ruiner.\n\n\n\n<\/p>\n","protected":false},"excerpt":{"rendered":"<p>L\u2019augmentation des tarifs de l\u2019\u00e9lectricit\u00e9 au 1er juin 2019 a surpris le gouvernement et les \u00e9lus \u00ab&nbsp;En marche&nbsp;\u00bb \u00e0 l\u2019Assembl\u00e9e nationale&nbsp;!!! Faudrait-il rappeler qu\u2019il s\u2019agit d\u2019un service public national et que c\u2019est aux parlementaires et au gouvernement de fixer les tarifs r\u00e8glement\u00e9s.&nbsp; Depuis deux ans qu\u2019ils sont aux affaires, ils d\u00e9couvrent enfin que les tarifs [&hellip;]<\/p>\n","protected":false},"author":1,"featured_media":0,"comment_status":"closed","ping_status":"open","sticky":false,"template":"","format":"standard","meta":{"twitterCardType":"","cardImageID":0,"cardImage":"","cardTitle":"","cardDesc":"","cardImageAlt":"","cardPlayer":"","cardPlayerWidth":0,"cardPlayerHeight":0,"cardPlayerStream":"","cardPlayerCodec":"","footnotes":""},"categories":[62,11],"tags":[54],"class_list":["post-15936","post","type-post","status-publish","format-standard","hentry","category-le-rouge-le-vert-hebdo","category-politique-locale","tag-politique-droite-gauche"],"_links":{"self":[{"href":"https:\/\/www.ades-grenoble.org\/wordpress\/wp-json\/wp\/v2\/posts\/15936","targetHints":{"allow":["GET"]}}],"collection":[{"href":"https:\/\/www.ades-grenoble.org\/wordpress\/wp-json\/wp\/v2\/posts"}],"about":[{"href":"https:\/\/www.ades-grenoble.org\/wordpress\/wp-json\/wp\/v2\/types\/post"}],"author":[{"embeddable":true,"href":"https:\/\/www.ades-grenoble.org\/wordpress\/wp-json\/wp\/v2\/users\/1"}],"replies":[{"embeddable":true,"href":"https:\/\/www.ades-grenoble.org\/wordpress\/wp-json\/wp\/v2\/comments?post=15936"}],"version-history":[{"count":1,"href":"https:\/\/www.ades-grenoble.org\/wordpress\/wp-json\/wp\/v2\/posts\/15936\/revisions"}],"predecessor-version":[{"id":15937,"href":"https:\/\/www.ades-grenoble.org\/wordpress\/wp-json\/wp\/v2\/posts\/15936\/revisions\/15937"}],"wp:attachment":[{"href":"https:\/\/www.ades-grenoble.org\/wordpress\/wp-json\/wp\/v2\/media?parent=15936"}],"wp:term":[{"taxonomy":"category","embeddable":true,"href":"https:\/\/www.ades-grenoble.org\/wordpress\/wp-json\/wp\/v2\/categories?post=15936"},{"taxonomy":"post_tag","embeddable":true,"href":"https:\/\/www.ades-grenoble.org\/wordpress\/wp-json\/wp\/v2\/tags?post=15936"}],"curies":[{"name":"wp","href":"https:\/\/api.w.org\/{rel}","templated":true}]}}