{"id":15952,"date":"2019-06-14T16:30:52","date_gmt":"2019-06-14T14:30:52","guid":{"rendered":"http:\/\/www.ades-grenoble.org\/wordpress\/?p=15952"},"modified":"2019-06-14T17:01:13","modified_gmt":"2019-06-14T15:01:13","slug":"pas-de-suspension-de-lautorisation-environnementale-pour-la480","status":"publish","type":"post","link":"https:\/\/www.ades-grenoble.org\/wordpress\/2019\/06\/14\/pas-de-suspension-de-lautorisation-environnementale-pour-la480\/","title":{"rendered":"Pas de suspension de l\u2019autorisation environnementale pour l\u2019A480"},"content":{"rendered":"\n<div class=\"wp-block-image\"><figure class=\"alignleft\"><img loading=\"lazy\" decoding=\"async\" width=\"300\" height=\"200\" src=\"http:\/\/www.ades-grenoble.org\/wordpress\/wp-content\/uploads\/2014\/10\/TribunalAdministratif2.jpg\" alt=\"\" class=\"wp-image-9206\" srcset=\"https:\/\/www.ades-grenoble.org\/wordpress\/wp-content\/uploads\/2014\/10\/TribunalAdministratif2.jpg 300w, https:\/\/www.ades-grenoble.org\/wordpress\/wp-content\/uploads\/2014\/10\/TribunalAdministratif2-150x100.jpg 150w\" sizes=\"auto, (max-width: 300px) 100vw, 300px\" \/><\/figure><\/div>\n\n\n\n<p>Le mercredi 5\njuin avait lieu au tribunal administratif, l\u2019audience sur le r\u00e9f\u00e9r\u00e9 suspension,\nd\u00e9pos\u00e9 par la FRAPNA contre l\u2019arr\u00eat\u00e9 du pr\u00e9fet de l\u2019Is\u00e8re du 14 janvier 2019, d\u00e9livrant\nl\u2019autorisation environnementale pour les travaux d\u2019\u00e9largissement de l\u2019A480 et de\nl\u2019\u00e9changeur du Rondeau. Cet arr\u00eat\u00e9 faisait suite \u00e0 l\u2019avis favorable de la commission\nd\u2019enqu\u00eate qui avait prof\u00e9r\u00e9 des propos climatosceptiques ce qui avaient fait\nr\u00e9agir de nombreux universitaire et la ville de Grenoble. Le dossier d\u2019autorisation\nenvironnementale \u00e9tait tr\u00e8s complexe et la FRAPNA a utilis\u00e9 les 4 mois de\nd\u00e9lais autoris\u00e9s pour d\u00e9poser un recours en exc\u00e8s de pouvoir (recours au fond)\ncontre cet arr\u00eat\u00e9 et un r\u00e9f\u00e9r\u00e9 suspension. Mais les travaux de d\u00e9boisement\navaient d\u00e9but\u00e9 imm\u00e9diatement apr\u00e8s la signature de l\u2019arr\u00eat\u00e9 et 4 mois apr\u00e8s ils\n\u00e9taient quasiment termin\u00e9s.<\/p>\n\n\n\n<p>La jurisprudence\nconsid\u00e8re qu\u2019il n\u2019y a plus urgence \u00e0 partir du moment o\u00f9 les travaux sont\ntermin\u00e9s ou quasiment termin\u00e9s, c\u2019est ce qu\u2019a rappel\u00e9 le juge des r\u00e9f\u00e9r\u00e9s dans\nson ordonnance du 7 juin 2019&nbsp;:<\/p>\n\n\n<p><!--more--><\/p>\n\n\n<p><em>\u00ab&nbsp;Pour\njustifier de l\u2019urgence, la FRAPNA de l\u2019Is\u00e8re fait valoir que le projet aura\npour effet de d\u00e9truire des populations d\u2019esp\u00e8ces prot\u00e9g\u00e9es, dont certaines sont\nmenac\u00e9es, qu\u2019il n\u00e9cessite des d\u00e9frichements sur une superficie de plus de douze\nhectares et qu\u2019il d\u00e9truira la seule trame verte traversant l\u2019agglom\u00e9ration\ngrenobloise, celle des boisements situ\u00e9s sur les rives de l\u2019Is\u00e8re et du Drac. <br>\nOr, les travaux de d\u00e9boisement \u00e0 l\u2019origine des nuisances qu\u2019elle invoque ont\nd\u00e9but\u00e9 au mois de f\u00e9vrier et, s\u2019ils ne sont pas achev\u00e9s, sont aujourd\u2019hui r\u00e9alis\u00e9s\npour l\u2019essentiel. <br>\nD\u00e8s lors, l\u2019autorisation en litige est \u00e0 un stade d\u2019ex\u00e9cution trop avanc\u00e9 en ce\nqui concerne ces travaux pour que la condition d\u2019urgence soit reconnue comme remplie.\n<br>\nPar ailleurs, en admettant m\u00eame que la FRAPNA de l\u2019Is\u00e8re, &nbsp;qui est membre du conseil d\u00e9partemental de l\u2019environnement\net des risques sanitaires, &nbsp;n\u2019aurait pas\n\u00e9t\u00e9 en mesure d\u2019appr\u00e9hender pr\u00e9alablement l\u2019importance de ces travaux lors de\nla r\u00e9union de cette instance le 17 d\u00e9cembre 2018 en raison des lacunes du\ndossier, &nbsp;cette circonstance serait sans\nincidence sur l\u2019appr\u00e9ciation de l\u2019urgence qui, comme il a \u00e9t\u00e9 dit, doit\ns\u2019appr\u00e9cier objectivement et \u00e0 la date \u00e0 laquelle le juge des r\u00e9f\u00e9r\u00e9s se prononce.<\/em><\/p>\n\n\n\n<p><em>Il r\u00e9sulte de ce qui pr\u00e9c\u00e8de que la demande de suspension d\u2019ex\u00e9cution pr\u00e9sent\u00e9e par la FRAPNA de l\u2019Is\u00e8re doit \u00eatre rejet\u00e9e \u00e0 d\u00e9faut d\u2019urgence. \u00bb<\/em><\/p>\n\n\n\n<p>Par contre les\ndemandes d\u2019indemnit\u00e9s financi\u00e8res \u00e0 la FRAPNA par AREA et par l\u2019Etat sont\nrejet\u00e9es. On saura lors du jugement sur le recours au fond si l\u2019arr\u00eat\u00e9 du\npr\u00e9fet est l\u00e9gal ou non.<\/p>\n\n\n\n<p>Les travaux se\npoursuivent, peut-\u00eatre y aura-t-il un nouveau r\u00e9f\u00e9r\u00e9 contre la DUP&nbsp;?<\/p>\n","protected":false},"excerpt":{"rendered":"<p>Le mercredi 5 juin avait lieu au tribunal administratif, l\u2019audience sur le r\u00e9f\u00e9r\u00e9 suspension, d\u00e9pos\u00e9 par la FRAPNA contre l\u2019arr\u00eat\u00e9 du pr\u00e9fet de l\u2019Is\u00e8re du 14 janvier 2019, d\u00e9livrant l\u2019autorisation environnementale pour les travaux d\u2019\u00e9largissement de l\u2019A480 et de l\u2019\u00e9changeur du Rondeau. Cet arr\u00eat\u00e9 faisait suite \u00e0 l\u2019avis favorable de la commission d\u2019enqu\u00eate qui avait [&hellip;]<\/p>\n","protected":false},"author":1,"featured_media":0,"comment_status":"closed","ping_status":"open","sticky":false,"template":"","format":"standard","meta":{"twitterCardType":"","cardImageID":0,"cardImage":"","cardTitle":"","cardDesc":"","cardImageAlt":"","cardPlayer":"","cardPlayerWidth":0,"cardPlayerHeight":0,"cardPlayerStream":"","cardPlayerCodec":"","footnotes":""},"categories":[62,11],"tags":[103,5,175,52],"class_list":["post-15952","post","type-post","status-publish","format-standard","hentry","category-le-rouge-le-vert-hebdo","category-politique-locale","tag-a480","tag-deplacements","tag-environnement","tag-justice-administrative"],"_links":{"self":[{"href":"https:\/\/www.ades-grenoble.org\/wordpress\/wp-json\/wp\/v2\/posts\/15952","targetHints":{"allow":["GET"]}}],"collection":[{"href":"https:\/\/www.ades-grenoble.org\/wordpress\/wp-json\/wp\/v2\/posts"}],"about":[{"href":"https:\/\/www.ades-grenoble.org\/wordpress\/wp-json\/wp\/v2\/types\/post"}],"author":[{"embeddable":true,"href":"https:\/\/www.ades-grenoble.org\/wordpress\/wp-json\/wp\/v2\/users\/1"}],"replies":[{"embeddable":true,"href":"https:\/\/www.ades-grenoble.org\/wordpress\/wp-json\/wp\/v2\/comments?post=15952"}],"version-history":[{"count":2,"href":"https:\/\/www.ades-grenoble.org\/wordpress\/wp-json\/wp\/v2\/posts\/15952\/revisions"}],"predecessor-version":[{"id":15954,"href":"https:\/\/www.ades-grenoble.org\/wordpress\/wp-json\/wp\/v2\/posts\/15952\/revisions\/15954"}],"wp:attachment":[{"href":"https:\/\/www.ades-grenoble.org\/wordpress\/wp-json\/wp\/v2\/media?parent=15952"}],"wp:term":[{"taxonomy":"category","embeddable":true,"href":"https:\/\/www.ades-grenoble.org\/wordpress\/wp-json\/wp\/v2\/categories?post=15952"},{"taxonomy":"post_tag","embeddable":true,"href":"https:\/\/www.ades-grenoble.org\/wordpress\/wp-json\/wp\/v2\/tags?post=15952"}],"curies":[{"name":"wp","href":"https:\/\/api.w.org\/{rel}","templated":true}]}}