{"id":15963,"date":"2019-06-14T16:55:52","date_gmt":"2019-06-14T14:55:52","guid":{"rendered":"http:\/\/www.ades-grenoble.org\/wordpress\/?p=15963"},"modified":"2019-06-14T17:01:37","modified_gmt":"2019-06-14T15:01:37","slug":"le-soutien-au-referendum-contre-la-privatisation-des-aeroports-de-paris-cest-parti","status":"publish","type":"post","link":"https:\/\/www.ades-grenoble.org\/wordpress\/2019\/06\/14\/le-soutien-au-referendum-contre-la-privatisation-des-aeroports-de-paris-cest-parti\/","title":{"rendered":"Le soutien au r\u00e9f\u00e9rendum contre la privatisation des a\u00e9roports de Paris : c\u2019est parti\u2026"},"content":{"rendered":"\n<div class=\"wp-block-image\"><figure class=\"alignleft\"><img loading=\"lazy\" decoding=\"async\" width=\"350\" height=\"197\" src=\"http:\/\/www.ades-grenoble.org\/wordpress\/wp-content\/uploads\/2019\/06\/non-privatisation-ADP.jpg\" alt=\"\" class=\"wp-image-15964\" srcset=\"https:\/\/www.ades-grenoble.org\/wordpress\/wp-content\/uploads\/2019\/06\/non-privatisation-ADP.jpg 350w, https:\/\/www.ades-grenoble.org\/wordpress\/wp-content\/uploads\/2019\/06\/non-privatisation-ADP-150x84.jpg 150w, https:\/\/www.ades-grenoble.org\/wordpress\/wp-content\/uploads\/2019\/06\/non-privatisation-ADP-300x169.jpg 300w\" sizes=\"auto, (max-width: 350px) 100vw, 350px\" \/><\/figure><\/div>\n\n\n\n<p>Tous les citoyens\ninscrits sur les listes \u00e9lectorales peuvent d\u00e8s maintenant donner leur\nsignature pour le r\u00e9f\u00e9rendum d\u2019initiative partag\u00e9 (RIP) qui vise \u00e0 interdire la\nprivatisation des a\u00e9roports de Paris en affirmant leur caract\u00e8re de service\npublic national. La collecte des signatures va durer 9 mois jusqu\u2019au 12 mars 2020\n\u00e0 minuit, soit au moment des \u00e9lections municipales.<\/p>\n\n\n\n<p>Il faudra qu\u2019il\ny ait au moins&nbsp;4&nbsp;717&nbsp;396\n\u00e9lecteurs qui signent pour que la proc\u00e9dure puisse \u00eatre men\u00e9e \u00e0 terme. Si ce\nseuil est d\u00e9pass\u00e9, la loi affirmant le caract\u00e8re de service public national\nsera soumise au parlement qui l\u2019adoptera sinon elle sera soumise \u00e0 r\u00e9f\u00e9rendum\nnational.<\/p>\n\n\n<p><!--more--><\/p>\n\n\n<p>Pour le recueil des signatures, le\u00a0minist\u00e8re\u00a0de l\u2019int\u00e9rieur met \u00e0 disposition des \u00e9lecteurs un site internet (<a href=\"https:\/\/www.referendum.interieur.gouv.fr\/\">https:\/\/www.referendum.interieur.gouv.fr\/<\/a>). Il a eu un peu de mal \u00e0 d\u00e9marrer, mais fonctionne maintenant. Il faut se munir d\u2019une carte d\u2019identit\u00e9 ou d\u2019un passeport pour pouvoir voter par ce moyen. Sinon il faut passer au mode papier \u00e0 la mairie. Les personnes qui n\u2019ont pas d\u2019acc\u00e8s \u00e0 internet peuvent d\u00e9poser leur soutien dans des points d\u2019acc\u00e8s situ\u00e9s \u00ab\u00a0au moins dans la commune la plus peupl\u00e9e de chaque canton ou au niveau d\u2019une circonscription \u00e9quivalente et dans les consulats\u00a0\u00bb. Un \u00e9lecteur peut aussi remplir un formulaire Cerfa qui sera enregistr\u00e9 \u00e9lectroniquement par un agent de la commune ou du consulat. <\/p>\n","protected":false},"excerpt":{"rendered":"<p>Tous les citoyens inscrits sur les listes \u00e9lectorales peuvent d\u00e8s maintenant donner leur signature pour le r\u00e9f\u00e9rendum d\u2019initiative partag\u00e9 (RIP) qui vise \u00e0 interdire la privatisation des a\u00e9roports de Paris en affirmant leur caract\u00e8re de service public national. La collecte des signatures va durer 9 mois jusqu\u2019au 12 mars 2020 \u00e0 minuit, soit au moment [&hellip;]<\/p>\n","protected":false},"author":1,"featured_media":0,"comment_status":"closed","ping_status":"open","sticky":false,"template":"","format":"standard","meta":{"twitterCardType":"","cardImageID":0,"cardImage":"","cardTitle":"","cardDesc":"","cardImageAlt":"","cardPlayer":"","cardPlayerWidth":0,"cardPlayerHeight":0,"cardPlayerStream":"","cardPlayerCodec":"","footnotes":""},"categories":[62,11],"tags":[5,196,12,260],"class_list":["post-15963","post","type-post","status-publish","format-standard","hentry","category-le-rouge-le-vert-hebdo","category-politique-locale","tag-deplacements","tag-etat","tag-mobilisations","tag-public-prive"],"_links":{"self":[{"href":"https:\/\/www.ades-grenoble.org\/wordpress\/wp-json\/wp\/v2\/posts\/15963","targetHints":{"allow":["GET"]}}],"collection":[{"href":"https:\/\/www.ades-grenoble.org\/wordpress\/wp-json\/wp\/v2\/posts"}],"about":[{"href":"https:\/\/www.ades-grenoble.org\/wordpress\/wp-json\/wp\/v2\/types\/post"}],"author":[{"embeddable":true,"href":"https:\/\/www.ades-grenoble.org\/wordpress\/wp-json\/wp\/v2\/users\/1"}],"replies":[{"embeddable":true,"href":"https:\/\/www.ades-grenoble.org\/wordpress\/wp-json\/wp\/v2\/comments?post=15963"}],"version-history":[{"count":1,"href":"https:\/\/www.ades-grenoble.org\/wordpress\/wp-json\/wp\/v2\/posts\/15963\/revisions"}],"predecessor-version":[{"id":15965,"href":"https:\/\/www.ades-grenoble.org\/wordpress\/wp-json\/wp\/v2\/posts\/15963\/revisions\/15965"}],"wp:attachment":[{"href":"https:\/\/www.ades-grenoble.org\/wordpress\/wp-json\/wp\/v2\/media?parent=15963"}],"wp:term":[{"taxonomy":"category","embeddable":true,"href":"https:\/\/www.ades-grenoble.org\/wordpress\/wp-json\/wp\/v2\/categories?post=15963"},{"taxonomy":"post_tag","embeddable":true,"href":"https:\/\/www.ades-grenoble.org\/wordpress\/wp-json\/wp\/v2\/tags?post=15963"}],"curies":[{"name":"wp","href":"https:\/\/api.w.org\/{rel}","templated":true}]}}