{"id":15995,"date":"2019-06-21T16:40:58","date_gmt":"2019-06-21T14:40:58","guid":{"rendered":"http:\/\/www.ades-grenoble.org\/wordpress\/?p=15995"},"modified":"2019-06-21T17:07:17","modified_gmt":"2019-06-21T15:07:17","slug":"notre-cadre-de-vie-nos-espaces-publics","status":"publish","type":"post","link":"https:\/\/www.ades-grenoble.org\/wordpress\/2019\/06\/21\/notre-cadre-de-vie-nos-espaces-publics\/","title":{"rendered":"Notre cadre de vie, nos espaces publics"},"content":{"rendered":"\n<div class=\"wp-block-image\"><figure class=\"alignleft\"><img loading=\"lazy\" decoding=\"async\" width=\"300\" height=\"224\" src=\"http:\/\/www.ades-grenoble.org\/wordpress\/wp-content\/uploads\/2015\/12\/rue-pietonne.jpg\" alt=\"\" class=\"wp-image-11025\" srcset=\"https:\/\/www.ades-grenoble.org\/wordpress\/wp-content\/uploads\/2015\/12\/rue-pietonne.jpg 300w, https:\/\/www.ades-grenoble.org\/wordpress\/wp-content\/uploads\/2015\/12\/rue-pietonne-150x112.jpg 150w\" sizes=\"auto, (max-width: 300px) 100vw, 300px\" \/><\/figure><\/div>\n\n\n\n<p>Les comp\u00e9tences des pouvoirs publics sont tr\u00e8s\ndispers\u00e9es en ce qui concerne notre cadre de vie et il faut \u00e9viter les discours\nd\u00e9magogiques d\u00e9clarant que la ville et son maire peuvent tout sur tout. Depuis\nle passage en M\u00e9tropole ceci ne s\u2019est pas simplifi\u00e9 en particulier sur la gestion\ndes voiries et de l\u2019accessibilit\u00e9 des espaces publics pour tous. La lutte\ncontre les impacts du changement climatique et les pollutions, notamment\natmosph\u00e9rique, oblige \u00e0 une coop\u00e9ration de toutes les administrations de la\ncommune \u00e0 l\u2019Etat et l\u2019Europe en passant par la M\u00e9tro, le SMTC, le d\u00e9partement,\nla r\u00e9gion et de nombreux gestionnaires de services publics dans l\u2019\u00e9nergie, les\nd\u00e9chets\u2026 Ces coop\u00e9rations demandent trop souvent beaucoup de temps et d\u2019\u00e9nergie\npour accoucher des diff\u00e9rents plans d\u2019action et le manque d\u2019implication de\nl\u2019Etat se fait lourdement sentir, et l\u2019aust\u00e9rit\u00e9 financi\u00e8re impos\u00e9e par les\ndiff\u00e9rents gouvernements n\u2019a pas permis aux collectivit\u00e9s locales et aux \u00e9lus\nd\u2019agir comme ils l\u2019auraient voulu.<\/p>\n\n\n<p><!--more--><\/p>\n\n\n<p>Et rien ne peut se faire d\u2019efficace sans la\nparticipation citoyenne, la nouvelle majorit\u00e9 a de ce point de vue op\u00e9r\u00e9 une nette\nrupture avec le pass\u00e9 en d\u00e9veloppant les budgets participatifs, les jardins\npartag\u00e9s, la v\u00e9g\u00e9talisation de la ville, les op\u00e9rations de <em>la Belle saison<\/em>,\nles chantiers ouverts au public (COP)\u2026 <strong><\/strong><\/p>\n\n\n\n<p>La Ville de Grenoble et la M\u00e9tro ont fix\u00e9 des grandes\npriorit\u00e9s&nbsp;en orientant les politiques publiques vers la transition\n\u00e9nerg\u00e9tique et \u00e9cologique, notamment concernant les mobilit\u00e9s, le logement, l\u2019alimentation,\nla sant\u00e9 par la lutte contre les pollutions, contre les ilots de chaleur&#8230;\nGrenoble a relanc\u00e9 la plantation d\u2019arbres et favorise la v\u00e9g\u00e9talisation des\nespaces publics et priv\u00e9s, la biodiversit\u00e9 en refusant l\u2019utilisation des\nproduits phytosanitaires polluants.<\/p>\n\n\n\n<p>Il s\u2019agit de faire vivre la ville pour tous&nbsp;:\n\u00e0 hauteur des enfants, amie des ain\u00e9s, accessible \u00e0 tous\u2026<\/p>\n\n\n\n<p><strong>Focus sur certaines nouvelles actions&nbsp;en\nrupture avec l\u2019action pass\u00e9e&nbsp;:<\/strong><\/p>\n\n\n\n<p>&#8211; La suppression de l\u2019affichage commercial (326\npanneaux ont \u00e9t\u00e9 supprim\u00e9s) a fait grand bruit mais c\u2019\u00e9tait une promesse\nimportante de la nouvelle \u00e9quipe municipale et cela a \u00e9t\u00e9 possible par la\nlongue lutte contre les contrats d\u2019affichage avec la soci\u00e9t\u00e9 Decaux et les\nd\u00e9cisions de justice d\u00e9non\u00e7ant les ill\u00e9galit\u00e9s de ces contrats. La perte de 150 k\u20ac de recettes par an au moment o\u00f9 la ville manquait\ncruellement de recettes a d\u00e9montr\u00e9 que les choix politiques \u00e9taient exigeants\net avaient un sens. Cette d\u00e9cision a pes\u00e9 fortement pour l\u2019\u00e9laboration du\nnouveau r\u00e8glement de publicit\u00e9 de la M\u00e9tro qui va dans le sens de la diminution\nde la publicit\u00e9 commerciale qui est une forme de pollution insidieuse et un\nacte culturel important en r\u00e9sistance contre la soci\u00e9t\u00e9 d\u2019ultra consommation et\nl\u2019id\u00e9ologie contenue dans ces publicit\u00e9s.<\/p>\n\n\n\n<p>&#8211; Arbres&nbsp;: il y a environ 36&nbsp;000\narbres \u00e0 Grenoble (dans l\u2019espace public) mais depuis des ann\u00e9es leur nombre\ndiminuait. Maintenant c\u2019est 1000 arbres de plus chaque ann\u00e9e, il y en aura 5000\nde plus en 2020. <\/p>\n\n\n\n<p>&#8211; Mobilit\u00e9s&nbsp;: d\u00e9veloppement acc\u00e9l\u00e9r\u00e9\ndes d\u00e9placements en v\u00e9lo, le covoiturage et l\u2019autopartage. Pr\u00e9paration de la\ndisparition du diesel \u00e0 Grenoble (d\u00e8s 2025 pour les utilitaires et poids\nlourds).<\/p>\n\n\n\n<p>&#8211; Pi\u00e9tonisation du centre-ville&nbsp;: les\nzones pi\u00e9tonnes n\u2019avaient pas \u00e9volu\u00e9 depuis 30 ans. Le projet C\u0153ur de\nVilles-C\u0153ur de M\u00e9tropole sera termin\u00e9 dans quelques mois et cela va changer\nprofond\u00e9ment le cadre de vie du secteur et permettre une redynamisation des commerces du centre -ville qui trouveront un\nsecond souffle. La priorit\u00e9 est donn\u00e9e aux d\u00e9placements pi\u00e9tons, v\u00e9los, et une\ngrande am\u00e9lioration pour les transports en commun qui gagneront en fluidit\u00e9 et\nrapidit\u00e9.<\/p>\n\n\n\n<p>&#8211; D\u00e9chets&nbsp;: programme ambitieux \u00e0 la\nM\u00e9tro pour diminuer les d\u00e9chets et am\u00e9liorer la collecte s\u00e9lective (donc le\ntri) et mise en place progressivement de la poubelle marron pour la collecte\ndes d\u00e9chets alimentaires pour d\u00e9velopper le compost, en plus des compost de\nquartiers qui se d\u00e9veloppent sous l\u2019action des habitants eux-m\u00eames.<\/p>\n\n\n\n<p>&#8211; Projets urbains&nbsp;: une forte\ndiminution des projets d\u00e9finis par l\u2019\u00e9quipe pr\u00e9c\u00e9dente en augmentant le taux de\nlogements sociaux et en sauvegardant la grande Esplanade (donc la Foire des\nRameaux) qui allait accueillir des centaines de logements, alors qu\u2019il s\u2019agit d\u2019un\npatrimoine urbain \u00e0 pr\u00e9server et embellir. Priorit\u00e9 aux projets \u00e9conomes en\n\u00e9nergie. La r\u00e9novation de la Tour Perret va enfin voir le jour malgr\u00e9 les\ndifficult\u00e9s financi\u00e8res de la ville. Abandon de la solution chauffage urbain \u00e0\n2 r\u00e9seaux (basse temp\u00e9rature et r\u00e9seau classique) donc co\u00fbteuse sur la\npresqu\u2019\u00eele (o\u00f9 tous les nouveaux b\u00e2timents sont tr\u00e8s \u00e9conomes en \u00e9nergie) au\nprofit de pompes \u00e0 chaleur et de l\u2019utilisation de la nappe phr\u00e9atique ce qui\npermet \u00e0 la fois le chauffage et rafra\u00eechissement \u00e0 la place d&rsquo;une \u00e9ventuelle\nclimatisation, plus co\u00fbteuse en \u00e9nergie.<\/p>\n\n\n\n<p>&#8211; Changement dans l\u2019implication des habitants&nbsp;:\npar les budgets participatifs qui petit \u00e0 petit apparaissent dans l\u2019espace\npublic et vont participer \u00e0 son \u00e9volution, par les op\u00e9rations jardinons nos\nrue, l\u2019implantation de compost citoyens. Depuis fin 2017, les chantiers ouverts\nau public (COP)\nse multiplient avec des agents de la Ville, des b\u00e9n\u00e9voles et des habitants\nautour d\u2019un projet sur l\u2019espace public. Ils permettent de faire \u00e9voluer les\nusages d\u2019espaces communs \u00e0 tous, de d\u00e9velopper une vision commune de ces\nespaces, et de d\u00e9velopper les rencontres entre usagers et services de la Ville<\/p>\n\n\n\n<p><strong>Les services publics municipaux au service de notre\ncadre de vie<\/strong><strong>&nbsp;: <\/strong>propret\u00e9 urbaine, espaces verts, police municipale, la r\u00e9gie Lumi\u00e8re et\nle service droits de voirie. Avec en plus, la cr\u00e9ation r\u00e9cente d\u2019un service espace public\net citoyennet\u00e9 en appui aux territoires sur la conception de projets et\nd\u00e9marches alliant nouveaux usages de l\u2019espace public et nouveaux modes\nd\u2019intervention avec la participation citoyenne. <\/p>\n\n\n\n<p>Politiquement,\nla priorit\u00e9 va vers un espace public plus favorable \u00e0 la sant\u00e9, \u00e0 la\nbiodiversit\u00e9 et plus respectueux de l\u2019environnement. Priorit\u00e9 \u00e0 la pr\u00e9vention,\n\u00e0 l\u2019\u00e9ducation et \u00e0 la participation citoyenne mais sans renoncer aux sanctions\nen d\u00e9velopant de nouveaux outils de facturation des proc\u00e8s-verbaux.<\/p>\n\n\n\n<p>Propret\u00e9 urbaine<strong>&nbsp;: <\/strong>Une ville propre est une ville\nque l\u2019on ne salit pas explique r\u00e9guli\u00e8rement la ville<strong>. <\/strong>Les moyens mis en\nplace sont importants malgr\u00e9 les baisses des dotations de l\u2019Etat (225 agents et\n9 M\u20ac de budget annuel). Il s\u2019agit d\u2019un travail ingrat, peu qualifi\u00e9 et peu\nvalorisant car l\u2019action des agents est un \u00e9ternel recommencement. Une\nam\u00e9lioration des conditions de travail est mise en place notamment par le\npassage \u00e0 la journ\u00e9e continue, d\u2019o\u00f9 un gain de temps et un meilleur confort du\ntravail. La pr\u00e9sence sur l\u2019espace public est 7 jours sur 7 de 6 h \u00e0 19 h. Une\n\u00e9cole de la propret\u00e9 est mise en place pour former mieux les agents. La\npropret\u00e9 de l\u2019espace public est une responsabilit\u00e9 premi\u00e8re des citoyens et les\ncomportements inciviques sont trop nombreux (graffitis, affichage sauvage, crottes\nde chiens, papiers et plastiques jet\u00e9s par terre, canettes, m\u00e9gots\u2026) et les\nmesures de r\u00e9pression seront toujours insuffisantes, m\u00eame si elles se sont\nd\u00e9velopp\u00e9es. La ville donne la priorit\u00e9 \u00e0 l\u2019\u00e9ducation, notamment des jeunes et\npropose aux habitants de participer au nettoyage de l\u2019espace public et donc de\nson embellissement lors des journ\u00e9es de \u00ab&nbsp;<em>la Belle saison<\/em>&nbsp;\u00bb.&nbsp; Un effort va \u00eatre mis en place concernant les\nd\u00e9p\u00f4ts sauvages en collaboration avec la M\u00e9tro qui mettra \u00e0 disposition des\ncamions et une \u00e9quipe grenobloise fera la collecte. 130 corbeilles de tri des\nd\u00e9chets ont \u00e9t\u00e9 implant\u00e9es, 10&nbsp;000 cendriers de poche distribu\u00e9s, 17\nop\u00e9rations de sensibilisation contre les d\u00e9jections canines, 35&nbsp;000 m<sup>2<\/sup>\nde graffitis et d\u2019affiches sont supprim\u00e9s chaque ann\u00e9e.<\/p>\n\n\n\n<p>Il ne serait pas inutile de rappeler aux citoyens\nque c\u2019est \u00e0 eux de maintenir les trottoirs propres devant leur immeuble ou\ncommerce.<\/p>\n\n\n\n<p>Espaces verts&nbsp;:200 agents entretiennent journali\u00e8rement 240 hectares\nd\u2019espaces verts. Les plantations de fleurs sont toujours de haute qualit\u00e9\nmalheureusement les vols sont toujours importants. Le service aide les citoyens\nvolontaires qui veulent jardiner leurs rues.<\/p>\n\n\n\n<p>Police municipale&nbsp;: malgr\u00e9 les baisses des dotations de l\u2019Etat, les effectifs de la police\nmunicipale sont rest\u00e9s les m\u00eames, Grenoble \u00e9tant une des grandes villes o\u00f9 le\nnombre de policiers municipaux est important par rapport \u00e0 la population.<\/p>\n\n\n\n<p>D\u2019apr\u00e8s la loi, sa comp\u00e9tence est limit\u00e9e \u00e0 la\ntranquillit\u00e9 publique et notamment \u00e0 la r\u00e9pression du bruit de voisinage. Elle\nverbalise les infractions au code de la route, les chiens non tenus en laisse,\nle non-respect des r\u00e8glements de collecte des d\u00e9chets, de l\u2019occupation\nprivative du domaine public. Une \u00e9quipe de nuit intervient au centre-ville.\nCertains d\u00e9magogues voudraient que la police municipale vienne renforcer la\npolice nationale sur les questions de s\u00e9curit\u00e9 publique, elle n\u2019en a pas la\ncomp\u00e9tence et surtout ce serait un mauvais signal envoy\u00e9 au gouvernement qui\nn\u2019agirait plus pour renforcer les effectifs de la police nationale. Il ne faut\nsurtout pas oublier que sous Sarkozy il y a eu suppression de 100 policiers\ndans la circonscription de Grenoble et gr\u00e2ce \u00e0 l\u2019action opini\u00e2tre des maires de\nGrenoble, Echirolles et Saint Martin d\u2019H\u00e8res, de nouveaux effectifs sont\narriv\u00e9s mais c\u2019est insuffisant.<\/p>\n\n\n\n<p>La R\u00e9gie Lumi\u00e8re&nbsp;: Le Plan\nlumi\u00e8re arr\u00eat\u00e9 en 2014 est \u00e9tal\u00e9 sur 8 ans et va permettre une \u00e9conomie de plus\nde 50 % des consommations d\u2019\u00e9nergie de l\u2019\u00e9clairage public et une r\u00e9novation en\nprofondeur des installations sur la commune de Grenoble, ce qui conduira \u00e0 une\nr\u00e9duction de 80 % de la pollution lumineuse. Le programme de modernisation est\npilot\u00e9 par la Ville et les r\u00e9sultats sont tr\u00e8s positifs. Pour l\u2019instant ce\nservice public reste de comp\u00e9tence communale, mais prochainement la M\u00e9tro\ndevrait le prendre en charge et se servir du plan lumi\u00e8re grenoblois come\nmod\u00e8le pour le reste du territoire. La lutte contre la pollution lumineuse est\nimportante et des actions citoyennes se d\u00e9veloppent par exemple par\nl\u2019organisation du <em>\u00ab&nbsp;jour de la nuit<\/em>&nbsp;\u00bb et diverses activit\u00e9s\nfestives autour de la lumi\u00e8re. Notons aussi les illuminations de No\u00ebl imagin\u00e9es\npar les \u00e9coliers grenoblois.<\/p>\n\n\n\n<p>Le Service droits de voirie<strong>&nbsp;<\/strong>: il g\u00e8re l\u2019occupation\nr\u00e8glementaire de l\u2019espace public, notamment les terrasses et les march\u00e9s. Trois\nnouveaux march\u00e9s (Ile Verte, Anatole France et Chavant) sont des march\u00e9s \u00e0 z\u00e9ro\nd\u00e9chet. Le nouveau r\u00e8glement des march\u00e9s a remis de la transparence et de l\u2019\u00e9quit\u00e9\ndans les affectations des maraichers. Et chaque fois qu\u2019il le peut le service\nfacture les d\u00e9p\u00f4ts sauvages et l\u2019affichage sauvage.<\/p>\n\n\n\n<p><strong>Les services publics m\u00e9tropolitains au service de\nnotre cadre de vie<\/strong><\/p>\n\n\n\n<p>La m\u00e9tropole a acquis depuis des ann\u00e9es de nombreuses\ncomp\u00e9tences ayant des cons\u00e9quences importantes sur la vie quotidienne et le\ncadre de vie des habitants. Voici la liste de services publics g\u00e9r\u00e9s en direct\nou en d\u00e9l\u00e9gation qui s\u2019occupent de notre vie quotidienne&nbsp;: d\u00e9chets, eau,\nassainissement, \u00e9nergie (gaz, \u00e9lectricit\u00e9, chauffage urbain), mobilit\u00e9s (notamment\npar le SMTC), voirie, logement, service fun\u00e9raire et en ce qui concerne\nl\u2019environnement elle s\u2019occupe d\u2019\u00e9laborer des r\u00e8glements et des plans pour\npr\u00e9server l\u2019environnement et lutter contre les pollutions.<\/p>\n\n\n\n<p>Depuis la mise en route de la M\u00e9tropole au 1<sup>er<\/sup>\njanvier 2015, beaucoup de comp\u00e9tences des communes ont \u00e9t\u00e9 transf\u00e9r\u00e9es&nbsp;: <\/p>\n\n\n\n<p>&#8211;&nbsp; l\u2019eau\npotable qui est devenu une r\u00e9gie intercommunale accompagn\u00e9e par la SPL Eau de\nGrenoble Alpes. Ce n\u2019est pas une mince affaire de faire converger les 46 tarifs\ndiff\u00e9rents vers un tarif unique de l\u2019eau potable. Un comit\u00e9 des usagers\nfonctionne r\u00e9guli\u00e8rement aupr\u00e8s de la R\u00e9gie. La mesure de solidarit\u00e9 mise en\nplace en exp\u00e9rimentation, c\u2019est l\u2019allocation eau pour environ 10&nbsp;000\nm\u00e9nages dont la facture d\u2019eau d\u00e9passerait 3% de leur revenu. Cela a demand\u00e9 une\nr\u00e9flexion approfondie, une grande partie des usagers de l\u2019eau ne re\u00e7oit pas de\nfacture car habitant dans des copropri\u00e9t\u00e9s qui ont un seul gros compteur de la\nr\u00e9gie et l\u2019eau est pay\u00e9e dans les charges. La M\u00e9tro a trouv\u00e9 une astuce, c\u2019est\nde d\u00e9finir une facture th\u00e9orique du m\u00e9nage qui d\u00e9pend du tarif de l\u2019eau et de\nla composition du m\u00e9nage, ainsi suivant le nombre de personnes il y a une\nconsommation moyenne de d\u00e9finie d\u2019o\u00f9 l\u2019\u00e9laboration d\u2019une facture th\u00e9orique qui\nest compar\u00e9e aux revenus du m\u00e9nages connus de la CAF. Il faut esp\u00e9rer qu\u2019\u00e0 la\nfin de l\u2019exp\u00e9rimentation la loi pr\u00e9voira ce syst\u00e8me de facture th\u00e9orique et pas\nseulement \u00e0 partir de la vraie facture.<\/p>\n\n\n\n<p>&#8211; l\u2019\u00e9nergie&nbsp;: la prise de comp\u00e9tence de la\nm\u00e9tropole lui fait g\u00e9rer la distribution d\u2019\u00e9lectricit\u00e9, de gaz et de chauffage\nurbain, \u00e0 travers des concessions avec notamment sur Grenoble, GEG et CCIAG.\nMaintenant les directeurs g\u00e9n\u00e9raux de ces soci\u00e9t\u00e9s sont nomm\u00e9s par les collectivit\u00e9s\net non plus par les actionnaires priv\u00e9s. A GEG les usagers les plus en\ndifficult\u00e9 ont \u00e9t\u00e9 aid\u00e9s par des tarifs sp\u00e9ciaux et maintenant ils touchent le\nch\u00e8que \u00e9nergie. A la CCIAG, un nouveau contrat de d\u00e9l\u00e9gation am\u00e9liore le\nservice et d\u00e8s que la CCIAG d\u00e9gage un important b\u00e9n\u00e9fice, il est rembours\u00e9 en\npartie aux usagers et \u00e0 la R\u00e9gie chaleur de la M\u00e9tro qui finance les tr\u00e8s gros\ninvestissements. Il y a ici des ruptures importantes avec la gestion pass\u00e9e de\nces services.<\/p>\n\n\n\n<p>&#8211; le service d\u00e9chets a pris une plus grande\nimportance en restructurant \u00e0 grande \u00e9chelle les d\u00e9chetteries et le service de\ncollecte des ordures m\u00e9nag\u00e8res. Il vise \u00e0 augmenter le tri s\u00e9lectif qui n\u2019est\npas bon dans l\u2019agglom\u00e9ration, \u00e0 diminuer le volume des d\u00e9chets, \u00e0 valoriser\nmieux ce qui est valorisable et va d\u00e9marrer une collecte des d\u00e9chets\nalimentaires progressivement dans toute l\u2019agglom\u00e9ration. Cette politique\nvolontariste co\u00fbte cher et cela a oblig\u00e9 la M\u00e9tro a augmenter d\u2019un coup\nfortement la TEOM pour financer ces am\u00e9liorations et les investissements\nfuturs. Il est pr\u00e9vu de r\u00e9nover Athanor en collaboration avec de nombreuses\nautres collectivit\u00e9s pour mutualiser l\u2019incin\u00e9ration des d\u00e9chets non\nvalorisables sur une plus large \u00e9chelle territoriale.<\/p>\n\n\n\n<p>&#8211; le service public fun\u00e9raire est g\u00e9r\u00e9 en\nd\u00e9l\u00e9gation de service public par la SEM PFI. Une rupture totale dans sa gestion\na \u00e9t\u00e9 op\u00e9r\u00e9e par la M\u00e9tro, en changeant la directrice g\u00e9n\u00e9rale et en contr\u00f4lant\nl\u2019activit\u00e9 de cette soci\u00e9t\u00e9 suite aux rapports de la Chambre R\u00e9gionale des\nComptes qui a d\u00e9nonc\u00e9 des abus et un mode de gestion inadmissible pour un\nservice public. La justice est saisie des malversations op\u00e9r\u00e9es.<\/p>\n\n\n\n<p>&#8211; Pour les autres services nous les avons trait\u00e9s\ndans des articles pr\u00e9c\u00e9dents sur nos mobilit\u00e9s et nos logements.<\/p>\n\n\n\n<p><strong>Les projets urbains<\/strong><\/p>\n\n\n\n<p>Dans les op\u00e9rations d\u2019am\u00e9nagement, le choix des\npromoteurs et des cahiers des charges se fait sur des obligations de prendre en\ncompte dans les projets, des exigences de mobilit\u00e9 (notamment tout ce qui\npromeut les d\u00e9placements alternatifs \u00e0 la voiture), une strat\u00e9gie \u00e9nerg\u00e9tique\nprenant en compte la sobri\u00e9t\u00e9, l\u2019efficacit\u00e9 et les \u00e9nergies\nrenouvelables&nbsp;; l\u2019utilisation de mat\u00e9riaux bas-carbone et\nbiosourc\u00e9s&nbsp;; travail sur la sant\u00e9 (qualit\u00e9 de l\u2019air int\u00e9rieur) et le\nconfort (thermique, visuel, acoustique)&nbsp;; la gestion \u00e9conome de\nl\u2019eau&nbsp;: utilisation de l\u2019eau de pluie, gestion des d\u00e9chets m\u00e9nagers, compostage\nin-situ, tri s\u00e9lectif, protection de la biodiversit\u00e9, v\u00e9g\u00e9talisation en toiture\nnotamment. Penser aussi \u00e0 la circulation de l\u2019air entre les b\u00e2timents pour\nlutter contre les ilots de chaleur.<\/p>\n\n\n\n<p>A Grenoble depuis d\u00e9but 2015, il y a eu des permis de\nconstruire d\u00e9livr\u00e9s pour la construction de 3000 logements respectant une r\u00e8glementation\nthermique RT2012-20% et 800 logements encore plus ambitieux, respectant une\nRT-30%.<\/p>\n\n\n\n<p>Gr\u00e2ce \u00e0 la modification du PLU fin 2014 il y a eu une\nacc\u00e9l\u00e9ration de la construction de logements sociaux, notamment au nord des\ngrands boulevards, ce qui permet de peser sur les loyers et les prix des\nlogements et mod\u00e9rer la sp\u00e9culation immobili\u00e8re.<\/p>\n\n\n\n<p>Mais pour atteindre les 25% de logements sociaux en\n2025 il faut aussi transformer des logements ou des bureaux existants en\nlogement sociaux,<\/p>\n\n\n\n<p>La M\u00e9tropole en collaboration \u00e9troite avec la ville a lanc\u00e9\nle projet de r\u00e9habilitation urbaine (ANRU2) \u00e0 Mistral, au village olympique et\nde mani\u00e8re massive \u00e0 la Villeneuve. Cot\u00e9 Villeneuve de Grenoble il y a eu\nminimisation de destructions d\u2019immeubles existants et un effort tr\u00e8s important\net original de r\u00e9novation du parc priv\u00e9, ce qui devrait redonner \u00e0 terme, de\nl\u2019attrait \u00e0 ce quartier qui a vu s\u2019effondrer la valeur des logements depuis de nombreuses\nann\u00e9es.<\/p>\n\n\n\n<p>Des efforts sont faits pour maintenir ou d\u00e9velopper de\nl\u2019activit\u00e9 \u00e9conomique et commerciale dans les projets pour \u00e9viter de cr\u00e9er des\nquartiers dortoirs.<\/p>\n\n\n\n<p>La pr\u00e9paration des projets se fait tr\u00e8s en amont (quand\nils n\u2019ont pas \u00e9t\u00e9 impos\u00e9s par des d\u00e9cisions du pass\u00e9) et les discussions avec\nles habitants sont toujours anim\u00e9es et jamais termin\u00e9es mais elles existent\nsyst\u00e9matiquement et prises en compte s\u2019il n\u2019y a pas d\u00e9naturation des objectifs\ninitiaux. <\/p>\n\n\n\n<p>Un certain nombre de projets h\u00e9rit\u00e9s du pass\u00e9 n\u2019ont\npas pu \u00eatre arr\u00eat\u00e9s ou corrig\u00e9s car les coups \u00e9taient partis et les restructurer\naurait \u00e9t\u00e9 tr\u00e8s couteux ce qui n\u2019\u00e9tait plus dans les possibilit\u00e9s financi\u00e8res\nde la ville avec les baisses violentes de ses recettes. C\u2019est aussi pourquoi\nsur certains projets il y a un nombre de construction de logement un peu\nsup\u00e9rieur \u00e0 ce qui aurait \u00e9t\u00e9 plus raisonnable (petite Esplanade par exemple),\nce qui permet \u00e0 la ville de mieux \u00e9quilibrer le co\u00fbt du projet de l\u2019Esplanade,\nla restructuration de la grande Esplanade et la cr\u00e9ation du parc le long de\nl\u2019Is\u00e8re \u00e9tant co\u00fbteux.<\/p>\n\n\n\n<p><strong>Les ruptures avec le pass\u00e9&nbsp;: <\/strong><\/p>\n\n\n\n<p>&#8211; La diminution de la fr\u00e9n\u00e9sie de constructions\nentre 2008 et 2014 \u00e0 Grenoble. Le rythme actuel (30% de moins) est compatible\navec une stabilisation de la population (arr\u00eater de construire ferait perdre de\n1500 \u00e0 2000 habitants par an \u00e0 Grenoble) et acc\u00e9l\u00e8rerait la p\u00e9riurbanisation\nd\u00e9voreuse de terres agricoles et d\u2019espaces naturels et \u00e9nergivore dans les\nd\u00e9placements.<\/p>\n\n\n\n<p>&#8211; Le plan \u00e9cole&nbsp;: construction acc\u00e9l\u00e9r\u00e9e de\nnouvelles \u00e9coles et la r\u00e9habilitation des anciennes, plus de 50 classes ont \u00e9t\u00e9\nouvertes depuis 2014, c\u2019est un param\u00e8tre tr\u00e8s important pour la qualit\u00e9 du\ncadre de vie. Une r\u00e9habilitation thermique pouss\u00e9e pour 4 \u00e9coles (50 classes) avec production\nd&rsquo;\u00e9lectricit\u00e9 solaire&nbsp;: groupes scolaires Painlev\u00e9, Amp\u00e8re, Elis\u00e9e Chatin\net Vallier.<\/p>\n\n\n\n<p>&#8211; L\u2019extension de la pi\u00e9tonisation du centre-ville\npar le projet de C\u0153urs de Villes-C\u0153ur de M\u00e9tropole, ce qui n\u2019avait pas \u00e9t\u00e9 fait\ndepuis 30 ans et qui va dynamiser l\u2019hypercentre. Depuis leur pi\u00e9tonisation les\nrues Brocherie et Chenoise en ressentent d\u00e9j\u00e0 les bienfaits. Avec la priorit\u00e9\ndonn\u00e9e aux v\u00e9los et aux transports en commun, l\u2019\u00e9largissement des trottoirs, la\nplantation d\u2019arbres le boulevard Agutte-Sembat deviendra beaucoup plus\nattractif.<\/p>\n\n\n\n<p>&#8211; la r\u00e9habilitation de la Villeneuve permet \u00e0 la\nfois celle des logements sociaux mais aussi un nombre important de logements\npriv\u00e9s gr\u00e2ce \u00e0 l\u2019association ANRU-ANAH.<\/p>\n\n\n\n<p>&#8211; Acc\u00e9l\u00e9ration des r\u00e9novations thermiques par le\nplan <em>Mur-Mur2<\/em> par rapport au plan <em>Mur-Mur1<\/em>. C\u2019est 5000 logements\net 4000 maisons trait\u00e9s en 5 ans (90 M\u20ac de travaux et 27 M\u20ac d\u2019aides) avec trois\nniveaux de r\u00e9novation&nbsp;: progressive, compl\u00e8te, exemplaire.<\/p>\n\n\n\n<p>&#8211; Forte diminution des co\u00fbts pour la ville des ZAC\nPresqu\u2019\u00eele et Flaubert. Par exemple le co\u00fbt estim\u00e9 pour la ville fin 2013 pour\nla ZAC Presqu\u2019\u00eele \u00e9tait d\u2019environ 110 M\u20ac, il n\u2019est plus que de 70 M\u20ac environ.\nLa gestion rigoureuse et \u00e9conome de l\u2019argent public est une caract\u00e9ristique de\nla nouvelle majorit\u00e9. Il faut dire qu\u2019elle y \u00e9tait fortement contrainte par les\npertes de recettes de son budget du fait les baisses des dotations de l\u2019Etat. <\/p>\n\n\n\n<p><strong>La politique commerciale<\/strong><\/p>\n\n\n\n<p>&#8211; le refus de d\u00e9velopper les grandes surfaces\ncommerciales afin de d\u00e9fendre le commerce de proximit\u00e9. Par exemple, la ville\nde Grenoble a exprim\u00e9 fortement son d\u00e9saccord avec le projet Neyrpic \u00e0 Saint\nMartin d\u2019H\u00e8res qui n\u2019a pas \u00e9t\u00e9 \u00e9labor\u00e9 dans une perspective m\u00e9tropolitaine et\nqui pourra avoir, s\u2019il se fait, des cons\u00e9quences n\u00e9fastes sur le commerce du\ncentre-ville de Grenoble notamment. Notons que le cas de l\u2019extension\ncommerciale de Grand Place est aussi critiquable du point de vue commercial,\nmais l\u2019am\u00e9nagement de l\u2019espace public (auquel participe lourdement le\npropri\u00e9taire de Grand Place) sera tr\u00e8s positif pour la centralit\u00e9 sud\n(Grenoble, Echirolles et Eybens).<\/p>\n\n\n\n<p>&#8211; La M\u00e9tro vient de d\u00e9cider de la cr\u00e9ation d\u2019une fonci\u00e8re commerciale, structure financi\u00e8re\nsp\u00e9cialis\u00e9e dans l\u2019acquisition, la r\u00e9novation, la commercialisation et la\ngestion de locaux commerciaux. La puissance publique vient secourir un secteur\ncommercial en souffrance notamment \u00e0 cause des prix excessifs de location ou\nd\u2019achat de surfaces commerciales.<\/p>\n\n\n\n<p>Entretien et conservation du patrimoine&nbsp;:<strong> <\/strong>avec les violentes diminutions de ses recettes la\nville a beaucoup de mal \u00e0 entretenir au niveau qu\u2019il le faudrait tout son\npatrimoine. C\u2019est pourquoi la majorit\u00e9 a d\u00e9cid\u00e9 d\u2019investir dans des op\u00e9rations\nqui lui permettraient de faire des \u00e9conomies importantes de fonctionnement \u00e0\nl\u2019avenir. C\u2019est notamment le projet de transf\u00e9rer le CCAS et de nombreux\nservices de la ville dans le b\u00e2timent du Cr\u00e9dit agricole \u00e0 Malherbe, ce sera\neffectif en 2021. C\u2019est l\u2019effort exceptionnel sur le patrimoine scolaire qui a\n\u00e9t\u00e9 mal entretenu par le pass\u00e9. En ce qui concerne le patrimoine historique, la\nr\u00e9novation de la Tour Perret est enfin lanc\u00e9e, il faut noter que c\u2019est la\nmunicipalit\u00e9 qui a le plus de difficult\u00e9s financi\u00e8res qui a enfin lanc\u00e9 cette\nr\u00e9novation, reste \u00e0 trouver l\u2019ensemble des financements, le public sera appel\u00e9\n\u00e0 participer.<\/p>\n\n\n\n<p><strong>Actions pour le climat<\/strong><strong>&nbsp;<\/strong>: Ce sont les mobilit\u00e9s et les\nlogements qui sont les principaux \u00e9metteurs de gaz \u00e0 effet de serre, nous avons\nd\u00e9j\u00e0 d\u00e9crit les actions faites dans ces secteurs&nbsp;:<\/p>\n\n\n\n<p>Pour les mobilit\u00e9s, voir <a href=\"https:\/\/www.ades-grenoble.org\/wordpress\/2019\/06\/07\/nos-mobilites-et-notre-vie-quotidienne\/\" target=\"_blank\" rel=\"noreferrer noopener\" aria-label=\"cet article (s\u2019ouvre dans un nouvel onglet)\">cet article<\/a> de l&rsquo;ADES et pour\u00a0 la politique de logement <a rel=\"noreferrer noopener\" aria-label=\"celui-ci (s\u2019ouvre dans un nouvel onglet)\" href=\"https:\/\/www.ades-grenoble.org\/wordpress\/2019\/06\/14\/nos-logements-et-notre-vie-quotidienne-des-politiques-publiques-locales-menacees\/\" target=\"_blank\">cet autre<\/a>.<\/p>\n\n\n\n<p>En ce qui concerne notre cadre de vie les actions\nli\u00e9es au changement climatique se d\u00e9veloppent dans de nombreux domaines&nbsp;: aides\naux \u00e9conomies d\u2019\u00e9nergie et d\u2019eau. Les gestionnaires des services publics locaux\n(GEG, CCIAG, R\u00e9gie de l\u2019eau, SPL de l\u2019eau), apportent \u00e0 leurs usagers des\ninformations pour \u00e9conomiser les ressources. GEG et la CCIAG font de gros\nefforts pour basculer vers les sources d\u2019\u00e9nergies renouvelables. En 2022,\nl\u2019approvisionnement en \u00e9lectricit\u00e9 de GEG proviendra \u00e0 100% de production\nd\u2019\u00e9lectricit\u00e9 renouvelable.<\/p>\n\n\n\n<p>Chercher pour l\u2019alimentation \u00e0 consommer mieux et\nen jetant moins, c\u2019est l\u2019effort fait dans les cantines pour arriver\nprochainement \u00e0 100% de bio et de local, c\u2019est bon pour la sant\u00e9 et cela pollue\nmoins.<\/p>\n\n\n\n<p>.V\u00e9g\u00e9talisation accrue de la ville avec la participation active des habitants<\/p>\n","protected":false},"excerpt":{"rendered":"<p>Les comp\u00e9tences des pouvoirs publics sont tr\u00e8s dispers\u00e9es en ce qui concerne notre cadre de vie et il faut \u00e9viter les discours d\u00e9magogiques d\u00e9clarant que la ville et son maire peuvent tout sur tout. Depuis le passage en M\u00e9tropole ceci ne s\u2019est pas simplifi\u00e9 en particulier sur la gestion des voiries et de l\u2019accessibilit\u00e9 des [&hellip;]<\/p>\n","protected":false},"author":1,"featured_media":0,"comment_status":"closed","ping_status":"open","sticky":false,"template":"","format":"standard","meta":{"twitterCardType":"","cardImageID":0,"cardImage":"","cardTitle":"","cardDesc":"","cardImageAlt":"","cardPlayer":"","cardPlayerWidth":0,"cardPlayerHeight":0,"cardPlayerStream":"","cardPlayerCodec":"","footnotes":""},"categories":[62,11],"tags":[283,128,65],"class_list":["post-15995","post","type-post","status-publish","format-standard","hentry","category-le-rouge-le-vert-hebdo","category-politique-locale","tag-espaces-verts","tag-rassemblement-2014","tag-urbanisme"],"_links":{"self":[{"href":"https:\/\/www.ades-grenoble.org\/wordpress\/wp-json\/wp\/v2\/posts\/15995","targetHints":{"allow":["GET"]}}],"collection":[{"href":"https:\/\/www.ades-grenoble.org\/wordpress\/wp-json\/wp\/v2\/posts"}],"about":[{"href":"https:\/\/www.ades-grenoble.org\/wordpress\/wp-json\/wp\/v2\/types\/post"}],"author":[{"embeddable":true,"href":"https:\/\/www.ades-grenoble.org\/wordpress\/wp-json\/wp\/v2\/users\/1"}],"replies":[{"embeddable":true,"href":"https:\/\/www.ades-grenoble.org\/wordpress\/wp-json\/wp\/v2\/comments?post=15995"}],"version-history":[{"count":5,"href":"https:\/\/www.ades-grenoble.org\/wordpress\/wp-json\/wp\/v2\/posts\/15995\/revisions"}],"predecessor-version":[{"id":16007,"href":"https:\/\/www.ades-grenoble.org\/wordpress\/wp-json\/wp\/v2\/posts\/15995\/revisions\/16007"}],"wp:attachment":[{"href":"https:\/\/www.ades-grenoble.org\/wordpress\/wp-json\/wp\/v2\/media?parent=15995"}],"wp:term":[{"taxonomy":"category","embeddable":true,"href":"https:\/\/www.ades-grenoble.org\/wordpress\/wp-json\/wp\/v2\/categories?post=15995"},{"taxonomy":"post_tag","embeddable":true,"href":"https:\/\/www.ades-grenoble.org\/wordpress\/wp-json\/wp\/v2\/tags?post=15995"}],"curies":[{"name":"wp","href":"https:\/\/api.w.org\/{rel}","templated":true}]}}