{"id":16128,"date":"2019-08-23T18:22:52","date_gmt":"2019-08-23T16:22:52","guid":{"rendered":"http:\/\/www.ades-grenoble.org\/wordpress\/?p=16128"},"modified":"2019-08-23T18:30:15","modified_gmt":"2019-08-23T16:30:15","slug":"agenda-128","status":"publish","type":"post","link":"https:\/\/www.ades-grenoble.org\/wordpress\/2019\/08\/23\/agenda-128\/","title":{"rendered":"Agenda"},"content":{"rendered":"\n<div class=\"wp-block-image\"><figure class=\"alignleft\"><img loading=\"lazy\" decoding=\"async\" width=\"204\" height=\"204\" src=\"http:\/\/www.ades-grenoble.org\/wordpress\/wp-content\/uploads\/2014\/05\/calendrier.jpg\" alt=\"calendrier\" class=\"wp-image-8544\" srcset=\"https:\/\/www.ades-grenoble.org\/wordpress\/wp-content\/uploads\/2014\/05\/calendrier.jpg 204w, https:\/\/www.ades-grenoble.org\/wordpress\/wp-content\/uploads\/2014\/05\/calendrier-150x150.jpg 150w\" sizes=\"auto, (max-width: 204px) 100vw, 204px\" \/><\/figure><\/div>\n\n\n\n<p><strong>Samedi 24 ao\u00fbt <\/strong>15 h Place F\u00e9lix Poulat, rassemblement pour d\u00e9noncer l&rsquo;initiative arbitraire et liberticide du pr\u00e9sident turc ERDOGAN qui a d\u00e9cid\u00e9 d&rsquo;annuler l&rsquo;\u00e9lection de 3 maires du HDP (parti d&rsquo;opposition) ! A l&rsquo;appel de l&rsquo;Association is\u00e9roise de solidarit\u00e9 avec les Kurdes.<\/p>\n\n\n<hr>\n\n\n<p><strong>Mercredi\n28 ao\u00fbt <\/strong>12 h 30<strong>,&nbsp; <\/strong>rassemblement devant le\nconseil d\u00e9partemental Is\u00e8re (rue Fantin Latour) pour emp\u00eacher la MISE A LA RUE\nde dizaines de jeunes majeurs isol\u00e9s actuellement suivis par l&rsquo;ADATE. A l&rsquo;appel\nde la CISEM, du DAL&#8230;<\/p>\n","protected":false},"excerpt":{"rendered":"<p>Samedi 24 ao\u00fbt 15 h Place F\u00e9lix Poulat, rassemblement pour d\u00e9noncer l&rsquo;initiative arbitraire et liberticide du pr\u00e9sident turc ERDOGAN qui a d\u00e9cid\u00e9 d&rsquo;annuler l&rsquo;\u00e9lection de 3 maires du HDP (parti d&rsquo;opposition) ! A l&rsquo;appel de l&rsquo;Association is\u00e9roise de solidarit\u00e9 avec les Kurdes. Mercredi 28 ao\u00fbt 12 h 30,&nbsp; rassemblement devant le conseil d\u00e9partemental Is\u00e8re (rue [&hellip;]<\/p>\n","protected":false},"author":1,"featured_media":0,"comment_status":"closed","ping_status":"open","sticky":false,"template":"","format":"standard","meta":{"twitterCardType":"","cardImageID":0,"cardImage":"","cardTitle":"","cardDesc":"","cardImageAlt":"","cardPlayer":"","cardPlayerWidth":0,"cardPlayerHeight":0,"cardPlayerStream":"","cardPlayerCodec":"","footnotes":""},"categories":[62,11],"tags":[125],"class_list":["post-16128","post","type-post","status-publish","format-standard","hentry","category-le-rouge-le-vert-hebdo","category-politique-locale","tag-agenda"],"_links":{"self":[{"href":"https:\/\/www.ades-grenoble.org\/wordpress\/wp-json\/wp\/v2\/posts\/16128","targetHints":{"allow":["GET"]}}],"collection":[{"href":"https:\/\/www.ades-grenoble.org\/wordpress\/wp-json\/wp\/v2\/posts"}],"about":[{"href":"https:\/\/www.ades-grenoble.org\/wordpress\/wp-json\/wp\/v2\/types\/post"}],"author":[{"embeddable":true,"href":"https:\/\/www.ades-grenoble.org\/wordpress\/wp-json\/wp\/v2\/users\/1"}],"replies":[{"embeddable":true,"href":"https:\/\/www.ades-grenoble.org\/wordpress\/wp-json\/wp\/v2\/comments?post=16128"}],"version-history":[{"count":2,"href":"https:\/\/www.ades-grenoble.org\/wordpress\/wp-json\/wp\/v2\/posts\/16128\/revisions"}],"predecessor-version":[{"id":16130,"href":"https:\/\/www.ades-grenoble.org\/wordpress\/wp-json\/wp\/v2\/posts\/16128\/revisions\/16130"}],"wp:attachment":[{"href":"https:\/\/www.ades-grenoble.org\/wordpress\/wp-json\/wp\/v2\/media?parent=16128"}],"wp:term":[{"taxonomy":"category","embeddable":true,"href":"https:\/\/www.ades-grenoble.org\/wordpress\/wp-json\/wp\/v2\/categories?post=16128"},{"taxonomy":"post_tag","embeddable":true,"href":"https:\/\/www.ades-grenoble.org\/wordpress\/wp-json\/wp\/v2\/tags?post=16128"}],"curies":[{"name":"wp","href":"https:\/\/api.w.org\/{rel}","templated":true}]}}