{"id":16159,"date":"2019-08-30T11:21:24","date_gmt":"2019-08-30T09:21:24","guid":{"rendered":"http:\/\/www.ades-grenoble.org\/wordpress\/?p=16159"},"modified":"2019-08-30T12:57:05","modified_gmt":"2019-08-30T10:57:05","slug":"precisions-concernant-les-consultations-et-referendum-locaux-suite","status":"publish","type":"post","link":"https:\/\/www.ades-grenoble.org\/wordpress\/2019\/08\/30\/precisions-concernant-les-consultations-et-referendum-locaux-suite\/","title":{"rendered":"Pr\u00e9cisions concernant les consultations et r\u00e9f\u00e9rendum locaux\u2026 (suite)"},"content":{"rendered":"<p><img loading=\"lazy\" decoding=\"async\" class=\"size-full wp-image-8627 alignleft\" src=\"http:\/\/www.ades-grenoble.org\/wordpress\/wp-content\/uploads\/2014\/05\/Urne.jpg\" alt=\"\" width=\"300\" height=\"200\" srcset=\"https:\/\/www.ades-grenoble.org\/wordpress\/wp-content\/uploads\/2014\/05\/Urne.jpg 300w, https:\/\/www.ades-grenoble.org\/wordpress\/wp-content\/uploads\/2014\/05\/Urne-150x100.jpg 150w\" sizes=\"auto, (max-width: 300px) 100vw, 300px\" \/><\/p>\n\n\n<p>Notre article de la semaine derni\u00e8re a suscit\u00e9 la r\u00e9action d\u2019un membre\ndu collectif contre les d\u00e9molitions \u00e0 la Villeneuve. Il y a eu effectivement un\nraccourci qui pouvait porter \u00e0 confusion, lorsque nous \u00e9crivions que le\ncollectif oppos\u00e9 aux d\u00e9molitions avait envoy\u00e9 une lettre au maire le 31\njuillet. Cette lettre publi\u00e9e le 7 ao\u00fbt par le collectif est sign\u00e9e de la Table\nde quartier&nbsp;et non du collectif. Mais il faut noter que la Table de\nquartier a accept\u00e9 sans vote cette lettre issue du travail d\u2019une commission de\nla Table de quartier. Cette commission a \u00e9t\u00e9 anim\u00e9e par des membres du\ncollectif qui avait propos\u00e9 d\u00e8s janvier 2019 \u00e0 la mairie d\u2019organiser un\nr\u00e9f\u00e9rendum local d\u2019initiative citoyenne (RIC). La mairie avait d\u00e9j\u00e0 r\u00e9pondu\nqu\u2019elle ne pouvait pas acc\u00e9der \u00e0 cette demande d\u2019organisation d\u2019un tel\nr\u00e9f\u00e9rendum, car la loi et la jurisprudence lui refusent cette possibilit\u00e9. Maintenant\nc\u2019est encore plus clair puisqu\u2019une telle action est strictement interdite dans\nles 6 mois pr\u00e9c\u00e9dant une \u00e9lection municipale (voir l\u2019article ci-dessus sur la\ncommunication de la ville en p\u00e9riode \u00e9lectorale).<\/p>\n\n\n<p><!--more--><\/p>\n\n\n<p>C\u2019est donc bien ce collectif qui demande depuis janvier 2019, \u00e0 la mairie,\nd\u2019organiser un r\u00e9f\u00e9rendum local contre la d\u00e9molition des logements sociaux\ngalerie de l\u2019Arlequin&nbsp;; la lettre du 31 juillet se contente de renouveler et\nd\u2019accompagner cette proposition de RIC. <\/p>\n\n\n\n<p>La mairie ayant d\u00e9j\u00e0 r\u00e9pondu n\u00e9gativement il y a quelques mois \u00e0 cette\ndemande, il n\u2019y a aucun doute sur la r\u00e9ponse qui sera faite aux demandes\ncontenues dans la lettre&nbsp;:<\/p>\n\n\n\n<figure class=\"wp-block-embed is-type-link is-provider-vivre-a-la-villeneuve\"><div class=\"wp-block-embed__wrapper\">\n<blockquote class=\"wp-embedded-content\" data-secret=\"LWNCAt2JdE\"><a href=\"https:\/\/vivrealavilleneuve.wordpress.com\/2019\/08\/07\/un-ric-pour-ou-contre-les-demolitions\/\">Un RIC pour ou contre les&nbsp;d\u00e9molitions<\/a><\/blockquote><iframe loading=\"lazy\" class=\"wp-embedded-content\" sandbox=\"allow-scripts\" security=\"restricted\" style=\"position: absolute; visibility: hidden;\" title=\"&laquo;&nbsp;Un RIC pour ou contre les&nbsp;d\u00e9molitions&nbsp;&raquo; &#8212; Vivre \u00e0 la Villeneuve\" src=\"https:\/\/vivrealavilleneuve.wordpress.com\/2019\/08\/07\/un-ric-pour-ou-contre-les-demolitions\/embed\/#?secret=TtHCALLhcr#?secret=LWNCAt2JdE\" data-secret=\"LWNCAt2JdE\" width=\"500\" height=\"282\" frameborder=\"0\" marginwidth=\"0\" marginheight=\"0\" scrolling=\"no\"><\/iframe>\n<\/div><\/figure>\n","protected":false},"excerpt":{"rendered":"<p>Notre article de la semaine derni\u00e8re a suscit\u00e9 la r\u00e9action d\u2019un membre du collectif contre les d\u00e9molitions \u00e0 la Villeneuve. Il y a eu effectivement un raccourci qui pouvait porter \u00e0 confusion, lorsque nous \u00e9crivions que le collectif oppos\u00e9 aux d\u00e9molitions avait envoy\u00e9 une lettre au maire le 31 juillet. Cette lettre publi\u00e9e le 7 [&hellip;]<\/p>\n","protected":false},"author":1,"featured_media":0,"comment_status":"closed","ping_status":"open","sticky":false,"template":"","format":"standard","meta":{"twitterCardType":"","cardImageID":0,"cardImage":"","cardTitle":"","cardDesc":"","cardImageAlt":"","cardPlayer":"","cardPlayerWidth":0,"cardPlayerHeight":0,"cardPlayerStream":"","cardPlayerCodec":"","footnotes":""},"categories":[62,11],"tags":[35,140,82],"class_list":["post-16159","post","type-post","status-publish","format-standard","hentry","category-le-rouge-le-vert-hebdo","category-politique-locale","tag-democratie-locale","tag-elections","tag-villeneuve"],"_links":{"self":[{"href":"https:\/\/www.ades-grenoble.org\/wordpress\/wp-json\/wp\/v2\/posts\/16159","targetHints":{"allow":["GET"]}}],"collection":[{"href":"https:\/\/www.ades-grenoble.org\/wordpress\/wp-json\/wp\/v2\/posts"}],"about":[{"href":"https:\/\/www.ades-grenoble.org\/wordpress\/wp-json\/wp\/v2\/types\/post"}],"author":[{"embeddable":true,"href":"https:\/\/www.ades-grenoble.org\/wordpress\/wp-json\/wp\/v2\/users\/1"}],"replies":[{"embeddable":true,"href":"https:\/\/www.ades-grenoble.org\/wordpress\/wp-json\/wp\/v2\/comments?post=16159"}],"version-history":[{"count":2,"href":"https:\/\/www.ades-grenoble.org\/wordpress\/wp-json\/wp\/v2\/posts\/16159\/revisions"}],"predecessor-version":[{"id":16162,"href":"https:\/\/www.ades-grenoble.org\/wordpress\/wp-json\/wp\/v2\/posts\/16159\/revisions\/16162"}],"wp:attachment":[{"href":"https:\/\/www.ades-grenoble.org\/wordpress\/wp-json\/wp\/v2\/media?parent=16159"}],"wp:term":[{"taxonomy":"category","embeddable":true,"href":"https:\/\/www.ades-grenoble.org\/wordpress\/wp-json\/wp\/v2\/categories?post=16159"},{"taxonomy":"post_tag","embeddable":true,"href":"https:\/\/www.ades-grenoble.org\/wordpress\/wp-json\/wp\/v2\/tags?post=16159"}],"curies":[{"name":"wp","href":"https:\/\/api.w.org\/{rel}","templated":true}]}}