{"id":16172,"date":"2019-08-30T12:56:14","date_gmt":"2019-08-30T10:56:14","guid":{"rendered":"http:\/\/www.ades-grenoble.org\/wordpress\/?p=16172"},"modified":"2019-08-30T16:32:12","modified_gmt":"2019-08-30T14:32:12","slug":"agenda-129","status":"publish","type":"post","link":"https:\/\/www.ades-grenoble.org\/wordpress\/2019\/08\/30\/agenda-129\/","title":{"rendered":"Agenda"},"content":{"rendered":"<p><img loading=\"lazy\" decoding=\"async\" class=\"size-full wp-image-16173 alignleft\" src=\"http:\/\/www.ades-grenoble.org\/wordpress\/wp-content\/uploads\/2019\/08\/festival-2019-Albenc.jpg\" alt=\"\" width=\"314\" height=\"400\" srcset=\"https:\/\/www.ades-grenoble.org\/wordpress\/wp-content\/uploads\/2019\/08\/festival-2019-Albenc.jpg 314w, https:\/\/www.ades-grenoble.org\/wordpress\/wp-content\/uploads\/2019\/08\/festival-2019-Albenc-118x150.jpg 118w, https:\/\/www.ades-grenoble.org\/wordpress\/wp-content\/uploads\/2019\/08\/festival-2019-Albenc-236x300.jpg 236w\" sizes=\"auto, (max-width: 314px) 100vw, 314px\" \/><\/p>\n\n\n<p><strong>Samedi 31 ao\u00fbt \u00e0 partir de 10 h et dimanche 1<\/strong><sup><strong>er<\/strong><\/sup><strong> septembre de 10 h \u00e0 19 h<\/strong>, a lieu le <strong><a href=\"http:\/\/www.enisere.asso.fr\/\" target=\"_blank\" rel=\"noreferrer noopener\" aria-label=\"23\u00e8me festival de l\u2019Albenc (s\u2019ouvre dans un nouvel onglet)\">23<\/a><\/strong><sup><strong><a href=\"http:\/\/www.enisere.asso.fr\/\" target=\"_blank\" rel=\"noreferrer noopener\" aria-label=\"23\u00e8me festival de l\u2019Albenc (s\u2019ouvre dans un nouvel onglet)\">\u00e8me<\/a><\/strong><\/sup><strong><a href=\"http:\/\/www.enisere.asso.fr\/\" target=\"_blank\" rel=\"noreferrer noopener\" aria-label=\"23\u00e8me festival de l\u2019Albenc (s\u2019ouvre dans un nouvel onglet)\"> festival de l\u2019Albenc<\/a><\/strong>. Comme chaque ann\u00e9e ce sont des dizaines de milliers de personnes qui y sont attendus avec plus de 200 exposants. Des concerts, ateliers, animations\u2026 Une conf\u00e9rence, samedi \u00e0 20h30, sera consacr\u00e9e aux trois questions vitales pour notre soci\u00e9t\u00e9 et les g\u00e9n\u00e9rations futures\u00a0: contamination g\u00e9n\u00e9ralis\u00e9e par les pesticides, \u00e9rosion drastique de la biodiversit\u00e9, r\u00e9chauffement climatique et incendies de la for\u00eat amazonienne (entr\u00e9e de 7 \u00e0 10 \u20ac \u00e0 partir de 20 h).<\/p>\n","protected":false},"excerpt":{"rendered":"<p>Samedi 31 ao\u00fbt \u00e0 partir de 10 h et dimanche 1er septembre de 10 h \u00e0 19 h, a lieu le 23\u00e8me festival de l\u2019Albenc. Comme chaque ann\u00e9e ce sont des dizaines de milliers de personnes qui y sont attendus avec plus de 200 exposants. Des concerts, ateliers, animations\u2026 Une conf\u00e9rence, samedi \u00e0 20h30, sera [&hellip;]<\/p>\n","protected":false},"author":1,"featured_media":0,"comment_status":"closed","ping_status":"open","sticky":false,"template":"","format":"standard","meta":{"twitterCardType":"","cardImageID":0,"cardImage":"","cardTitle":"","cardDesc":"","cardImageAlt":"","cardPlayer":"","cardPlayerWidth":0,"cardPlayerHeight":0,"cardPlayerStream":"","cardPlayerCodec":"","footnotes":""},"categories":[62,11],"tags":[125],"class_list":["post-16172","post","type-post","status-publish","format-standard","hentry","category-le-rouge-le-vert-hebdo","category-politique-locale","tag-agenda"],"_links":{"self":[{"href":"https:\/\/www.ades-grenoble.org\/wordpress\/wp-json\/wp\/v2\/posts\/16172","targetHints":{"allow":["GET"]}}],"collection":[{"href":"https:\/\/www.ades-grenoble.org\/wordpress\/wp-json\/wp\/v2\/posts"}],"about":[{"href":"https:\/\/www.ades-grenoble.org\/wordpress\/wp-json\/wp\/v2\/types\/post"}],"author":[{"embeddable":true,"href":"https:\/\/www.ades-grenoble.org\/wordpress\/wp-json\/wp\/v2\/users\/1"}],"replies":[{"embeddable":true,"href":"https:\/\/www.ades-grenoble.org\/wordpress\/wp-json\/wp\/v2\/comments?post=16172"}],"version-history":[{"count":1,"href":"https:\/\/www.ades-grenoble.org\/wordpress\/wp-json\/wp\/v2\/posts\/16172\/revisions"}],"predecessor-version":[{"id":16174,"href":"https:\/\/www.ades-grenoble.org\/wordpress\/wp-json\/wp\/v2\/posts\/16172\/revisions\/16174"}],"wp:attachment":[{"href":"https:\/\/www.ades-grenoble.org\/wordpress\/wp-json\/wp\/v2\/media?parent=16172"}],"wp:term":[{"taxonomy":"category","embeddable":true,"href":"https:\/\/www.ades-grenoble.org\/wordpress\/wp-json\/wp\/v2\/categories?post=16172"},{"taxonomy":"post_tag","embeddable":true,"href":"https:\/\/www.ades-grenoble.org\/wordpress\/wp-json\/wp\/v2\/tags?post=16172"}],"curies":[{"name":"wp","href":"https:\/\/api.w.org\/{rel}","templated":true}]}}