{"id":16207,"date":"2019-09-13T12:22:08","date_gmt":"2019-09-13T10:22:08","guid":{"rendered":"http:\/\/www.ades-grenoble.org\/wordpress\/?p=16207"},"modified":"2019-09-13T13:47:50","modified_gmt":"2019-09-13T11:47:50","slug":"ou-on-reparle-du-projet-neyrpic-a-saint-martin-dheres","status":"publish","type":"post","link":"https:\/\/www.ades-grenoble.org\/wordpress\/2019\/09\/13\/ou-on-reparle-du-projet-neyrpic-a-saint-martin-dheres\/","title":{"rendered":"O\u00f9 on reparle du projet Neyrpic \u00e0 Saint Martin d\u2019H\u00e8res\u2026"},"content":{"rendered":"\n<div class=\"wp-block-image\"><figure class=\"alignleft\"><img loading=\"lazy\" decoding=\"async\" width=\"400\" height=\"262\" src=\"http:\/\/www.ades-grenoble.org\/wordpress\/wp-content\/uploads\/2016\/12\/neyrpic.jpg\" alt=\"\" class=\"wp-image-12373\" srcset=\"https:\/\/www.ades-grenoble.org\/wordpress\/wp-content\/uploads\/2016\/12\/neyrpic.jpg 400w, https:\/\/www.ades-grenoble.org\/wordpress\/wp-content\/uploads\/2016\/12\/neyrpic-150x98.jpg 150w, https:\/\/www.ades-grenoble.org\/wordpress\/wp-content\/uploads\/2016\/12\/neyrpic-300x197.jpg 300w\" sizes=\"auto, (max-width: 400px) 100vw, 400px\" \/><\/figure><\/div>\n\n\n\n<p>Alors que le maire de Saint Martin d\u2019H\u00e8res avait promis que les travaux\nallaient commencer en juin 2019 pour la r\u00e9alisation du projet Neyrpic, il\nsemble que rien ne va se passer avant les \u00e9lections municipales de mars 2020.\nEn effet le promoteur de ce projet a indiqu\u00e9 dans le Dauphin\u00e9 Lib\u00e9r\u00e9 du 6\nseptembre que le projet se fera mais il ne sait pas quand, il pense que les\nrecours en premi\u00e8re instance contre le nouveau projet pourraient \u00eatre jug\u00e9s au\ncours de l\u2019exercice 2020.<\/p>\n\n\n\n<p>Il a rappel\u00e9 qu\u2019il disposait enfin d\u2019un premier permis de construire\npurg\u00e9 de tout recours. Il pense que comme la Cour administrative d\u2019appel de\nLyon a valid\u00e9 le premier permis elle devrait logiquement valider le deuxi\u00e8me.\nIl ne semble pas tr\u00e8s au courant du fonctionnement de la justice\nadministrative, cette derni\u00e8re oubliera compl\u00e8tement le premier permis quand\nelle se prononcera sur le deuxi\u00e8me.<\/p>\n\n\n\n<p>Il explique que s\u2019il n\u2019a pas le deuxi\u00e8me permis, il r\u00e9alisera le\npremier, mais il n\u2019est pas tr\u00e8s cr\u00e9dible en d\u00e9clarant cela car il\nrajoute&nbsp;\u00e0 propos de la r\u00e9alisation du 1<sup>er<\/sup> permis&nbsp;: <em>\u00ab&nbsp;on\nregretterait car nous consid\u00e9rons qu\u2019il est moins bon que le second et que ce\nn\u2019est pas souhaitable pour nous, pour les Martin\u00e9rois, pour les 40&nbsp;000\n\u00e9tudiants, les 15&nbsp;000 actifs autour du site et plus globalement pour la\nM\u00e9tropole grenobloise\u2026&nbsp;\u00bb. <\/em>A partir du moment o\u00f9 ce ne serait pas\nsouhaitable pour tant de monde, on peut douter que ce premier projet voit le\njour. De plus il explique \u00ab&nbsp;<em>nous faisons du sur-mesure, nous ne sommes\npas des industriels qui dupliquent le m\u00eame produit \u00e0 chaque fois<\/em>&nbsp;\u00bb. <\/p>\n\n\n<p><!--more--><\/p>\n\n\n<p>Mais il y a une SEM (Territoires 38) qui s\u2019inqui\u00e8te de l\u2019\u00e9volution de ce\ndossier car c\u2019est elle qui porte financi\u00e8rement le terrain, cela lui co\u00fbte cher\net elle aimerait bien s\u2019en d\u00e9barrasser. A partir du moment o\u00f9 le premier permis\nest purg\u00e9 de tout recours elle pourrait demander \u00e0 ce qu\u2019il se r\u00e9alise, ou que\nle promoteur ach\u00e8te r\u00e9ellement le terrain. Comme il ne le fait pas cela\nd\u00e9montre qu\u2019il n\u2019entend pas r\u00e9aliser ce premier projet. Donc ce premier permis risque de\ndisparaitre de sa belle mort.<\/p>\n\n\n\n<p>Rappelons\nqu\u2019il y a trois recours qui mettent en cause le projet actuel&nbsp;: contre le\npermis de construire, le protocole d\u2019accord sur la limitation des enseignes\ncommerciales et la cession d\u2019un terrain du domaine public de la M\u00e9tro \u00e0 la SEM\nTerritoires 38.\n\nCe sera \u00e0 la prochaine \u00e9quipe municipale de r\u00e9gler\nenfin cette question en reprenant compl\u00e8tement le dossier en relation avec la\nM\u00e9tropole pour \u00e9viter un d\u00e9veloppement anarchique des implantations\ncommerciales. Il y a tellement de belles choses \u00e0 faire sur cet emplacement qui\nsoient conformes aux transitions \u00e9nerg\u00e9tique et \u00e9cologique n\u00e9cessaires pour\ndessiner un avenir vivable pour toutes et tous dans la cuvette grenobloise.\n\n\n\n<\/p>\n","protected":false},"excerpt":{"rendered":"<p>Alors que le maire de Saint Martin d\u2019H\u00e8res avait promis que les travaux allaient commencer en juin 2019 pour la r\u00e9alisation du projet Neyrpic, il semble que rien ne va se passer avant les \u00e9lections municipales de mars 2020. En effet le promoteur de ce projet a indiqu\u00e9 dans le Dauphin\u00e9 Lib\u00e9r\u00e9 du 6 septembre [&hellip;]<\/p>\n","protected":false},"author":1,"featured_media":0,"comment_status":"closed","ping_status":"open","sticky":false,"template":"","format":"standard","meta":{"twitterCardType":"","cardImageID":0,"cardImage":"","cardTitle":"","cardDesc":"","cardImageAlt":"","cardPlayer":"","cardPlayerWidth":0,"cardPlayerHeight":0,"cardPlayerStream":"","cardPlayerCodec":"","footnotes":""},"categories":[62,11],"tags":[202,52,65],"class_list":["post-16207","post","type-post","status-publish","format-standard","hentry","category-le-rouge-le-vert-hebdo","category-politique-locale","tag-commerce","tag-justice-administrative","tag-urbanisme"],"_links":{"self":[{"href":"https:\/\/www.ades-grenoble.org\/wordpress\/wp-json\/wp\/v2\/posts\/16207","targetHints":{"allow":["GET"]}}],"collection":[{"href":"https:\/\/www.ades-grenoble.org\/wordpress\/wp-json\/wp\/v2\/posts"}],"about":[{"href":"https:\/\/www.ades-grenoble.org\/wordpress\/wp-json\/wp\/v2\/types\/post"}],"author":[{"embeddable":true,"href":"https:\/\/www.ades-grenoble.org\/wordpress\/wp-json\/wp\/v2\/users\/1"}],"replies":[{"embeddable":true,"href":"https:\/\/www.ades-grenoble.org\/wordpress\/wp-json\/wp\/v2\/comments?post=16207"}],"version-history":[{"count":1,"href":"https:\/\/www.ades-grenoble.org\/wordpress\/wp-json\/wp\/v2\/posts\/16207\/revisions"}],"predecessor-version":[{"id":16208,"href":"https:\/\/www.ades-grenoble.org\/wordpress\/wp-json\/wp\/v2\/posts\/16207\/revisions\/16208"}],"wp:attachment":[{"href":"https:\/\/www.ades-grenoble.org\/wordpress\/wp-json\/wp\/v2\/media?parent=16207"}],"wp:term":[{"taxonomy":"category","embeddable":true,"href":"https:\/\/www.ades-grenoble.org\/wordpress\/wp-json\/wp\/v2\/categories?post=16207"},{"taxonomy":"post_tag","embeddable":true,"href":"https:\/\/www.ades-grenoble.org\/wordpress\/wp-json\/wp\/v2\/tags?post=16207"}],"curies":[{"name":"wp","href":"https:\/\/api.w.org\/{rel}","templated":true}]}}