{"id":16280,"date":"2019-09-27T14:09:28","date_gmt":"2019-09-27T12:09:28","guid":{"rendered":"http:\/\/www.ades-grenoble.org\/wordpress\/?p=16280"},"modified":"2019-09-27T17:31:05","modified_gmt":"2019-09-27T15:31:05","slug":"agenda-133","status":"publish","type":"post","link":"https:\/\/www.ades-grenoble.org\/wordpress\/2019\/09\/27\/agenda-133\/","title":{"rendered":"Agenda"},"content":{"rendered":"\n<div class=\"wp-block-image\"><figure class=\"alignleft\"><img loading=\"lazy\" decoding=\"async\" width=\"350\" height=\"265\" src=\"http:\/\/www.ades-grenoble.org\/wordpress\/wp-content\/uploads\/2019\/09\/Piketty.jpg\" alt=\"\" class=\"wp-image-16282\" srcset=\"https:\/\/www.ades-grenoble.org\/wordpress\/wp-content\/uploads\/2019\/09\/Piketty.jpg 350w, https:\/\/www.ades-grenoble.org\/wordpress\/wp-content\/uploads\/2019\/09\/Piketty-150x114.jpg 150w, https:\/\/www.ades-grenoble.org\/wordpress\/wp-content\/uploads\/2019\/09\/Piketty-300x227.jpg 300w\" sizes=\"auto, (max-width: 350px) 100vw, 350px\" \/><\/figure><\/div>\n\n\n\n<p><strong>Mercredi 2 octobre 19 h 30<\/strong> \u00e0 l\u2019amphi Weil sur le Campus&nbsp;: conf\u00e9rence de Thomas Piketty \u00e0 propos de son livre&nbsp;: <strong>\u00ab&nbsp;Capital et id\u00e9ologie&nbsp;\u00bb<\/strong><\/p>\n\n\n<hr>\n\n\n<p><strong>Mercredi 2 octobre, deux manifestations de soutien aux migrants \u00e0 Grenoble : <\/strong>\u00e0 <strong>12 h 30<\/strong> : Rassemblement Place Ste Claire suivi d&rsquo;une Marche jusqu&rsquo;au Conseil d\u00e9partement via la Place de Verdun pour exiger le relogement et le droit \u00e0 la scolarit\u00e9 et \u00e0 la formation de tr\u00e8s nombreux jeunes majeurs migrants isol\u00e9s exclus scandaleusement et injustement de ces droits fondamentaux. A l&rsquo;appel notamment de la CISEM, de MIGRANTS Is\u00e8re, de la CIMADE, du DAL, du Front contre les expulsions et de bien d&rsquo;autres associations et organisations;  \u00e0 partir de <strong>13 h 45<\/strong> devant le Palais de Justice : rassemblement solidaire avec deux militants solidaires de Brian\u00e7on inculp\u00e9s pour avoir apport\u00e9 assistance \u00e0 des migrants provenant via les Alpes d&rsquo;Italie. <\/p>\n\n\n<hr>\n\n\n<p><strong>Budget participatif 2019<\/strong> <strong><em>\u00ab\u00a0c\u2019est vous qui d\u00e9cidez\u00a0!<\/em><\/strong> \u00bb Le vote se termine le <strong>5 octobre 2019. <\/strong>Il faut choisir 5 projets parmi les 21 qui ont \u00e9t\u00e9 s\u00e9lectionn\u00e9s, le vote se fait soit par internet soit dans les Maisons des Habitants. Pour connaitre les 21 projets mis au vote et les modalit\u00e9s du vote voir <a href=\"https:\/\/www.grenoble.fr\/1341-decouvrez-le-budget-participatif-5eme-edition.htm\" target=\"_blank\" rel=\"noreferrer noopener\" aria-label=\"ici (s\u2019ouvre dans un nouvel onglet)\">ici<\/a>. <a href=\"https:\/\/www.grenoble.fr\/1341-decouvrez-le-budget-participatif-5eme-edition.htm\"><\/a><\/p>\n\n\n<hr>\n\n\n<p><strong>Mardi 15 octobre \u00e0 20 heures<\/strong>&nbsp;au&nbsp;cin\u00e9ma Le M\u00e9li\u00e8s (28 All\u00e9e Henri Frenay, 38000 Grenoble), projection du film&nbsp;:<strong><em>\u00a0\u00bb&nbsp;Ici on noie les alg\u00e9riens -17 octobre 1961&Prime;<\/em><\/strong>par la r\u00e9alisatrice Yasmina ADI. Suivi d\u2019un d\u00e9bat avec l\u2019historien Gilles Manceron. Soir\u00e9e organis\u00e9e par l\u2019association ATLLAS.<\/p>\n","protected":false},"excerpt":{"rendered":"<p>Mercredi 2 octobre 19 h 30 \u00e0 l\u2019amphi Weil sur le Campus&nbsp;: conf\u00e9rence de Thomas Piketty \u00e0 propos de son livre&nbsp;: \u00ab&nbsp;Capital et id\u00e9ologie&nbsp;\u00bb Mercredi 2 octobre, deux manifestations de soutien aux migrants \u00e0 Grenoble : \u00e0 12 h 30 : Rassemblement Place Ste Claire suivi d&rsquo;une Marche jusqu&rsquo;au Conseil d\u00e9partement via la Place de [&hellip;]<\/p>\n","protected":false},"author":1,"featured_media":0,"comment_status":"closed","ping_status":"open","sticky":false,"template":"","format":"standard","meta":{"twitterCardType":"","cardImageID":0,"cardImage":"","cardTitle":"","cardDesc":"","cardImageAlt":"","cardPlayer":"","cardPlayerWidth":0,"cardPlayerHeight":0,"cardPlayerStream":"","cardPlayerCodec":"","footnotes":""},"categories":[62,11],"tags":[125],"class_list":["post-16280","post","type-post","status-publish","format-standard","hentry","category-le-rouge-le-vert-hebdo","category-politique-locale","tag-agenda"],"_links":{"self":[{"href":"https:\/\/www.ades-grenoble.org\/wordpress\/wp-json\/wp\/v2\/posts\/16280","targetHints":{"allow":["GET"]}}],"collection":[{"href":"https:\/\/www.ades-grenoble.org\/wordpress\/wp-json\/wp\/v2\/posts"}],"about":[{"href":"https:\/\/www.ades-grenoble.org\/wordpress\/wp-json\/wp\/v2\/types\/post"}],"author":[{"embeddable":true,"href":"https:\/\/www.ades-grenoble.org\/wordpress\/wp-json\/wp\/v2\/users\/1"}],"replies":[{"embeddable":true,"href":"https:\/\/www.ades-grenoble.org\/wordpress\/wp-json\/wp\/v2\/comments?post=16280"}],"version-history":[{"count":3,"href":"https:\/\/www.ades-grenoble.org\/wordpress\/wp-json\/wp\/v2\/posts\/16280\/revisions"}],"predecessor-version":[{"id":16284,"href":"https:\/\/www.ades-grenoble.org\/wordpress\/wp-json\/wp\/v2\/posts\/16280\/revisions\/16284"}],"wp:attachment":[{"href":"https:\/\/www.ades-grenoble.org\/wordpress\/wp-json\/wp\/v2\/media?parent=16280"}],"wp:term":[{"taxonomy":"category","embeddable":true,"href":"https:\/\/www.ades-grenoble.org\/wordpress\/wp-json\/wp\/v2\/categories?post=16280"},{"taxonomy":"post_tag","embeddable":true,"href":"https:\/\/www.ades-grenoble.org\/wordpress\/wp-json\/wp\/v2\/tags?post=16280"}],"curies":[{"name":"wp","href":"https:\/\/api.w.org\/{rel}","templated":true}]}}