{"id":16291,"date":"2019-10-04T13:57:39","date_gmt":"2019-10-04T11:57:39","guid":{"rendered":"http:\/\/www.ades-grenoble.org\/wordpress\/?p=16291"},"modified":"2019-10-04T14:35:52","modified_gmt":"2019-10-04T12:35:52","slug":"la-ville-de-grenoble-fait-partie-des-meilleures-collectivites-sur-instagram","status":"publish","type":"post","link":"https:\/\/www.ades-grenoble.org\/wordpress\/2019\/10\/04\/la-ville-de-grenoble-fait-partie-des-meilleures-collectivites-sur-instagram\/","title":{"rendered":"La ville de Grenoble fait partie des meilleures collectivit\u00e9s sur Instagram"},"content":{"rendered":"\n<div class=\"wp-block-image\"><figure class=\"alignleft\"><img loading=\"lazy\" decoding=\"async\" width=\"302\" height=\"302\" src=\"http:\/\/www.ades-grenoble.org\/wordpress\/wp-content\/uploads\/2019\/10\/instagram.jpg\" alt=\"\" class=\"wp-image-16292\" srcset=\"https:\/\/www.ades-grenoble.org\/wordpress\/wp-content\/uploads\/2019\/10\/instagram.jpg 302w, https:\/\/www.ades-grenoble.org\/wordpress\/wp-content\/uploads\/2019\/10\/instagram-150x150.jpg 150w, https:\/\/www.ades-grenoble.org\/wordpress\/wp-content\/uploads\/2019\/10\/instagram-300x300.jpg 300w, https:\/\/www.ades-grenoble.org\/wordpress\/wp-content\/uploads\/2019\/10\/instagram-144x144.jpg 144w\" sizes=\"auto, (max-width: 302px) 100vw, 302px\" \/><\/figure><\/div>\n\n\n\n<p>Le 26 septembre, l&rsquo;Observatoire <em>socialmedia\n<\/em>des Territoires et l\u2019association Cap\u2019Com ont distribu\u00e9s les \u00ab&nbsp;Hashtags\n2019&nbsp;\u00bb des collectivit\u00e9s sur Instagram. Parmi les grandes villes, Grenoble\nse comporte tr\u00e8s bien sur les r\u00e9seaux sociaux.<\/p>\n\n\n\n<p><a>L&rsquo;Observatoire <\/a>a d\u00e9velopp\u00e9 le\npremier logiciel d\u2019analyse <em>socialmedia<\/em> des collectivit\u00e9s locales suivant\nune m\u00e9thodologie \u00e9labor\u00e9e par les territoires. L\u2019association Cap\u2019Com met en\nr\u00e9seau les professionnels, les \u00e9lus, les \u00e9tudiants et tous ceux qui\ns\u2019int\u00e9ressent \u00e0 la communication des collectivit\u00e9s locales, des administrations\net des organismes publics.<\/p>\n\n\n\n<p>70 collectivit\u00e9s ont \u00e9t\u00e9 nomin\u00e9es dans\nhuit cat\u00e9gories : villes petites, moyennes et grandes, communaut\u00e9s de communes,\ncommunaut\u00e9s d&rsquo;agglom\u00e9ration et urbaines, m\u00e9tropoles, d\u00e9partements et r\u00e9gions<\/p>\n\n\n<p><!--more--><\/p>\n\n\n<p>Ce classement provient du calcul d\u2019un taux\nde performance prenant en compte un grand nombre de param\u00e8tres. L\u2019algorithme de\nl\u2019Observatoire socialmedia regroupe 5 indicateurs par importance d\u00e9croissante&nbsp;:\nle taux d&rsquo;engagement mesure la vitalit\u00e9 du dialogue avec la communaut\u00e9 en divisant,\nsur une journ\u00e9e, le nombre d&rsquo;interactions avec les utilisateurs (like,\ncommentaires) par le nombre de Followers. Puis l&rsquo;audience pond\u00e9r\u00e9e par rapport\n\u00e0 la taille du territoire (nombre d&rsquo;abonn\u00e9s ramen\u00e9 au nombre d&rsquo;habitants). Le\nnombre moyen de publications par jour sur la p\u00e9riode observ\u00e9e (30 jours). Le\nnombre de personnes abonn\u00e9es au compte Instagram de la collectivit\u00e9. Enfin le\nratio abonn\u00e9s\/abonnements. <\/p>\n\n\n\n<p>La liste des nomin\u00e9s sur le blog de\nl&rsquo;Observatoire socialmedia des territoires<\/p>\n\n\n\n<figure class=\"wp-block-embed-wordpress wp-block-embed is-type-wp-embed is-provider-blog-myobservatoire\"><div class=\"wp-block-embed__wrapper\">\nhttps:\/\/myobservatoire.com\/blog\/2019\/09\/hashtags-or-2019-instagram-nomines-trophees-capcom\/\n<\/div><\/figure>\n\n\n\n<p>Et l\u2019\u00e9tat des lieux des collectivit\u00e9s par rapport au web et aux r\u00e9seaux sociaux est \u00e0 lire <a href=\"http:\/\/www.cap-com.org\/actualit\u00e9s\/collectivites-locales-web-et-reseaux-sociaux-etat-des-lieux\" target=\"_blank\" rel=\"noreferrer noopener\" aria-label=\"ici (s\u2019ouvre dans un nouvel onglet)\">ici<\/a>.<\/p>\n","protected":false},"excerpt":{"rendered":"<p>Le 26 septembre, l&rsquo;Observatoire socialmedia des Territoires et l\u2019association Cap\u2019Com ont distribu\u00e9s les \u00ab&nbsp;Hashtags 2019&nbsp;\u00bb des collectivit\u00e9s sur Instagram. Parmi les grandes villes, Grenoble se comporte tr\u00e8s bien sur les r\u00e9seaux sociaux. L&rsquo;Observatoire a d\u00e9velopp\u00e9 le premier logiciel d\u2019analyse socialmedia des collectivit\u00e9s locales suivant une m\u00e9thodologie \u00e9labor\u00e9e par les territoires. L\u2019association Cap\u2019Com met en r\u00e9seau [&hellip;]<\/p>\n","protected":false},"author":1,"featured_media":0,"comment_status":"closed","ping_status":"open","sticky":false,"template":"","format":"standard","meta":{"twitterCardType":"","cardImageID":0,"cardImage":"","cardTitle":"","cardDesc":"","cardImageAlt":"","cardPlayer":"","cardPlayerWidth":0,"cardPlayerHeight":0,"cardPlayerStream":"","cardPlayerCodec":"","footnotes":""},"categories":[62,11],"tags":[215,33,305],"class_list":["post-16291","post","type-post","status-publish","format-standard","hentry","category-le-rouge-le-vert-hebdo","category-politique-locale","tag-grenoble","tag-social","tag-technos"],"_links":{"self":[{"href":"https:\/\/www.ades-grenoble.org\/wordpress\/wp-json\/wp\/v2\/posts\/16291","targetHints":{"allow":["GET"]}}],"collection":[{"href":"https:\/\/www.ades-grenoble.org\/wordpress\/wp-json\/wp\/v2\/posts"}],"about":[{"href":"https:\/\/www.ades-grenoble.org\/wordpress\/wp-json\/wp\/v2\/types\/post"}],"author":[{"embeddable":true,"href":"https:\/\/www.ades-grenoble.org\/wordpress\/wp-json\/wp\/v2\/users\/1"}],"replies":[{"embeddable":true,"href":"https:\/\/www.ades-grenoble.org\/wordpress\/wp-json\/wp\/v2\/comments?post=16291"}],"version-history":[{"count":1,"href":"https:\/\/www.ades-grenoble.org\/wordpress\/wp-json\/wp\/v2\/posts\/16291\/revisions"}],"predecessor-version":[{"id":16293,"href":"https:\/\/www.ades-grenoble.org\/wordpress\/wp-json\/wp\/v2\/posts\/16291\/revisions\/16293"}],"wp:attachment":[{"href":"https:\/\/www.ades-grenoble.org\/wordpress\/wp-json\/wp\/v2\/media?parent=16291"}],"wp:term":[{"taxonomy":"category","embeddable":true,"href":"https:\/\/www.ades-grenoble.org\/wordpress\/wp-json\/wp\/v2\/categories?post=16291"},{"taxonomy":"post_tag","embeddable":true,"href":"https:\/\/www.ades-grenoble.org\/wordpress\/wp-json\/wp\/v2\/tags?post=16291"}],"curies":[{"name":"wp","href":"https:\/\/api.w.org\/{rel}","templated":true}]}}