{"id":16335,"date":"2019-10-11T15:40:00","date_gmt":"2019-10-11T13:40:00","guid":{"rendered":"http:\/\/www.ades-grenoble.org\/wordpress\/?p=16335"},"modified":"2019-10-11T15:56:59","modified_gmt":"2019-10-11T13:56:59","slug":"budget-participatif-2019","status":"publish","type":"post","link":"https:\/\/www.ades-grenoble.org\/wordpress\/2019\/10\/11\/budget-participatif-2019\/","title":{"rendered":"Budget participatif 2019"},"content":{"rendered":"\n<div class=\"wp-block-image\"><figure class=\"alignleft\"><img loading=\"lazy\" decoding=\"async\" width=\"300\" height=\"201\" src=\"http:\/\/www.ades-grenoble.org\/wordpress\/wp-content\/uploads\/2019\/10\/Vote-budget-participatif.jpg\" alt=\"\" class=\"wp-image-16336\" srcset=\"https:\/\/www.ades-grenoble.org\/wordpress\/wp-content\/uploads\/2019\/10\/Vote-budget-participatif.jpg 300w, https:\/\/www.ades-grenoble.org\/wordpress\/wp-content\/uploads\/2019\/10\/Vote-budget-participatif-150x101.jpg 150w\" sizes=\"auto, (max-width: 300px) 100vw, 300px\" \/><\/figure><\/div>\n\n\n\n<p>Le samedi 5 octobre au soir, les r\u00e9sultats du vote sur le budget participatif 2019 ont \u00e9t\u00e9 d\u00e9voil\u00e9s \u00e0 la mairie. 21 projets \u00e9taient soumis aux votes des grenoblois de plus de 16 ans. Le premier succ\u00e8s c\u2019est l\u2019importance de la participation qui a battu tous les records puisque 6463 votants ont d\u00e9pos\u00e9 un bulletin dans les urnes ou sur internet, soit 900 de plus que l\u2019an pass\u00e9. 9 projets ont \u00e9t\u00e9 s\u00e9lectionn\u00e9s pour arriver \u00e0 la somme allou\u00e9e chaque ann\u00e9e soit 800 000 \u20ac.<\/p>\n\n\n\n<p>Il faut noter une caract\u00e9ristique\nparticuli\u00e8re \u00e0 cette session, quasiment tous les projets choisis (sauf un)\nn\u2019\u00e9taient pas des projets destin\u00e9s \u00e0 s\u2019implanter dans un quartier particulier\nmais au contraire pouvant s\u2019implanter dans toute la ville.<\/p>\n\n\n\n<p>Les projets laur\u00e9ats sont plut\u00f4t\norient\u00e9s vers la solidarit\u00e9 (4), la nature en ville (2), puis les mobilit\u00e9s,\nles loisirs d\u00e9tente et l\u2019enfance jeunesse.<\/p>\n\n\n<p><!--more--><\/p>\n\n\n<p>Voici la liste des laur\u00e9ats : \u00ab\u00a0Cuisine\ndu c\u0153ur\u00a0\u00bb (2345 votes), \u00ab\u00a0Les frigos solidaires\u00a0\u00bb (2133 votes),\n\u00ab\u00a0Les stationnements v\u00e9los qui prot\u00e8gent les pi\u00e9tons\u00a0\u00bb (2047 votes),\n\u00ab\u00a0La toiture v\u00e9g\u00e9talis\u00e9e p\u00e9dagogique et biodiverse\u00a0\u00bb (1915), \u00ab\u00a0Le\nparc Paul Mistral au sommet\u00a0\u00bb (1874), \u00ab\u00a0Des d\u00e9fibrillateurs cardiaques\nen acc\u00e8s libre\u00a0\u00bb (1864 votes) et \u00ab\u00a0Un jardin sans fronti\u00e8res\u00a0\u00bb\n(1701 votes).\n\nDeux projets ont aussi \u00e9t\u00e9\nrep\u00each\u00e9s : \u00ab\u00a0Les cendriers ludiques\u00a0\u00bb et \u00ab\u00a0La caravane \u00e0\nlivres\u00a0\u00bb pour compl\u00e9ter \u00e0 800&nbsp;000 \u20ac l\u2019investissement estim\u00e9 pour ces 9\nprojets.\n\n\n\n<\/p>\n","protected":false},"excerpt":{"rendered":"<p>Le samedi 5 octobre au soir, les r\u00e9sultats du vote sur le budget participatif 2019 ont \u00e9t\u00e9 d\u00e9voil\u00e9s \u00e0 la mairie. 21 projets \u00e9taient soumis aux votes des grenoblois de plus de 16 ans. Le premier succ\u00e8s c\u2019est l\u2019importance de la participation qui a battu tous les records puisque 6463 votants ont d\u00e9pos\u00e9 un bulletin [&hellip;]<\/p>\n","protected":false},"author":1,"featured_media":0,"comment_status":"closed","ping_status":"open","sticky":false,"template":"","format":"standard","meta":{"twitterCardType":"","cardImageID":0,"cardImage":"","cardTitle":"","cardDesc":"","cardImageAlt":"","cardPlayer":"","cardPlayerWidth":0,"cardPlayerHeight":0,"cardPlayerStream":"","cardPlayerCodec":"","footnotes":""},"categories":[62,11],"tags":[47,35,215],"class_list":["post-16335","post","type-post","status-publish","format-standard","hentry","category-le-rouge-le-vert-hebdo","category-politique-locale","tag-budget-alternatif","tag-democratie-locale","tag-grenoble"],"_links":{"self":[{"href":"https:\/\/www.ades-grenoble.org\/wordpress\/wp-json\/wp\/v2\/posts\/16335","targetHints":{"allow":["GET"]}}],"collection":[{"href":"https:\/\/www.ades-grenoble.org\/wordpress\/wp-json\/wp\/v2\/posts"}],"about":[{"href":"https:\/\/www.ades-grenoble.org\/wordpress\/wp-json\/wp\/v2\/types\/post"}],"author":[{"embeddable":true,"href":"https:\/\/www.ades-grenoble.org\/wordpress\/wp-json\/wp\/v2\/users\/1"}],"replies":[{"embeddable":true,"href":"https:\/\/www.ades-grenoble.org\/wordpress\/wp-json\/wp\/v2\/comments?post=16335"}],"version-history":[{"count":2,"href":"https:\/\/www.ades-grenoble.org\/wordpress\/wp-json\/wp\/v2\/posts\/16335\/revisions"}],"predecessor-version":[{"id":16344,"href":"https:\/\/www.ades-grenoble.org\/wordpress\/wp-json\/wp\/v2\/posts\/16335\/revisions\/16344"}],"wp:attachment":[{"href":"https:\/\/www.ades-grenoble.org\/wordpress\/wp-json\/wp\/v2\/media?parent=16335"}],"wp:term":[{"taxonomy":"category","embeddable":true,"href":"https:\/\/www.ades-grenoble.org\/wordpress\/wp-json\/wp\/v2\/categories?post=16335"},{"taxonomy":"post_tag","embeddable":true,"href":"https:\/\/www.ades-grenoble.org\/wordpress\/wp-json\/wp\/v2\/tags?post=16335"}],"curies":[{"name":"wp","href":"https:\/\/api.w.org\/{rel}","templated":true}]}}