{"id":1635,"date":"2010-05-05T21:46:31","date_gmt":"2010-05-05T19:46:31","guid":{"rendered":"http:\/\/www.ades-grenoble.org\/wordpress\/?p=1635"},"modified":"2010-06-10T20:38:10","modified_gmt":"2010-06-10T18:38:10","slug":"clinatec","status":"publish","type":"post","link":"https:\/\/www.ades-grenoble.org\/wordpress\/2010\/05\/05\/clinatec\/","title":{"rendered":"Clinatec"},"content":{"rendered":"<p><img loading=\"lazy\" decoding=\"async\" class=\"alignleft size-full wp-image-1638\" style=\"margin-left: 5px; margin-right: 5px;\" title=\"clinatec\" src=\"http:\/\/www.ades-grenoble.org\/wordpress\/wp-content\/uploads\/2010\/05\/clinatec.jpg\" alt=\"Vue d'artiste du futur Clinatec\" width=\"222\" height=\"110\" srcset=\"https:\/\/www.ades-grenoble.org\/wordpress\/wp-content\/uploads\/2010\/05\/clinatec.jpg 222w, https:\/\/www.ades-grenoble.org\/wordpress\/wp-content\/uploads\/2010\/05\/clinatec-150x74.jpg 150w\" sizes=\"auto, (max-width: 222px) 100vw, 222px\" \/>Le centre de recherche biom\u00e9dicale CEA-CHU d\u00e9di\u00e9 aux applications des micronanotechnologies \u00e0 la m\u00e9decine, pour le diagnostic et la th\u00e9rapie, hors enceinte hospitali\u00e8re puisqu&rsquo;install\u00e9 sur le polygone scientifique, va bient\u00f4t voir ses travaux d\u00e9buter au deuxi\u00e8me semestre 2010, ils devraient durer environ 1 an.<\/p>\n<p>CLINATEC, ce sera 3300 m2. Voici une vue d\u2019artiste qui donnerait envie de se faire tripoter le cerveau dans l\u2019enceinte du CEA et non du CHU\u00a0!!!<\/p>\n<p>Les \u00e9lus \u00e9cologistes ont d\u00e9pos\u00e9s un recours contre la d\u00e9lib\u00e9ration de la ville de Grenoble d\u00e9cidant d\u2019une subvention pour cette op\u00e9ration tr\u00e8s critiquable.<\/p>\n<p>Lire l&rsquo;\u00e9tude \u00ab\u00a0<a title=\"Lien permanent vers CLINATEC, la sant\u00e9 publique  class\u00e9e secret industriel\" rel=\"bookmark\" href=\"..\/2009\/09\/27\/clinatec-la-sante-publique-classee-secret-industriel\/\" target=\"_self\">CLINATEC, la sant\u00e9 publique class\u00e9e secret  industriel\u00a0\u00bb<\/a><\/p>\n","protected":false},"excerpt":{"rendered":"<p>Le centre de recherche biom\u00e9dicale CEA-CHU d\u00e9di\u00e9 aux applications des micronanotechnologies \u00e0 la m\u00e9decine, pour le diagnostic et la th\u00e9rapie, hors enceinte hospitali\u00e8re puisqu&rsquo;install\u00e9 sur le polygone scientifique, va bient\u00f4t voir ses travaux d\u00e9buter au deuxi\u00e8me semestre 2010, ils devraient durer environ 1 an. CLINATEC, ce sera 3300 m2. Voici une vue d\u2019artiste qui donnerait [&hellip;]<\/p>\n","protected":false},"author":1,"featured_media":0,"comment_status":"open","ping_status":"open","sticky":false,"template":"","format":"standard","meta":{"twitterCardType":"","cardImageID":0,"cardImage":"","cardTitle":"","cardDesc":"","cardImageAlt":"","cardPlayer":"","cardPlayerWidth":0,"cardPlayerHeight":0,"cardPlayerStream":"","cardPlayerCodec":"","footnotes":""},"categories":[10,62],"tags":[45,46],"class_list":["post-1635","post","type-post","status-publish","format-standard","hentry","category-autres-dossiers","category-le-rouge-le-vert-hebdo","tag-clinatec","tag-nanos"],"_links":{"self":[{"href":"https:\/\/www.ades-grenoble.org\/wordpress\/wp-json\/wp\/v2\/posts\/1635","targetHints":{"allow":["GET"]}}],"collection":[{"href":"https:\/\/www.ades-grenoble.org\/wordpress\/wp-json\/wp\/v2\/posts"}],"about":[{"href":"https:\/\/www.ades-grenoble.org\/wordpress\/wp-json\/wp\/v2\/types\/post"}],"author":[{"embeddable":true,"href":"https:\/\/www.ades-grenoble.org\/wordpress\/wp-json\/wp\/v2\/users\/1"}],"replies":[{"embeddable":true,"href":"https:\/\/www.ades-grenoble.org\/wordpress\/wp-json\/wp\/v2\/comments?post=1635"}],"version-history":[{"count":6,"href":"https:\/\/www.ades-grenoble.org\/wordpress\/wp-json\/wp\/v2\/posts\/1635\/revisions"}],"predecessor-version":[{"id":1668,"href":"https:\/\/www.ades-grenoble.org\/wordpress\/wp-json\/wp\/v2\/posts\/1635\/revisions\/1668"}],"wp:attachment":[{"href":"https:\/\/www.ades-grenoble.org\/wordpress\/wp-json\/wp\/v2\/media?parent=1635"}],"wp:term":[{"taxonomy":"category","embeddable":true,"href":"https:\/\/www.ades-grenoble.org\/wordpress\/wp-json\/wp\/v2\/categories?post=1635"},{"taxonomy":"post_tag","embeddable":true,"href":"https:\/\/www.ades-grenoble.org\/wordpress\/wp-json\/wp\/v2\/tags?post=1635"}],"curies":[{"name":"wp","href":"https:\/\/api.w.org\/{rel}","templated":true}]}}