{"id":16350,"date":"2019-10-18T14:46:52","date_gmt":"2019-10-18T12:46:52","guid":{"rendered":"http:\/\/www.ades-grenoble.org\/wordpress\/?p=16350"},"modified":"2019-10-18T17:15:02","modified_gmt":"2019-10-18T15:15:02","slug":"gratuite-de-lenseignement-superieur-reaffirmee-par-le-conseil-constitutionnel","status":"publish","type":"post","link":"https:\/\/www.ades-grenoble.org\/wordpress\/2019\/10\/18\/gratuite-de-lenseignement-superieur-reaffirmee-par-le-conseil-constitutionnel\/","title":{"rendered":"Gratuit\u00e9 de l\u2019enseignement sup\u00e9rieur r\u00e9affirm\u00e9e par le conseil Constitutionnel"},"content":{"rendered":"\n<div class=\"wp-block-image\"><figure class=\"alignleft\"><img loading=\"lazy\" decoding=\"async\" width=\"250\" height=\"136\" src=\"http:\/\/www.ades-grenoble.org\/wordpress\/wp-content\/uploads\/2015\/01\/conseilconstitutionnel.jpg\" alt=\"\" class=\"wp-image-9661\" srcset=\"https:\/\/www.ades-grenoble.org\/wordpress\/wp-content\/uploads\/2015\/01\/conseilconstitutionnel.jpg 250w, https:\/\/www.ades-grenoble.org\/wordpress\/wp-content\/uploads\/2015\/01\/conseilconstitutionnel-150x82.jpg 150w\" sizes=\"auto, (max-width: 250px) 100vw, 250px\" \/><\/figure><\/div>\n\n\n\n<p>Suite \u00e0 l\u2019augmentation scandaleuse des\ndroits d\u2019inscription \u00e0 l\u2019universit\u00e9 pour les \u00e9tudiants \u00e9trangers, des\nassociations d\u2019\u00e9tudiants ont d\u00e9pos\u00e9 une QPC (question prioritaire de\nconstitutionnalit\u00e9) en estimant que cette augmentation violait le pr\u00e9ambule de\nla Constitution de 1946 qui fait partie du bloc constitutionnel.<\/p>\n\n\n\n<p>Le 11 octobre 2019, le Conseil\nconstitutionnel leur donne raison sur le fond en rappelant <em>\u00ab&nbsp;<\/em><em>que l&rsquo;exigence constitutionnelle de gratuit\u00e9 s&rsquo;applique \u00e0 l&rsquo;enseignement\nsup\u00e9rieur public. Cette exigence ne fait pas obstacle, pour ce degr\u00e9 d&rsquo;enseignement,\n\u00e0 ce que des droits d&rsquo;inscription modiques soient per\u00e7us en tenant compte, le\ncas \u00e9ch\u00e9ant, des capacit\u00e9s financi\u00e8res des \u00e9tudiants.<\/em><em>&nbsp;\u00bb<\/em><em> <\/em><\/p>\n\n\n\n<p>Voici des extraits de la d\u00e9cision du\nConseil&nbsp;:<\/p>\n\n\n<p><!--more--><\/p>\n\n\n<p><strong><em>\u00ab&nbsp;1.<\/em><\/strong><em> Le troisi\u00e8me alin\u00e9a de l&rsquo;article 48 de la loi du 24 mai\n1951 mentionn\u00e9e ci-dessus pr\u00e9voit que sont fix\u00e9s par arr\u00eat\u00e9 : \u00ab Les taux et\nmodalit\u00e9s de perception des droits d&rsquo;inscription, de scolarit\u00e9, d&rsquo;examen, de\nconcours et de dipl\u00f4me dans les \u00e9tablissements de l&rsquo;\u00c9tat \u00bb. <\/em><\/p>\n\n\n\n<p><strong><em>2.<\/em><\/strong><em> Les associations requ\u00e9rantes soutiennent que ces dispositions\nm\u00e9conna\u00eetraient le treizi\u00e8me alin\u00e9a du Pr\u00e9ambule de la Constitution de 1946.\nD&rsquo;une part, le principe de gratuit\u00e9 de l&rsquo;enseignement public, qui d\u00e9coulerait\nselon elles de cet alin\u00e9a, ferait obstacle \u00e0 la perception de droits d&rsquo;inscription\npour l&rsquo;acc\u00e8s \u00e0 l&rsquo;enseignement sup\u00e9rieur. D&rsquo;autre part, en se bornant \u00e0\nhabiliter le pouvoir r\u00e9glementaire \u00e0 fixer les taux et modalit\u00e9s des droits\nd&rsquo;inscription sans consid\u00e9ration des ressources des \u00e9tudiants, le l\u00e9gislateur\nn&rsquo;aurait pas entour\u00e9 cette habilitation de garanties suffisantes, en violation\ndu principe d&rsquo;\u00e9gal acc\u00e8s \u00e0 l&rsquo;instruction. Pour ces m\u00eames motifs, les\ndispositions renvoy\u00e9es seraient entach\u00e9es d&rsquo;incomp\u00e9tence n\u00e9gative dans des\nconditions affectant les exigences de gratuit\u00e9 de l&rsquo;enseignement public et\nd&rsquo;\u00e9gal acc\u00e8s \u00e0 l&rsquo;instruction\u2026<\/em><\/p>\n\n\n\n<p><strong><em>6.<\/em><\/strong><em> Aux termes du\ntreizi\u00e8me alin\u00e9a du Pr\u00e9ambule de la Constitution du 27 octobre 1946 : \u00ab La\nNation garantit l&rsquo;\u00e9gal acc\u00e8s \u2026 de l&rsquo;adulte \u00e0 l&rsquo;instruction \u2026 L&rsquo;organisation de\nl&rsquo;enseignement public gratuit \u2026 \u00e0 tous les degr\u00e9s est un devoir de l&rsquo;\u00c9tat \u00bb. Il\nr\u00e9sulte de la combinaison de ces dispositions <strong>que l&rsquo;exigence constitutionnelle\nde gratuit\u00e9 s&rsquo;applique \u00e0 l&rsquo;enseignement sup\u00e9rieur public. Cette exigence ne\nfait pas obstacle, pour ce degr\u00e9 d&rsquo;enseignement, \u00e0 ce que des droits\nd&rsquo;inscription modiques soient per\u00e7us en tenant compte, le cas \u00e9ch\u00e9ant, des\ncapacit\u00e9s financi\u00e8res des \u00e9tudiants. <\/strong><\/em><\/p>\n\n\n\n<p><strong><em>7.<\/em><\/strong><em> Les dispositions contest\u00e9es se limitent \u00e0 pr\u00e9voir que le pouvoir r\u00e9glementaire fixe les montants annuels des droits per\u00e7us par les \u00e9tablissements publics d&rsquo;enseignement sup\u00e9rieur et acquitt\u00e9s par les \u00e9tudiants. Il appartient aux ministres comp\u00e9tents de fixer, sous le contr\u00f4le du juge, les montants de ces droits dans le respect des exigences de gratuit\u00e9 de l&rsquo;enseignement public et d&rsquo;\u00e9gal acc\u00e8s \u00e0 l&rsquo;instruction. <\/em><a href=\"https:\/\/www.conseil-constitutionnel.fr\/decision\/2019\/2019809QPC.htm\"><\/a><\/p>\n\n\n\n<p>Pour lire la d\u00e9cision du Conseil Constitutionnel cliquer <a href=\"https:\/\/www.conseil-constitutionnel.fr\/decision\/2019\/2019809QPC.htm\" target=\"_blank\" rel=\"noreferrer noopener\" aria-label=\"ici (s\u2019ouvre dans un nouvel onglet)\">ici<\/a>.<\/p>\n","protected":false},"excerpt":{"rendered":"<p>Suite \u00e0 l\u2019augmentation scandaleuse des droits d\u2019inscription \u00e0 l\u2019universit\u00e9 pour les \u00e9tudiants \u00e9trangers, des associations d\u2019\u00e9tudiants ont d\u00e9pos\u00e9 une QPC (question prioritaire de constitutionnalit\u00e9) en estimant que cette augmentation violait le pr\u00e9ambule de la Constitution de 1946 qui fait partie du bloc constitutionnel. Le 11 octobre 2019, le Conseil constitutionnel leur donne raison sur le [&hellip;]<\/p>\n","protected":false},"author":1,"featured_media":0,"comment_status":"closed","ping_status":"open","sticky":false,"template":"","format":"standard","meta":{"twitterCardType":"","cardImageID":0,"cardImage":"","cardTitle":"","cardDesc":"","cardImageAlt":"","cardPlayer":"","cardPlayerWidth":0,"cardPlayerHeight":0,"cardPlayerStream":"","cardPlayerCodec":"","footnotes":""},"categories":[62,11],"tags":[206,69,267],"class_list":["post-16350","post","type-post","status-publish","format-standard","hentry","category-le-rouge-le-vert-hebdo","category-politique-locale","tag-droit","tag-ens-superieur-et-recherche","tag-universite"],"_links":{"self":[{"href":"https:\/\/www.ades-grenoble.org\/wordpress\/wp-json\/wp\/v2\/posts\/16350","targetHints":{"allow":["GET"]}}],"collection":[{"href":"https:\/\/www.ades-grenoble.org\/wordpress\/wp-json\/wp\/v2\/posts"}],"about":[{"href":"https:\/\/www.ades-grenoble.org\/wordpress\/wp-json\/wp\/v2\/types\/post"}],"author":[{"embeddable":true,"href":"https:\/\/www.ades-grenoble.org\/wordpress\/wp-json\/wp\/v2\/users\/1"}],"replies":[{"embeddable":true,"href":"https:\/\/www.ades-grenoble.org\/wordpress\/wp-json\/wp\/v2\/comments?post=16350"}],"version-history":[{"count":1,"href":"https:\/\/www.ades-grenoble.org\/wordpress\/wp-json\/wp\/v2\/posts\/16350\/revisions"}],"predecessor-version":[{"id":16351,"href":"https:\/\/www.ades-grenoble.org\/wordpress\/wp-json\/wp\/v2\/posts\/16350\/revisions\/16351"}],"wp:attachment":[{"href":"https:\/\/www.ades-grenoble.org\/wordpress\/wp-json\/wp\/v2\/media?parent=16350"}],"wp:term":[{"taxonomy":"category","embeddable":true,"href":"https:\/\/www.ades-grenoble.org\/wordpress\/wp-json\/wp\/v2\/categories?post=16350"},{"taxonomy":"post_tag","embeddable":true,"href":"https:\/\/www.ades-grenoble.org\/wordpress\/wp-json\/wp\/v2\/tags?post=16350"}],"curies":[{"name":"wp","href":"https:\/\/api.w.org\/{rel}","templated":true}]}}