{"id":16371,"date":"2019-10-18T17:08:49","date_gmt":"2019-10-18T15:08:49","guid":{"rendered":"http:\/\/www.ades-grenoble.org\/wordpress\/?p=16371"},"modified":"2019-10-18T17:16:26","modified_gmt":"2019-10-18T15:16:26","slug":"la-campagne-du-collectif-citoyen-grenoble-en-commun-se-developpe","status":"publish","type":"post","link":"https:\/\/www.ades-grenoble.org\/wordpress\/2019\/10\/18\/la-campagne-du-collectif-citoyen-grenoble-en-commun-se-developpe\/","title":{"rendered":"La campagne du collectif citoyen \u00ab Grenoble en commun \u00bb se d\u00e9veloppe"},"content":{"rendered":"\n<div class=\"wp-block-image\"><figure class=\"alignleft\"><img loading=\"lazy\" decoding=\"async\" width=\"400\" height=\"241\" src=\"http:\/\/www.ades-grenoble.org\/wordpress\/wp-content\/uploads\/2019\/10\/grenoble-en-commun.jpg\" alt=\"\" class=\"wp-image-16307\" srcset=\"https:\/\/www.ades-grenoble.org\/wordpress\/wp-content\/uploads\/2019\/10\/grenoble-en-commun.jpg 400w, https:\/\/www.ades-grenoble.org\/wordpress\/wp-content\/uploads\/2019\/10\/grenoble-en-commun-150x90.jpg 150w, https:\/\/www.ades-grenoble.org\/wordpress\/wp-content\/uploads\/2019\/10\/grenoble-en-commun-300x181.jpg 300w\" sizes=\"auto, (max-width: 400px) 100vw, 400px\" \/><\/figure><\/div>\n\n\n\n<p>Plus de 300 Grenoblois-es ont sign\u00e9\nl\u2019appel \u00e0 construire ensemble un projet pour l\u2019avenir de Grenoble et de la\nm\u00e9tropole dans les traces de ce qui s\u2019est fait depuis 2014 avec l\u2019\u00e9quipe d\u2019Eric\nPiolle.<\/p>\n\n\n\n<p>La premi\u00e8re r\u00e9union\nde lancement a eu lieu le 5 octobre o\u00f9 plus de 150 personnes ont d\u00e9marr\u00e9 \u00ab&nbsp;<em>la\nfabrique en ville<\/em>&nbsp;\u00bb et ont propos\u00e9 plus de 70 propositions pour\nd\u00e9buter les r\u00e9flexions sur le projet municipal et m\u00e9tropolitain illustrant les\nvaleurs contenues dans \u00ab&nbsp;<em>l\u2019appel <\/em><em>citoyen \u00e0&nbsp;construire ensemble&nbsp;l\u2019avenir de Grenoble et de la\nM\u00e9tropole&nbsp;\u00bb.<\/em><\/p>\n\n\n\n<p>Un \u00ab&nbsp;ap\u00e9ro philo&nbsp;\u00bb\nsur le th\u00e8me \u00ab&nbsp;la nature est-elle de gauche&nbsp;?&nbsp;\u00bb s\u2018est d\u00e9roul\u00e9 le\n15 octobre. Entre 12 h et 14 h le mercredi 16 octobre une r\u00e9union publique a de\nnouveau aliment\u00e9 les propositions pour le projet. <\/p>\n\n\n<p><!--more--><\/p>\n\n\n<p>Le livre d\u2019Eric Piolle <em>\u00ab&nbsp;Grandir\nensemble, les Villes r\u00e9veillent l\u2019espoir&nbsp;\u00bb <\/em>est maintenant disponible\nen librairie,il n\u2019est pas un programme municipal mais une r\u00e9flexion sur\nune politique globale reliant justice sociale et environnementale et promouvant\nles biens communs qui sont malheureusement de plus en plus accapar\u00e9s par de\npuissants int\u00e9r\u00eats priv\u00e9s. <em>\u00ab&nbsp;Garder les yeux sur l\u2019essentiel. Nos\nenfants ont raison. Ils nous parlent, ils nous le disent lorsque nous les\naccompagnons. Les marches pour le climat, les cours de r\u00e9cr\u00e9, les squares\nd\u00e9bordent de cette \u00e9nergie. Les nouvelles g\u00e9n\u00e9rations apprennent \u00e0 compter ce\nqui a vraiment de la valeur. A nous d\u2019apprendre \u00e0 les \u00e9couter, pour agir. Au\nlieu de les discr\u00e9diter, de les refuser, notre responsabilit\u00e9 est de grandir et\nde les faire grandir. Le secret de la transition est l\u00e0. Ainsi nous serons \u00e0 la\nhauteur des d\u00e9fis qui nous font face. Barcelone, Grenoble, Naples, San\nFrancisco, Grande-Synthe et des centaines d\u2019autres&nbsp;: partout les villes\nqui se l\u00e8vent le prouvent, une nouvelle page est \u00e0 \u00e9crire, \u00e0 des millions de\nmains. A nous de jouer&nbsp;!&nbsp;\u00bb<\/em><\/p>\n\n\n\n<p>Pour signer l\u2019appel et participer aux diverses actions de \u00ab&nbsp;<em>Grenoble\nen commun<\/em>&nbsp;\u00bb&nbsp;: <a href=\"https:\/\/www.grenobleencommun.fr\/\">https:\/\/www.grenobleencommun.fr\/<\/a><\/p>\n","protected":false},"excerpt":{"rendered":"<p>Plus de 300 Grenoblois-es ont sign\u00e9 l\u2019appel \u00e0 construire ensemble un projet pour l\u2019avenir de Grenoble et de la m\u00e9tropole dans les traces de ce qui s\u2019est fait depuis 2014 avec l\u2019\u00e9quipe d\u2019Eric Piolle. La premi\u00e8re r\u00e9union de lancement a eu lieu le 5 octobre o\u00f9 plus de 150 personnes ont d\u00e9marr\u00e9 \u00ab&nbsp;la fabrique en [&hellip;]<\/p>\n","protected":false},"author":1,"featured_media":0,"comment_status":"closed","ping_status":"open","sticky":false,"template":"","format":"standard","meta":{"twitterCardType":"","cardImageID":0,"cardImage":"","cardTitle":"","cardDesc":"","cardImageAlt":"","cardPlayer":"","cardPlayerWidth":0,"cardPlayerHeight":0,"cardPlayerStream":"","cardPlayerCodec":"","footnotes":""},"categories":[62,11],"tags":[333,327],"class_list":["post-16371","post","type-post","status-publish","format-standard","hentry","category-le-rouge-le-vert-hebdo","category-politique-locale","tag-grenoble-en-commun","tag-municipales-2020"],"_links":{"self":[{"href":"https:\/\/www.ades-grenoble.org\/wordpress\/wp-json\/wp\/v2\/posts\/16371","targetHints":{"allow":["GET"]}}],"collection":[{"href":"https:\/\/www.ades-grenoble.org\/wordpress\/wp-json\/wp\/v2\/posts"}],"about":[{"href":"https:\/\/www.ades-grenoble.org\/wordpress\/wp-json\/wp\/v2\/types\/post"}],"author":[{"embeddable":true,"href":"https:\/\/www.ades-grenoble.org\/wordpress\/wp-json\/wp\/v2\/users\/1"}],"replies":[{"embeddable":true,"href":"https:\/\/www.ades-grenoble.org\/wordpress\/wp-json\/wp\/v2\/comments?post=16371"}],"version-history":[{"count":1,"href":"https:\/\/www.ades-grenoble.org\/wordpress\/wp-json\/wp\/v2\/posts\/16371\/revisions"}],"predecessor-version":[{"id":16372,"href":"https:\/\/www.ades-grenoble.org\/wordpress\/wp-json\/wp\/v2\/posts\/16371\/revisions\/16372"}],"wp:attachment":[{"href":"https:\/\/www.ades-grenoble.org\/wordpress\/wp-json\/wp\/v2\/media?parent=16371"}],"wp:term":[{"taxonomy":"category","embeddable":true,"href":"https:\/\/www.ades-grenoble.org\/wordpress\/wp-json\/wp\/v2\/categories?post=16371"},{"taxonomy":"post_tag","embeddable":true,"href":"https:\/\/www.ades-grenoble.org\/wordpress\/wp-json\/wp\/v2\/tags?post=16371"}],"curies":[{"name":"wp","href":"https:\/\/api.w.org\/{rel}","templated":true}]}}