{"id":16373,"date":"2019-10-18T17:14:03","date_gmt":"2019-10-18T15:14:03","guid":{"rendered":"http:\/\/www.ades-grenoble.org\/wordpress\/?p=16373"},"modified":"2019-10-18T17:16:29","modified_gmt":"2019-10-18T15:16:29","slug":"agenda-136","status":"publish","type":"post","link":"https:\/\/www.ades-grenoble.org\/wordpress\/2019\/10\/18\/agenda-136\/","title":{"rendered":"Agenda"},"content":{"rendered":"\n<div class=\"wp-block-image\"><figure class=\"alignleft\"><img loading=\"lazy\" decoding=\"async\" width=\"400\" height=\"225\" src=\"http:\/\/www.ades-grenoble.org\/wordpress\/wp-content\/uploads\/2019\/10\/mobilisation-grenoble-gap.jpg\" alt=\"\" class=\"wp-image-16375\" srcset=\"https:\/\/www.ades-grenoble.org\/wordpress\/wp-content\/uploads\/2019\/10\/mobilisation-grenoble-gap.jpg 400w, https:\/\/www.ades-grenoble.org\/wordpress\/wp-content\/uploads\/2019\/10\/mobilisation-grenoble-gap-150x84.jpg 150w, https:\/\/www.ades-grenoble.org\/wordpress\/wp-content\/uploads\/2019\/10\/mobilisation-grenoble-gap-300x169.jpg 300w\" sizes=\"auto, (max-width: 400px) 100vw, 400px\" \/><\/figure><\/div>\n\n\n\n<p><strong>Mardi 22 octobre \u00e0 9h30 devant\nla pr\u00e9fecture de l\u2019Is\u00e8re<\/strong>, rassemblement pour demander\nle lancement d\u00e8s 2020 des travaux sur la ligne SNCF Grenoble-Gap, au comit\u00e9 de\npilotage qui se r\u00e9unit \u00e0 10 h \u00e0 la pr\u00e9fecture. <\/p>\n\n\n<hr>\n\n\n<p><strong>Jeudi 24 octobre \u00e0 12h30 rassemblement devant la gare <\/strong>puis manifestation jusqu\u2019au tribunal (arriv\u00e9e vers 13h45) pour soutenir les solidaires de Brian\u00e7on qui passent en appel pour avoir port\u00e9 assistance \u00e0 des migrants.<\/p>\n\n\n<hr>\n\n\n<p><strong>Jeudi 24 octobre \u00e0 18h,\n\u00ab&nbsp;Les Alg\u00e9riens de Grenoble&nbsp;\u00bb <\/strong>invitent \u00e0 une conf\u00e9rence \u00ab&nbsp;Alg\u00e9rie&nbsp;: de\nl\u2019Ind\u00e9pendance \u00e0 la Libert\u00e9&nbsp;\u00bb avec Ahmed Dahmani salle AMAL 57, avenue\nMar\u00e9chal Randon.<\/p>\n","protected":false},"excerpt":{"rendered":"<p>Mardi 22 octobre \u00e0 9h30 devant la pr\u00e9fecture de l\u2019Is\u00e8re, rassemblement pour demander le lancement d\u00e8s 2020 des travaux sur la ligne SNCF Grenoble-Gap, au comit\u00e9 de pilotage qui se r\u00e9unit \u00e0 10 h \u00e0 la pr\u00e9fecture. Jeudi 24 octobre \u00e0 12h30 rassemblement devant la gare puis manifestation jusqu\u2019au tribunal (arriv\u00e9e vers 13h45) pour soutenir [&hellip;]<\/p>\n","protected":false},"author":1,"featured_media":0,"comment_status":"closed","ping_status":"open","sticky":false,"template":"","format":"standard","meta":{"twitterCardType":"","cardImageID":0,"cardImage":"","cardTitle":"","cardDesc":"","cardImageAlt":"","cardPlayer":"","cardPlayerWidth":0,"cardPlayerHeight":0,"cardPlayerStream":"","cardPlayerCodec":"","footnotes":""},"categories":[62,11],"tags":[125],"class_list":["post-16373","post","type-post","status-publish","format-standard","hentry","category-le-rouge-le-vert-hebdo","category-politique-locale","tag-agenda"],"_links":{"self":[{"href":"https:\/\/www.ades-grenoble.org\/wordpress\/wp-json\/wp\/v2\/posts\/16373","targetHints":{"allow":["GET"]}}],"collection":[{"href":"https:\/\/www.ades-grenoble.org\/wordpress\/wp-json\/wp\/v2\/posts"}],"about":[{"href":"https:\/\/www.ades-grenoble.org\/wordpress\/wp-json\/wp\/v2\/types\/post"}],"author":[{"embeddable":true,"href":"https:\/\/www.ades-grenoble.org\/wordpress\/wp-json\/wp\/v2\/users\/1"}],"replies":[{"embeddable":true,"href":"https:\/\/www.ades-grenoble.org\/wordpress\/wp-json\/wp\/v2\/comments?post=16373"}],"version-history":[{"count":2,"href":"https:\/\/www.ades-grenoble.org\/wordpress\/wp-json\/wp\/v2\/posts\/16373\/revisions"}],"predecessor-version":[{"id":16376,"href":"https:\/\/www.ades-grenoble.org\/wordpress\/wp-json\/wp\/v2\/posts\/16373\/revisions\/16376"}],"wp:attachment":[{"href":"https:\/\/www.ades-grenoble.org\/wordpress\/wp-json\/wp\/v2\/media?parent=16373"}],"wp:term":[{"taxonomy":"category","embeddable":true,"href":"https:\/\/www.ades-grenoble.org\/wordpress\/wp-json\/wp\/v2\/categories?post=16373"},{"taxonomy":"post_tag","embeddable":true,"href":"https:\/\/www.ades-grenoble.org\/wordpress\/wp-json\/wp\/v2\/tags?post=16373"}],"curies":[{"name":"wp","href":"https:\/\/api.w.org\/{rel}","templated":true}]}}