{"id":16401,"date":"2019-10-25T12:10:23","date_gmt":"2019-10-25T10:10:23","guid":{"rendered":"http:\/\/www.ades-grenoble.org\/wordpress\/?p=16401"},"modified":"2019-10-25T13:08:48","modified_gmt":"2019-10-25T11:08:48","slug":"non-a-labattage-des-arbres-par-edf-le-long-de-lisere","status":"publish","type":"post","link":"https:\/\/www.ades-grenoble.org\/wordpress\/2019\/10\/25\/non-a-labattage-des-arbres-par-edf-le-long-de-lisere\/","title":{"rendered":"Non \u00e0 l&rsquo;abattage des arbres par EDF le long de l&rsquo;Is\u00e8re"},"content":{"rendered":"\n<div class=\"wp-block-image\"><figure class=\"alignleft\"><img loading=\"lazy\" decoding=\"async\" width=\"400\" height=\"225\" src=\"http:\/\/www.ades-grenoble.org\/wordpress\/wp-content\/uploads\/2019\/10\/berges-isere.jpg\" alt=\"\" class=\"wp-image-16402\" srcset=\"https:\/\/www.ades-grenoble.org\/wordpress\/wp-content\/uploads\/2019\/10\/berges-isere.jpg 400w, https:\/\/www.ades-grenoble.org\/wordpress\/wp-content\/uploads\/2019\/10\/berges-isere-150x84.jpg 150w, https:\/\/www.ades-grenoble.org\/wordpress\/wp-content\/uploads\/2019\/10\/berges-isere-300x169.jpg 300w\" sizes=\"auto, (max-width: 400px) 100vw, 400px\" \/><\/figure><\/div>\n\n\n\n<p>Apr\u00e8s la protestation de la FRAPNA, le maire de Grenoble monte au cr\u00e9neau et adresse, le 24 octobre une lettre au directeur local d&rsquo;EDF, dont voici les principaux extraits :<\/p>\n\n\n\n<p><strong>\u00ab<\/strong>N<em>ous avons \u00e9t\u00e9 r\u00e9cemment \u00e9t\u00e9 inform\u00e9s qu&rsquo;EDF pr\u00e9voyait prochainement de proc\u00e9der \u00e0 la coupe s\u00e8che et massive de plusieurs centaines d&rsquo;arbres sur l&rsquo;agglom\u00e9ration grenobloise dans le cadre de sa politique de gestion des digues de l&rsquo;Is\u00e8re. <\/em><\/p>\n\n\n\n<p><em>A Grenoble, plusieurs dizaines d&rsquo;arbres seraient concern\u00e9s sur les rives de l&rsquo;Is\u00e8re au sein du quartier de la Presqu&rsquo;\u00eele. Ces arbres sont situ\u00e9s de part et d&rsquo;autre d&rsquo;une promenade pi\u00e9tonne et d&rsquo;une piste cyclable tr\u00e8s utilis\u00e9es par les cyclistes, promeneurs, habitants du quartier et employ\u00e9s de la Presqu&rsquo;\u00eele. Ils lui apportent ombrage, fraicheur et participent \u00e0 un cadre de vie et de travail vertueux et agr\u00e9able sur ce secteur. <\/em><\/p>\n\n\n<p><!--more--><\/p>\n\n\n<p><em>Le r\u00e9chauffement climatique qui se fait d\u00e9j\u00e0 sentir \u00e0 Grenoble et qui s&rsquo;accentuera fortement &#8211;au cours des prochaines ann\u00e9es est un enjeu majeur pour notre bassin de vie. Grenoble et la M\u00e9tropole concentrent donc tous leurs efforts pour lutter contre les ilots de chaleur, accentuer la v\u00e9g\u00e9talisation partout o\u00f9 cela est possible, mettre en oeuvre un plan massif de plantations dans les parcs et espaces publics (plan 5000 arbres \u00e0 Grenoble 2014- 2020 et 15000 arbres d&rsquo;ici 2030). L&rsquo;arbre en ville a la triple vertu de contribuer \u00e0 une ville plus fraiche et ombrag\u00e9e, d&rsquo;\u00eatre favorable \u00e0 la pr\u00e9servation et au d\u00e9veloppement de la biodiversit\u00e9 et de capter et stocker efficacement le carbone. <\/em><\/p>\n\n\n\n<p><em>Si nous avons bien conscience des obligations d&rsquo;EDF quant \u00e0 la s\u00e9curisation des digues et \u00e0 la limitation des arbres morts qui pourraient cr\u00e9er d&rsquo;importants emb\u00e2cles, nous devons vous faire part de notre plus grande pr\u00e9occupation quant \u00e0 ce plan de coupe massif et en contradiction avec les enjeux pr\u00e9cit\u00e9s. <\/em><\/p>\n\n\n\n<p><em>Nous souhaitons donc que nous soient communiqu\u00e9es tr\u00e8s rapidement un certain nombre d&rsquo;informations et de garanties. <\/em><\/p>\n\n\n\n<p><em>La politique d&rsquo;abattage quasi syst\u00e9matique des arbres que vous envisagez, quels que soient l&rsquo;\u00e9tat de sant\u00e9 et la vertu des sujets concern\u00e9s, ne peut \u00eatre accept\u00e9e en l&rsquo;\u00e9tat. Nous vous remercions donc de bien vouloir nous indiquer comment et pourquoi les arbres cibl\u00e9s l&rsquo;ont \u00e9t\u00e9 et de nous faire parvenir toute \u00e9tude ou diagnostic men\u00e9 sur ce patrimoine arbor\u00e9 qui justifierait la n\u00e9cessit\u00e9 de proc\u00e9der \u00e0 ces coupes. La position de la Ville de Grenoble est que seuls les arbres pr\u00e9sentant un danger imm\u00e9diat pour la s\u00e9curit\u00e9 des digues doivent \u00eatre trait\u00e9s. <\/em><\/p>\n\n\n\n<p><em>Tout doit \u00eatre fait pour pr\u00e9server les autres sujets.<br> En cas de traitement qui se r\u00e9v\u00e8lerait obligatoire pour des raisons de s\u00e9curit\u00e9, un processus de compensation et de densification du couvert v\u00e9g\u00e9tal devra \u00eatre mis en place sur la commune de Grenoble. La soci\u00e9t\u00e9 AREA a par exemple, apr\u00e8s n\u00e9gociations, accept\u00e9 de replanter pr\u00e8s de 50 000 baliveaux pour compenser les coupes induites par le projet de r\u00e9am\u00e9nagement de l&rsquo;A480. Cette densification s&rsquo;op\u00e8rera d&rsquo;ailleurs au sein du talus de la digue du Drac, dans un contexte similaire \u00e0 celui de votre projet sur les digues de l&rsquo;Is\u00e8re. Nous vous demandons donc de bien vouloir nous proposer un plan de compensation et de densification pr\u00e9vu pour les arbres qui devraient obligatoirement \u00eatre abattus pour raison de s\u00e9curit\u00e9. Ces replantations devront \u00eatre r\u00e9alis\u00e9es par vos soins in situ ou \u00e0 proximit\u00e9 imm\u00e9diate du lieu de coupe. Les \u00e9quipes de la Ville et de l&rsquo;am\u00e9nageur Innovia se tiennent \u00e0 votre disposition pour travailler en bonne intelligence sur ce sujet. <\/em><strong>\u00bb<\/strong><\/p>\n\n\n\n<p><br><\/p>\n","protected":false},"excerpt":{"rendered":"<p>Apr\u00e8s la protestation de la FRAPNA, le maire de Grenoble monte au cr\u00e9neau et adresse, le 24 octobre une lettre au directeur local d&rsquo;EDF, dont voici les principaux extraits : \u00abNous avons \u00e9t\u00e9 r\u00e9cemment \u00e9t\u00e9 inform\u00e9s qu&rsquo;EDF pr\u00e9voyait prochainement de proc\u00e9der \u00e0 la coupe s\u00e8che et massive de plusieurs centaines d&rsquo;arbres sur l&rsquo;agglom\u00e9ration grenobloise dans [&hellip;]<\/p>\n","protected":false},"author":1,"featured_media":0,"comment_status":"closed","ping_status":"open","sticky":false,"template":"","format":"standard","meta":{"twitterCardType":"","cardImageID":0,"cardImage":"","cardTitle":"","cardDesc":"","cardImageAlt":"","cardPlayer":"","cardPlayerWidth":0,"cardPlayerHeight":0,"cardPlayerStream":"","cardPlayerCodec":"","footnotes":""},"categories":[62,11],"tags":[223,242,315,175,215,252],"class_list":["post-16401","post","type-post","status-publish","format-standard","hentry","category-le-rouge-le-vert-hebdo","category-politique-locale","tag-climat","tag-developpement-durable","tag-edf","tag-environnement","tag-grenoble","tag-maire"],"_links":{"self":[{"href":"https:\/\/www.ades-grenoble.org\/wordpress\/wp-json\/wp\/v2\/posts\/16401","targetHints":{"allow":["GET"]}}],"collection":[{"href":"https:\/\/www.ades-grenoble.org\/wordpress\/wp-json\/wp\/v2\/posts"}],"about":[{"href":"https:\/\/www.ades-grenoble.org\/wordpress\/wp-json\/wp\/v2\/types\/post"}],"author":[{"embeddable":true,"href":"https:\/\/www.ades-grenoble.org\/wordpress\/wp-json\/wp\/v2\/users\/1"}],"replies":[{"embeddable":true,"href":"https:\/\/www.ades-grenoble.org\/wordpress\/wp-json\/wp\/v2\/comments?post=16401"}],"version-history":[{"count":1,"href":"https:\/\/www.ades-grenoble.org\/wordpress\/wp-json\/wp\/v2\/posts\/16401\/revisions"}],"predecessor-version":[{"id":16403,"href":"https:\/\/www.ades-grenoble.org\/wordpress\/wp-json\/wp\/v2\/posts\/16401\/revisions\/16403"}],"wp:attachment":[{"href":"https:\/\/www.ades-grenoble.org\/wordpress\/wp-json\/wp\/v2\/media?parent=16401"}],"wp:term":[{"taxonomy":"category","embeddable":true,"href":"https:\/\/www.ades-grenoble.org\/wordpress\/wp-json\/wp\/v2\/categories?post=16401"},{"taxonomy":"post_tag","embeddable":true,"href":"https:\/\/www.ades-grenoble.org\/wordpress\/wp-json\/wp\/v2\/tags?post=16401"}],"curies":[{"name":"wp","href":"https:\/\/api.w.org\/{rel}","templated":true}]}}