{"id":16407,"date":"2019-11-01T14:15:42","date_gmt":"2019-11-01T13:15:42","guid":{"rendered":"http:\/\/www.ades-grenoble.org\/wordpress\/?p=16407"},"modified":"2019-11-01T15:17:34","modified_gmt":"2019-11-01T14:17:34","slug":"un-guide-concernant-la-publication-en-ligne-des-donnees-publiques","status":"publish","type":"post","link":"https:\/\/www.ades-grenoble.org\/wordpress\/2019\/11\/01\/un-guide-concernant-la-publication-en-ligne-des-donnees-publiques\/","title":{"rendered":"Un guide concernant la publication en ligne des donn\u00e9es publiques"},"content":{"rendered":"\n<div class=\"wp-block-image\"><figure class=\"alignleft\"><img loading=\"lazy\" decoding=\"async\" width=\"439\" height=\"79\" src=\"http:\/\/www.ades-grenoble.org\/wordpress\/wp-content\/uploads\/2018\/11\/CADA.jpg\" alt=\"\" class=\"wp-image-15097\" srcset=\"https:\/\/www.ades-grenoble.org\/wordpress\/wp-content\/uploads\/2018\/11\/CADA.jpg 439w, https:\/\/www.ades-grenoble.org\/wordpress\/wp-content\/uploads\/2018\/11\/CADA-150x27.jpg 150w, https:\/\/www.ades-grenoble.org\/wordpress\/wp-content\/uploads\/2018\/11\/CADA-300x54.jpg 300w\" sizes=\"auto, (max-width: 439px) 100vw, 439px\" \/><\/figure><\/div>\n\n\n\n<p>La CNIL (Commission nationale informatique et\nlibert\u00e9s) en partenariat avec la CADA (Commission d\u2019acc\u00e8s aux documents\nadministratifs) a \u00e9dit\u00e9 un <em>\u00ab&nbsp;Guide pratique de la publication en ligne\net de la r\u00e9utilisation des donn\u00e9es publiques (\u00ab open data \u00bb)&nbsp;\u00bb<\/em><\/p>\n\n\n\n<p><em>\u00ab&nbsp;Les\nr\u00e8gles relatives au droit d\u2019acc\u00e8s aux documents administratifs, qui comprend\ndes obligations de communication et de diffusion publique pour les administrations,\nimpliquent notamment la mise en ligne des documents. En effet, avec l\u2019adoption\nde la loi pour une R\u00e9publique num\u00e9rique du 7 octobre 2016, l\u2019objectif de transparence,\nqui a pr\u00e9sid\u00e9 \u00e0 l\u2019adoption de la loi du 17 juillet 1978, consacre d\u00e9sormais le\npassage d\u2019une logique de communication ponctuelle des documents administratifs,\n\u00e0 une logique d\u2019ouverture par d\u00e9faut des informations d\u00e9tenues par les\nadministrations, afin d\u2019en permettre l\u2019exploitation et la valorisation par les\nb\u00e9n\u00e9ficiaires du droit d\u2019acc\u00e8s. <\/em><\/p>\n\n\n<p><!--more--><\/p>\n\n\n<p><em>Le pr\u00e9sent guide porte exclusivement sur les modalit\u00e9s de mise en ligne et de r\u00e9utilisation des documents administratifs et donn\u00e9es publiques relevant d\u2019une logique de droit d\u2019acc\u00e8s.\u00a0 Commun\u00e9ment qualifi\u00e9es sous l\u2019appellation g\u00e9n\u00e9rique anglaise d\u2019\u00ab open data \u00bb, ces modalit\u00e9s visent des donn\u00e9es librement accessibles, mises \u00e0 disposition dans un format ouvert et r\u00e9utilisable par toute personne. \u00bb<\/em><\/p>\n\n\n\n<p>Pour t\u00e9l\u00e9charger le guide, cliquer <a rel=\"noreferrer noopener\" aria-label=\"ici (s\u2019ouvre dans un nouvel onglet)\" href=\"https:\/\/www.cnil.fr\/sites\/default\/files\/atoms\/files\/guide-open-data.pdf\" target=\"_blank\">ici<\/a>.<\/p>\n","protected":false},"excerpt":{"rendered":"<p>La CNIL (Commission nationale informatique et libert\u00e9s) en partenariat avec la CADA (Commission d\u2019acc\u00e8s aux documents administratifs) a \u00e9dit\u00e9 un \u00ab&nbsp;Guide pratique de la publication en ligne et de la r\u00e9utilisation des donn\u00e9es publiques (\u00ab open data \u00bb)&nbsp;\u00bb \u00ab&nbsp;Les r\u00e8gles relatives au droit d\u2019acc\u00e8s aux documents administratifs, qui comprend des obligations de communication et de [&hellip;]<\/p>\n","protected":false},"author":1,"featured_media":0,"comment_status":"closed","ping_status":"open","sticky":false,"template":"","format":"standard","meta":{"twitterCardType":"","cardImageID":0,"cardImage":"","cardTitle":"","cardDesc":"","cardImageAlt":"","cardPlayer":"","cardPlayerWidth":0,"cardPlayerHeight":0,"cardPlayerStream":"","cardPlayerCodec":"","footnotes":""},"categories":[62,11],"tags":[311,279,44],"class_list":["post-16407","post","type-post","status-publish","format-standard","hentry","category-le-rouge-le-vert-hebdo","category-politique-locale","tag-donnees","tag-libertes","tag-services-publics"],"_links":{"self":[{"href":"https:\/\/www.ades-grenoble.org\/wordpress\/wp-json\/wp\/v2\/posts\/16407","targetHints":{"allow":["GET"]}}],"collection":[{"href":"https:\/\/www.ades-grenoble.org\/wordpress\/wp-json\/wp\/v2\/posts"}],"about":[{"href":"https:\/\/www.ades-grenoble.org\/wordpress\/wp-json\/wp\/v2\/types\/post"}],"author":[{"embeddable":true,"href":"https:\/\/www.ades-grenoble.org\/wordpress\/wp-json\/wp\/v2\/users\/1"}],"replies":[{"embeddable":true,"href":"https:\/\/www.ades-grenoble.org\/wordpress\/wp-json\/wp\/v2\/comments?post=16407"}],"version-history":[{"count":1,"href":"https:\/\/www.ades-grenoble.org\/wordpress\/wp-json\/wp\/v2\/posts\/16407\/revisions"}],"predecessor-version":[{"id":16408,"href":"https:\/\/www.ades-grenoble.org\/wordpress\/wp-json\/wp\/v2\/posts\/16407\/revisions\/16408"}],"wp:attachment":[{"href":"https:\/\/www.ades-grenoble.org\/wordpress\/wp-json\/wp\/v2\/media?parent=16407"}],"wp:term":[{"taxonomy":"category","embeddable":true,"href":"https:\/\/www.ades-grenoble.org\/wordpress\/wp-json\/wp\/v2\/categories?post=16407"},{"taxonomy":"post_tag","embeddable":true,"href":"https:\/\/www.ades-grenoble.org\/wordpress\/wp-json\/wp\/v2\/tags?post=16407"}],"curies":[{"name":"wp","href":"https:\/\/api.w.org\/{rel}","templated":true}]}}