{"id":16422,"date":"2019-11-01T14:52:48","date_gmt":"2019-11-01T13:52:48","guid":{"rendered":"http:\/\/www.ades-grenoble.org\/wordpress\/?p=16422"},"modified":"2019-11-01T15:32:04","modified_gmt":"2019-11-01T14:32:04","slug":"la-politique-gouvernementale-accentue-la-pauvrete","status":"publish","type":"post","link":"https:\/\/www.ades-grenoble.org\/wordpress\/2019\/11\/01\/la-politique-gouvernementale-accentue-la-pauvrete\/","title":{"rendered":"La politique gouvernementale accentue la pauvret\u00e9"},"content":{"rendered":"\n<div class=\"wp-block-image\"><figure class=\"alignleft\"><img loading=\"lazy\" decoding=\"async\" width=\"400\" height=\"265\" src=\"http:\/\/www.ades-grenoble.org\/wordpress\/wp-content\/uploads\/2017\/10\/matignon.jpg\" alt=\"\" class=\"wp-image-13511\" srcset=\"https:\/\/www.ades-grenoble.org\/wordpress\/wp-content\/uploads\/2017\/10\/matignon.jpg 400w, https:\/\/www.ades-grenoble.org\/wordpress\/wp-content\/uploads\/2017\/10\/matignon-150x99.jpg 150w, https:\/\/www.ades-grenoble.org\/wordpress\/wp-content\/uploads\/2017\/10\/matignon-300x199.jpg 300w\" sizes=\"auto, (max-width: 400px) 100vw, 400px\" \/><\/figure><\/div>\n\n\n\n<p>D\u2019un cot\u00e9 il y a de beaux discours du d\u00e9l\u00e9gu\u00e9\ninterminist\u00e9riel O. Noblecourt et de l\u2019autre les actes pr\u00e9cis du gouvernement\nqui vont accentuer la pauvret\u00e9.<\/p>\n\n\n\n<p>Le ministre de l\u2019\u00e9ducation a d\u00e9cid\u00e9 de r\u00e9duire de moiti\u00e9 les fonds sociaux pr\u00e9vus pour les familles pauvres. La justification est que ces cr\u00e9dits ne sont pas enti\u00e8rement d\u00e9pens\u00e9s\u00a0! Mais ceci provient du fait que de nombreux parents ignorent cette existence. Quand l\u2019administration ne se mobilise pas au maximum sur ces acc\u00e8s aux droits, de nombreux m\u00e9nages passent \u00e0 c\u00f4t\u00e9 d\u2019aides pourtant indispensables en particulier pour payer la cantine.Autre acte inacceptable, ce que le gouvernement fait aux ch\u00f4meurs\u00a0: La r\u00e9forme des r\u00e8gles de l\u2019assurance-ch\u00f4mage, d\u2019une ampleur in\u00e9gal\u00e9e, commencera \u00e0 entrer en vigueur le 1<sup>er<\/sup> novembre, avant de fonctionner \u00e0 plein \u00e0 partir du printemps. <em>\u00ab\u00a0On va passer d\u2019un syst\u00e8me d\u2019indemnisation ch\u00f4mage \u00e0 un syst\u00e8me d\u2019accroissement de la pauvret\u00e9\u00a0\u00bb<\/em>, d\u00e9nonce la CFDT. Simulations \u00e0 l\u2019appui, Mediapart en d\u00e9taille les cons\u00e9quences catastrophiques pour les ch\u00f4meurs :l<\/p>\n\n\n<p><!--more--><\/p>\n\n\n<p><em>\u00ab&nbsp;Le prix \u00e0 payer pour les demandeurs d\u2019emploi, et en particulier\nles plus pr\u00e9caires d\u2019entre eux, sera colossal&nbsp;: les nouvelles r\u00e8gles\npermettront d\u2019\u00e9conomiser plus d\u2019un milliard d&rsquo;euros d\u00e8s 2020, puis\n2,2&nbsp;milliards en 2021 et 2,5&nbsp;milliards en 2022. Une somme nettement\nplus \u00e9lev\u00e9e que ce qu\u2019avait laiss\u00e9 entendre en 2018 le gouvernement, qui\ncomptait sur 1,3&nbsp;milliard d\u2019\u00e9conomies annuelles en moyenne.<\/em><\/p>\n\n\n\n<p><em>\u00ab&nbsp;Une tuerie&nbsp;\u00bb, a r\u00e9sum\u00e9 le dirigeant de la CFDT Laurent\nBerger, pourtant habitu\u00e9 \u00e0 mesurer ses critiques envers l\u2019ex\u00e9cutif. \u00ab&nbsp;On\nva passer d\u2019un syst\u00e8me d\u2019indemnisation ch\u00f4mage \u00e0 un syst\u00e8me d\u2019accroissement de\nla pauvret\u00e9&nbsp;\u00bb, insiste-t-il.&nbsp;\u00bb<\/em><\/p>\n\n\n\n<p>A lire sur M\u00e9diapart <a href=\"https:\/\/www.mediapart.fr\/journal\/france\/291019\/enfants-pauvres-blanquer-reduit-de-moitie-les-fonds-sociaux\" target=\"_blank\" rel=\"noreferrer noopener\" aria-label=\"ici (s\u2019ouvre dans un nouvel onglet)\">ici<\/a> et <a rel=\"noreferrer noopener\" aria-label=\"ici (s\u2019ouvre dans un nouvel onglet)\" href=\"https:\/\/www.mediapart.fr\/journal\/economie\/281019\/ce-que-le-gouvernement-fait-aux-chomeurs\" target=\"_blank\">l\u00e0.<\/a>  <\/p>\n","protected":false},"excerpt":{"rendered":"<p>D\u2019un cot\u00e9 il y a de beaux discours du d\u00e9l\u00e9gu\u00e9 interminist\u00e9riel O. Noblecourt et de l\u2019autre les actes pr\u00e9cis du gouvernement qui vont accentuer la pauvret\u00e9. Le ministre de l\u2019\u00e9ducation a d\u00e9cid\u00e9 de r\u00e9duire de moiti\u00e9 les fonds sociaux pr\u00e9vus pour les familles pauvres. La justification est que ces cr\u00e9dits ne sont pas enti\u00e8rement d\u00e9pens\u00e9s\u00a0! [&hellip;]<\/p>\n","protected":false},"author":1,"featured_media":0,"comment_status":"closed","ping_status":"open","sticky":false,"template":"","format":"standard","meta":{"twitterCardType":"","cardImageID":0,"cardImage":"","cardTitle":"","cardDesc":"","cardImageAlt":"","cardPlayer":"","cardPlayerWidth":0,"cardPlayerHeight":0,"cardPlayerStream":"","cardPlayerCodec":"","footnotes":""},"categories":[62,11],"tags":[181],"class_list":["post-16422","post","type-post","status-publish","format-standard","hentry","category-le-rouge-le-vert-hebdo","category-politique-locale","tag-precarite"],"_links":{"self":[{"href":"https:\/\/www.ades-grenoble.org\/wordpress\/wp-json\/wp\/v2\/posts\/16422","targetHints":{"allow":["GET"]}}],"collection":[{"href":"https:\/\/www.ades-grenoble.org\/wordpress\/wp-json\/wp\/v2\/posts"}],"about":[{"href":"https:\/\/www.ades-grenoble.org\/wordpress\/wp-json\/wp\/v2\/types\/post"}],"author":[{"embeddable":true,"href":"https:\/\/www.ades-grenoble.org\/wordpress\/wp-json\/wp\/v2\/users\/1"}],"replies":[{"embeddable":true,"href":"https:\/\/www.ades-grenoble.org\/wordpress\/wp-json\/wp\/v2\/comments?post=16422"}],"version-history":[{"count":2,"href":"https:\/\/www.ades-grenoble.org\/wordpress\/wp-json\/wp\/v2\/posts\/16422\/revisions"}],"predecessor-version":[{"id":16439,"href":"https:\/\/www.ades-grenoble.org\/wordpress\/wp-json\/wp\/v2\/posts\/16422\/revisions\/16439"}],"wp:attachment":[{"href":"https:\/\/www.ades-grenoble.org\/wordpress\/wp-json\/wp\/v2\/media?parent=16422"}],"wp:term":[{"taxonomy":"category","embeddable":true,"href":"https:\/\/www.ades-grenoble.org\/wordpress\/wp-json\/wp\/v2\/categories?post=16422"},{"taxonomy":"post_tag","embeddable":true,"href":"https:\/\/www.ades-grenoble.org\/wordpress\/wp-json\/wp\/v2\/tags?post=16422"}],"curies":[{"name":"wp","href":"https:\/\/api.w.org\/{rel}","templated":true}]}}